{"id":101,"date":"2014-04-18T08:09:19","date_gmt":"2014-04-18T07:09:19","guid":{"rendered":"http:\/\/www.photovoyage.fr\/blog\/?p=101"},"modified":"2014-12-27T21:50:38","modified_gmt":"2014-12-27T20:50:38","slug":"yvoire-la-perle-du-leman","status":"publish","type":"post","link":"http:\/\/www.photovoyage.fr\/blog\/yvoire-la-perle-du-leman\/","title":{"rendered":"Yvoire : la perle du L\u00e9man"},"content":{"rendered":"<div class=\"yzp-no-index\"><\/div><p>A quelques kilom\u00e8tres de Thonon les bains, le village d&rsquo;Yvoire est l&rsquo;un des plus beaux villages de France. Au bord du L\u00e9man, ce village m\u00e9di\u00e9val jouit d&rsquo;une situation exceptionnelle. Ses rues pav\u00e9es, ses maisons typiques, &#8230;<\/p>\n<p>Il fait bon flaner ici, et contempler les bateaux qui viennent et repartent \u00a0vers la Suisse. Vous pourrez aussi d\u00e9couvrir le Jardin des 5 sens, l&rsquo;une des curiosit\u00e9s du village, avec biens\u00fbr le ch\u00e2teau.<\/p>\n<p>Dans les nombreux restaurants d&rsquo;Yvoire, vous d\u00e9gusterez la sp\u00e9cialit\u00e9 du coin : les filets de perches.<\/p>\n<p>Si vous \u00eates dans la r\u00e9gion, \u00a0ne ratez pas Yvoire&#8230;<\/p>\n<p><strong>&#8211; Village fleuri &#8211;<\/strong><a href=\"http:\/\/www.photovoyage.fr\/blog\/wp-content\/uploads\/2014\/04\/MG_0962_ret-Copier.jpg\"><img loading=\"lazy\" decoding=\"async\" class=\"alignnone wp-image-104 size-full\" src=\"http:\/\/www.photovoyage.fr\/blog\/wp-content\/uploads\/2014\/04\/MG_0962_ret-Copier.jpg\" alt=\"Fleurs d'Yvoire\" width=\"800\" height=\"533\" srcset=\"http:\/\/www.photovoyage.fr\/blog\/wp-content\/uploads\/2014\/04\/MG_0962_ret-Copier.jpg 800w, http:\/\/www.photovoyage.fr\/blog\/wp-content\/uploads\/2014\/04\/MG_0962_ret-Copier-300x199.jpg 300w\" sizes=\"auto, (max-width: 800px) 100vw, 800px\" \/><\/a><\/p>\n<p><strong>&#8211; Le chateau d&rsquo;Yvoire &#8211;<\/strong><a href=\"http:\/\/www.photovoyage.fr\/blog\/wp-content\/uploads\/2014\/04\/MG_0960ret-Copier.jpg\"><img loading=\"lazy\" decoding=\"async\" class=\"alignnone wp-image-106 size-full\" src=\"http:\/\/www.photovoyage.fr\/blog\/wp-content\/uploads\/2014\/04\/MG_0960ret-Copier.jpg\" alt=\"Chateau d'Yvoire\" width=\"800\" height=\"533\" srcset=\"http:\/\/www.photovoyage.fr\/blog\/wp-content\/uploads\/2014\/04\/MG_0960ret-Copier.jpg 800w, http:\/\/www.photovoyage.fr\/blog\/wp-content\/uploads\/2014\/04\/MG_0960ret-Copier-300x199.jpg 300w\" sizes=\"auto, (max-width: 800px) 100vw, 800px\" \/><\/a><\/p>\n","protected":false},"excerpt":{"rendered":"<p>A quelques kilom\u00e8tres de Thonon les bains, le village d&rsquo;Yvoire est l&rsquo;un des plus beaux villages de France. Au bord du L\u00e9man, ce village m\u00e9di\u00e9val jouit d&rsquo;une situation exceptionnelle. Ses rues pav\u00e9es, ses maisons typiques, &#8230; Il fait bon flaner ici, et contempler les bateaux qui viennent et repartent \u00a0vers la Suisse. Vous pourrez aussi &hellip;<\/p>\n","protected":false},"author":1,"featured_media":103,"comment_status":"open","ping_status":"open","sticky":false,"template":"","format":"standard","meta":{"ngg_post_thumbnail":0,"footnotes":""},"categories":[11],"tags":[13,12],"class_list":["post-101","post","type-post","status-publish","format-standard","has-post-thumbnail","hentry","category-escapades","tag-haute-savoie","tag-yvoire","entry entry-center"],"yoast_head":"<!-- This site is optimized with the Yoast SEO plugin v24.1 - https:\/\/yoast.com\/wordpress\/plugins\/seo\/ -->\n<title>Yvoire : la perle du L\u00e9man - photovoyage.fr<\/title>\n<meta name=\"robots\" content=\"index, follow, max-snippet:-1, max-image-preview:large, max-video-preview:-1\" \/>\n<link rel=\"canonical\" href=\"http:\/\/www.photovoyage.fr\/blog\/yvoire-la-perle-du-leman\/\" \/>\n<meta property=\"og:locale\" content=\"fr_FR\" \/>\n<meta property=\"og:type\" content=\"article\" \/>\n<meta property=\"og:title\" content=\"Yvoire : la perle du L\u00e9man - photovoyage.fr\" \/>\n<meta property=\"og:description\" content=\"A quelques kilom\u00e8tres de Thonon les bains, le village d&rsquo;Yvoire est l&rsquo;un des plus beaux villages de France. Au bord du L\u00e9man, ce village m\u00e9di\u00e9val jouit d&rsquo;une situation exceptionnelle. Ses rues pav\u00e9es, ses maisons typiques, &#8230; Il fait bon flaner ici, et contempler les bateaux qui viennent et repartent \u00a0vers la Suisse. Vous pourrez aussi &hellip;\" \/>\n<meta property=\"og:url\" content=\"http:\/\/www.photovoyage.fr\/blog\/yvoire-la-perle-du-leman\/\" \/>\n<meta property=\"og:site_name\" content=\"photovoyage.fr\" \/>\n<meta property=\"article:published_time\" content=\"2014-04-18T07:09:19+00:00\" \/>\n<meta property=\"article:modified_time\" content=\"2014-12-27T20:50:38+00:00\" \/>\n<meta property=\"og:image\" content=\"http:\/\/www.photovoyage.fr\/blog\/wp-content\/uploads\/2014\/04\/MG_0943ret-Copier.jpg\" \/>\n\t<meta property=\"og:image:width\" content=\"800\" \/>\n\t<meta property=\"og:image:height\" content=\"533\" \/>\n\t<meta property=\"og:image:type\" content=\"image\/jpeg\" \/>\n<meta name=\"author\" content=\"photovoyage\" \/>\n<meta name=\"twitter:label1\" content=\"\u00c9crit par\" \/>\n\t<meta name=\"twitter:data1\" content=\"photovoyage\" \/>\n\t<meta name=\"twitter:label2\" content=\"Dur\u00e9e de lecture estim\u00e9e\" \/>\n\t<meta name=\"twitter:data2\" content=\"1 minute\" \/>\n<script type=\"application\/ld+json\" class=\"yoast-schema-graph\">{\"@context\":\"https:\/\/schema.org\",\"@graph\":[{\"@type\":\"Article\",\"@id\":\"http:\/\/www.photovoyage.fr\/blog\/yvoire-la-perle-du-leman\/#article\",\"isPartOf\":{\"@id\":\"http:\/\/www.photovoyage.fr\/blog\/yvoire-la-perle-du-leman\/\"},\"author\":{\"name\":\"photovoyage\",\"@id\":\"http:\/\/www.photovoyage.fr\/blog\/#\/schema\/person\/a6600656ccdd05f7a4132987c28fc4ac\"},\"headline\":\"Yvoire : la perle du L\u00e9man\",\"datePublished\":\"2014-04-18T07:09:19+00:00\",\"dateModified\":\"2014-12-27T20:50:38+00:00\",\"mainEntityOfPage\":{\"@id\":\"http:\/\/www.photovoyage.fr\/blog\/yvoire-la-perle-du-leman\/\"},\"wordCount\":119,\"commentCount\":0,\"publisher\":{\"@id\":\"http:\/\/www.photovoyage.fr\/blog\/#\/schema\/person\/a6600656ccdd05f7a4132987c28fc4ac\"},\"image\":{\"@id\":\"http:\/\/www.photovoyage.fr\/blog\/yvoire-la-perle-du-leman\/#primaryimage\"},\"thumbnailUrl\":\"http:\/\/www.photovoyage.fr\/blog\/wp-content\/uploads\/2014\/04\/MG_0943ret-Copier.jpg\",\"keywords\":[\"Haute-Savoie\",\"Yvoire\"],\"articleSection\":[\"Escapades\"],\"inLanguage\":\"fr-FR\",\"potentialAction\":[{\"@type\":\"CommentAction\",\"name\":\"Comment\",\"target\":[\"http:\/\/www.photovoyage.fr\/blog\/yvoire-la-perle-du-leman\/#respond\"]}]},{\"@type\":\"WebPage\",\"@id\":\"http:\/\/www.photovoyage.fr\/blog\/yvoire-la-perle-du-leman\/\",\"url\":\"http:\/\/www.photovoyage.fr\/blog\/yvoire-la-perle-du-leman\/\",\"name\":\"Yvoire : la perle du L\u00e9man - photovoyage.fr\",\"isPartOf\":{\"@id\":\"http:\/\/www.photovoyage.fr\/blog\/#website\"},\"primaryImageOfPage\":{\"@id\":\"http:\/\/www.photovoyage.fr\/blog\/yvoire-la-perle-du-leman\/#primaryimage\"},\"image\":{\"@id\":\"http:\/\/www.photovoyage.fr\/blog\/yvoire-la-perle-du-leman\/#primaryimage\"},\"thumbnailUrl\":\"http:\/\/www.photovoyage.fr\/blog\/wp-content\/uploads\/2014\/04\/MG_0943ret-Copier.jpg\",\"datePublished\":\"2014-04-18T07:09:19+00:00\",\"dateModified\":\"2014-12-27T20:50:38+00:00\",\"breadcrumb\":{\"@id\":\"http:\/\/www.photovoyage.fr\/blog\/yvoire-la-perle-du-leman\/#breadcrumb\"},\"inLanguage\":\"fr-FR\",\"potentialAction\":[{\"@type\":\"ReadAction\",\"target\":[\"http:\/\/www.photovoyage.fr\/blog\/yvoire-la-perle-du-leman\/\"]}]},{\"@type\":\"ImageObject\",\"inLanguage\":\"fr-FR\",\"@id\":\"http:\/\/www.photovoyage.fr\/blog\/yvoire-la-perle-du-leman\/#primaryimage\",\"url\":\"http:\/\/www.photovoyage.fr\/blog\/wp-content\/uploads\/2014\/04\/MG_0943ret-Copier.jpg\",\"contentUrl\":\"http:\/\/www.photovoyage.fr\/blog\/wp-content\/uploads\/2014\/04\/MG_0943ret-Copier.jpg\",\"width\":800,\"height\":533},{\"@type\":\"BreadcrumbList\",\"@id\":\"http:\/\/www.photovoyage.fr\/blog\/yvoire-la-perle-du-leman\/#breadcrumb\",\"itemListElement\":[{\"@type\":\"ListItem\",\"position\":1,\"name\":\"Accueil\",\"item\":\"http:\/\/www.photovoyage.fr\/blog\/\"},{\"@type\":\"ListItem\",\"position\":2,\"name\":\"Yvoire : la perle du L\u00e9man\"}]},{\"@type\":\"WebSite\",\"@id\":\"http:\/\/www.photovoyage.fr\/blog\/#website\",\"url\":\"http:\/\/www.photovoyage.fr\/blog\/\",\"name\":\"photovoyage.fr\",\"description\":\"La passion de la photo et du voyage. Retrouvez ici nos r\u00e9cits de voyages et nos photos.\",\"publisher\":{\"@id\":\"http:\/\/www.photovoyage.fr\/blog\/#\/schema\/person\/a6600656ccdd05f7a4132987c28fc4ac\"},\"potentialAction\":[{\"@type\":\"SearchAction\",\"target\":{\"@type\":\"EntryPoint\",\"urlTemplate\":\"http:\/\/www.photovoyage.fr\/blog\/?s={search_term_string}\"},\"query-input\":{\"@type\":\"PropertyValueSpecification\",\"valueRequired\":true,\"valueName\":\"search_term_string\"}}],\"inLanguage\":\"fr-FR\"},{\"@type\":[\"Person\",\"Organization\"],\"@id\":\"http:\/\/www.photovoyage.fr\/blog\/#\/schema\/person\/a6600656ccdd05f7a4132987c28fc4ac\",\"name\":\"photovoyage\",\"image\":{\"@type\":\"ImageObject\",\"inLanguage\":\"fr-FR\",\"@id\":\"http:\/\/www.photovoyage.fr\/blog\/#\/schema\/person\/image\/\",\"url\":\"http:\/\/www.photovoyage.fr\/blog\/wp-content\/uploads\/2018\/04\/cropped-cropped-logo3.jpg\",\"contentUrl\":\"http:\/\/www.photovoyage.fr\/blog\/wp-content\/uploads\/2018\/04\/cropped-cropped-logo3.jpg\",\"width\":873,\"height\":111,\"caption\":\"photovoyage\"},\"logo\":{\"@id\":\"http:\/\/www.photovoyage.fr\/blog\/#\/schema\/person\/image\/\"}}]}<\/script>\n<!-- \/ Yoast SEO plugin. -->","yoast_head_json":{"title":"Yvoire : la perle du L\u00e9man - photovoyage.fr","robots":{"index":"index","follow":"follow","max-snippet":"max-snippet:-1","max-image-preview":"max-image-preview:large","max-video-preview":"max-video-preview:-1"},"canonical":"http:\/\/www.photovoyage.fr\/blog\/yvoire-la-perle-du-leman\/","og_locale":"fr_FR","og_type":"article","og_title":"Yvoire : la perle du L\u00e9man - photovoyage.fr","og_description":"A quelques kilom\u00e8tres de Thonon les bains, le village d&rsquo;Yvoire est l&rsquo;un des plus beaux villages de France. Au bord du L\u00e9man, ce village m\u00e9di\u00e9val jouit d&rsquo;une situation exceptionnelle. Ses rues pav\u00e9es, ses maisons typiques, &#8230; Il fait bon flaner ici, et contempler les bateaux qui viennent et repartent \u00a0vers la Suisse. Vous pourrez aussi &hellip;","og_url":"http:\/\/www.photovoyage.fr\/blog\/yvoire-la-perle-du-leman\/","og_site_name":"photovoyage.fr","article_published_time":"2014-04-18T07:09:19+00:00","article_modified_time":"2014-12-27T20:50:38+00:00","og_image":[{"width":800,"height":533,"url":"http:\/\/www.photovoyage.fr\/blog\/wp-content\/uploads\/2014\/04\/MG_0943ret-Copier.jpg","type":"image\/jpeg"}],"author":"photovoyage","twitter_misc":{"\u00c9crit par":"photovoyage","Dur\u00e9e de lecture estim\u00e9e":"1 minute"},"schema":{"@context":"https:\/\/schema.org","@graph":[{"@type":"Article","@id":"http:\/\/www.photovoyage.fr\/blog\/yvoire-la-perle-du-leman\/#article","isPartOf":{"@id":"http:\/\/www.photovoyage.fr\/blog\/yvoire-la-perle-du-leman\/"},"author":{"name":"photovoyage","@id":"http:\/\/www.photovoyage.fr\/blog\/#\/schema\/person\/a6600656ccdd05f7a4132987c28fc4ac"},"headline":"Yvoire : la perle du L\u00e9man","datePublished":"2014-04-18T07:09:19+00:00","dateModified":"2014-12-27T20:50:38+00:00","mainEntityOfPage":{"@id":"http:\/\/www.photovoyage.fr\/blog\/yvoire-la-perle-du-leman\/"},"wordCount":119,"commentCount":0,"publisher":{"@id":"http:\/\/www.photovoyage.fr\/blog\/#\/schema\/person\/a6600656ccdd05f7a4132987c28fc4ac"},"image":{"@id":"http:\/\/www.photovoyage.fr\/blog\/yvoire-la-perle-du-leman\/#primaryimage"},"thumbnailUrl":"http:\/\/www.photovoyage.fr\/blog\/wp-content\/uploads\/2014\/04\/MG_0943ret-Copier.jpg","keywords":["Haute-Savoie","Yvoire"],"articleSection":["Escapades"],"inLanguage":"fr-FR","potentialAction":[{"@type":"CommentAction","name":"Comment","target":["http:\/\/www.photovoyage.fr\/blog\/yvoire-la-perle-du-leman\/#respond"]}]},{"@type":"WebPage","@id":"http:\/\/www.photovoyage.fr\/blog\/yvoire-la-perle-du-leman\/","url":"http:\/\/www.photovoyage.fr\/blog\/yvoire-la-perle-du-leman\/","name":"Yvoire : la perle du L\u00e9man - photovoyage.fr","isPartOf":{"@id":"http:\/\/www.photovoyage.fr\/blog\/#website"},"primaryImageOfPage":{"@id":"http:\/\/www.photovoyage.fr\/blog\/yvoire-la-perle-du-leman\/#primaryimage"},"image":{"@id":"http:\/\/www.photovoyage.fr\/blog\/yvoire-la-perle-du-leman\/#primaryimage"},"thumbnailUrl":"http:\/\/www.photovoyage.fr\/blog\/wp-content\/uploads\/2014\/04\/MG_0943ret-Copier.jpg","datePublished":"2014-04-18T07:09:19+00:00","dateModified":"2014-12-27T20:50:38+00:00","breadcrumb":{"@id":"http:\/\/www.photovoyage.fr\/blog\/yvoire-la-perle-du-leman\/#breadcrumb"},"inLanguage":"fr-FR","potentialAction":[{"@type":"ReadAction","target":["http:\/\/www.photovoyage.fr\/blog\/yvoire-la-perle-du-leman\/"]}]},{"@type":"ImageObject","inLanguage":"fr-FR","@id":"http:\/\/www.photovoyage.fr\/blog\/yvoire-la-perle-du-leman\/#primaryimage","url":"http:\/\/www.photovoyage.fr\/blog\/wp-content\/uploads\/2014\/04\/MG_0943ret-Copier.jpg","contentUrl":"http:\/\/www.photovoyage.fr\/blog\/wp-content\/uploads\/2014\/04\/MG_0943ret-Copier.jpg","width":800,"height":533},{"@type":"BreadcrumbList","@id":"http:\/\/www.photovoyage.fr\/blog\/yvoire-la-perle-du-leman\/#breadcrumb","itemListElement":[{"@type":"ListItem","position":1,"name":"Accueil","item":"http:\/\/www.photovoyage.fr\/blog\/"},{"@type":"ListItem","position":2,"name":"Yvoire : la perle du L\u00e9man"}]},{"@type":"WebSite","@id":"http:\/\/www.photovoyage.fr\/blog\/#website","url":"http:\/\/www.photovoyage.fr\/blog\/","name":"photovoyage.fr","description":"La passion de la photo et du voyage. Retrouvez ici nos r\u00e9cits de voyages et nos photos.","publisher":{"@id":"http:\/\/www.photovoyage.fr\/blog\/#\/schema\/person\/a6600656ccdd05f7a4132987c28fc4ac"},"potentialAction":[{"@type":"SearchAction","target":{"@type":"EntryPoint","urlTemplate":"http:\/\/www.photovoyage.fr\/blog\/?s={search_term_string}"},"query-input":{"@type":"PropertyValueSpecification","valueRequired":true,"valueName":"search_term_string"}}],"inLanguage":"fr-FR"},{"@type":["Person","Organization"],"@id":"http:\/\/www.photovoyage.fr\/blog\/#\/schema\/person\/a6600656ccdd05f7a4132987c28fc4ac","name":"photovoyage","image":{"@type":"ImageObject","inLanguage":"fr-FR","@id":"http:\/\/www.photovoyage.fr\/blog\/#\/schema\/person\/image\/","url":"http:\/\/www.photovoyage.fr\/blog\/wp-content\/uploads\/2018\/04\/cropped-cropped-logo3.jpg","contentUrl":"http:\/\/www.photovoyage.fr\/blog\/wp-content\/uploads\/2018\/04\/cropped-cropped-logo3.jpg","width":873,"height":111,"caption":"photovoyage"},"logo":{"@id":"http:\/\/www.photovoyage.fr\/blog\/#\/schema\/person\/image\/"}}]}},"_links":{"self":[{"href":"http:\/\/www.photovoyage.fr\/blog\/wp-json\/wp\/v2\/posts\/101","targetHints":{"allow":["GET"]}}],"collection":[{"href":"http:\/\/www.photovoyage.fr\/blog\/wp-json\/wp\/v2\/posts"}],"about":[{"href":"http:\/\/www.photovoyage.fr\/blog\/wp-json\/wp\/v2\/types\/post"}],"author":[{"embeddable":true,"href":"http:\/\/www.photovoyage.fr\/blog\/wp-json\/wp\/v2\/users\/1"}],"replies":[{"embeddable":true,"href":"http:\/\/www.photovoyage.fr\/blog\/wp-json\/wp\/v2\/comments?post=101"}],"version-history":[{"count":0,"href":"http:\/\/www.photovoyage.fr\/blog\/wp-json\/wp\/v2\/posts\/101\/revisions"}],"wp:featuredmedia":[{"embeddable":true,"href":"http:\/\/www.photovoyage.fr\/blog\/wp-json\/wp\/v2\/media\/103"}],"wp:attachment":[{"href":"http:\/\/www.photovoyage.fr\/blog\/wp-json\/wp\/v2\/media?parent=101"}],"wp:term":[{"taxonomy":"category","embeddable":true,"href":"http:\/\/www.photovoyage.fr\/blog\/wp-json\/wp\/v2\/categories?post=101"},{"taxonomy":"post_tag","embeddable":true,"href":"http:\/\/www.photovoyage.fr\/blog\/wp-json\/wp\/v2\/tags?post=101"}],"curies":[{"name":"wp","href":"https:\/\/api.w.org\/{rel}","templated":true}]}}