{"id":1175,"date":"2015-12-14T22:31:46","date_gmt":"2015-12-14T21:31:46","guid":{"rendered":"http:\/\/www.photovoyage.fr\/blog\/?p=1175"},"modified":"2015-12-15T21:30:05","modified_gmt":"2015-12-15T20:30:05","slug":"milan","status":"publish","type":"post","link":"http:\/\/www.photovoyage.fr\/blog\/milan\/","title":{"rendered":"Milan la capitale chic !"},"content":{"rendered":"<div class=\"yzp-no-index\"><\/div><p>Milan est la capitale \u00e9conomique du nord de l&rsquo;Italie. La cit\u00e9 lombarde n&rsquo;a pas l&rsquo;histoire et le patrimoine de Rome, mais la ville, au demeurant capitale ( &#8230; de la mode), poss\u00e8de tout de m\u00eame quelques arguments \u00e0 faire valoir.<\/p>\n<p>On ne vous conseille pas forc\u00e9ment d&rsquo;y passer une semaine mais pour deux ou trois jours, Milan est une destination \u00e0 d\u00e9couvrir.<\/p>\n<p>Comme on l&rsquo;a d\u00e9j\u00e0 dit, Milan c&rsquo;est d&rsquo;abord la mode. Vous voulez voir de belles boutiques ?<br \/>\nVoici quelques adresses incontournables. (Attention tout de m\u00eame : il y a un monde entre ceux, qui comme nous, regardons les boutiques et ceux qui peuvent y acheter quelque chose&#8230;)<br \/>\nPour commencer, pourquoi ne pas jeter un coup d&rsquo;\u0153il dans la <strong>Galleria Vitorio Emmanuel II ?<\/strong><\/p>\n<p><img decoding=\"async\" class=\"ngg-singlepic ngg-none\" src=\"http:\/\/www.photovoyage.fr\/blog\/wp-content\/gallery\/milan\/MG_9061-Copier.JPG\" alt=\"Galeria\" \/><\/p>\n<p>Vous pourrez y retrouver les plus grandes marques tout en admirant un des joyaux architectural de la ville. Cette galerie Neo classique date de 1878 et relie la place du Duomo \u00e0 la Scala.<\/p>\n<p><!--more--><\/p>\n<p>L&rsquo;autre grande place du shopping\u00a0est le fameux <strong>quadrilat\u00e8re de la mode. <\/strong>A quelques pas de<strong> la <\/strong><strong>Scala<\/strong> vous d\u00e9couvrirer de nombreuses boutiques de luxe dans ces quelques rues pietonnes.<\/p>\n<p>Mais Milan ne se r\u00e9sume pas \u00e0 ses boutiques.<br \/>\nLe <strong>Duomo<\/strong> est l&rsquo;autre attraction touristique de la ville. C&rsquo;est la troisi\u00e8me plus grande \u00e9glise du monde, apr\u00e8s la basilique Saint Pierre et la Cath\u00e9drale de S\u00e9ville. Un joyau de l&rsquo;art Gothique ! Nous ne sommes pas entr\u00e9 \u00e0 l&rsquo;int\u00e9rieur. Nous ne vous dirons donc pas si cela vallait le coup&#8230;<\/p>\n<p><img decoding=\"async\" class=\"ngg-singlepic ngg-none\" src=\"http:\/\/www.photovoyage.fr\/blog\/wp-content\/gallery\/milan\/MG_9054-Copier.JPG\" alt=\"Duomo\" \/><\/p>\n<p>Nous n&rsquo;oublierons pas non plus le <strong>ch\u00e2teau des Sforza<\/strong>. Cette place forte construite au XV \u00e8me si\u00e8cle accueille des mus\u00e9es. L\u00e0 encore nous avons fait une visite \u00e9claire et nous avons pr\u00e9f\u00e9r\u00e9 la visite ext\u00e9rieure pour s\u2019impr\u00e9gner du lieu. Les mus\u00e9es int\u00e9resseront peut \u00eatre ceux qui auront plusieurs jours pour visiter la ville.<\/p>\n<p><img decoding=\"async\" class=\"ngg-singlepic ngg-none\" src=\"http:\/\/www.photovoyage.fr\/blog\/wp-content\/gallery\/milan\/MG_9073-Copier.JPG\" alt=\"Chateau des Sforza\" \/><\/p>\n<p>L&rsquo;un des lieux que nous avons tr\u00e8s appr\u00e9ci\u00e9 est moins connu. Il s&rsquo;agit du <strong>quartier des Navigli<\/strong>, ces canaux qui relient Milan aux lacs du Nord du pays. De nombreux bars et retaurant bordent ces canaux et l&rsquo;ambiance est vraiment sympathique. On imagine que le soir on ne doit pas s&rsquo;y ennuyer !<\/p>\n<p><img decoding=\"async\" class=\"ngg-singlepic ngg-none\" src=\"http:\/\/www.photovoyage.fr\/blog\/wp-content\/gallery\/milan\/MG_9086-Copier.JPG\" alt=\"Navigli\" \/><\/p>\n<p>En ce qui nous concerne, nous avons consacr\u00e9 notre soir\u00e9e \u00e0 \u00a0bien autre chose. Nous avons eu l&rsquo;honneur d&rsquo;assister \u00e0 un ballet de danse classique \u00e0 la Scala.<\/p>\n<p>La mise en sc\u00e8ne de l&rsquo;Excelsior dans cette salle mythique reste le meilleur moment de ce voyage et nous n&rsquo;avons qu&rsquo;une envie : revenir pour voir un autre ballet. Vraiment magique !\u00a0Pour la petite histoire nous avions rev\u00eatu nos plus belles tenues pour assister \u00e0 ce spectacle dans l&rsquo;un des hauts lieux de l&rsquo;op\u00e9ra. Vous apprendrez que ce n&rsquo;est pas forc\u00e9ment la peine, puisque la tradition se perd l\u00e0 aussi et de nombreux spectateurs \u00e9taient habill\u00e9s normalement. Dommage. Car l&rsquo;ambiance de cette salle et son histoire m\u00e9riterait de faire cet effort vestimentaire, pas contradictoire avec la volont\u00e9 de d\u00e9mocratiser l&rsquo;op\u00e9ra. A ce sujet, nous avons achet\u00e9 les places seulement 50\u20ac. La Scala aussi\u00a0se d\u00e9mocratise. Est ce n\u00e9anmoins une raison de perdre les traditions du lieu ? Si vous avez l&rsquo;occasion d&rsquo;y aller, foncez !<\/p>\n<p>Nous avons termin\u00e9 notre visite par l&rsquo;Expo Universelle situ\u00e9e dans le quartier d&rsquo;affaire en p\u00e9riph\u00e9rie de la ville. Ceci fait l&rsquo;objet d&rsquo;un autre article (<a href=\"http:\/\/www.photovoyage.fr\/blog\/exposition-universelle-de-milan\/\">l&rsquo;expo universelle<\/a>).<\/p>\n<p>Au final, nous ne regrettons pas notre visite de la capitale lombarde. Milan est une ville \u00e0 voir et nous y reviendrons surement. On esp\u00e8re vous avoir donn\u00e9 envie d&rsquo;y faire un saut&#8230;<\/p>\n<p><!-- index.php -->\n<div\n\tclass=\"ngg-galleryoverview\n\t ngg-ajax-pagination-none\t\"\n\tid=\"ngg-gallery-21f32222395483611fce30e2112619e6-1\">\n\n\t\t<div class=\"slideshowlink\">\n\t\t<a href='http:\/\/www.photovoyage.fr\/blog\/milan\/nggallery\/slideshow'>[Show slideshow]<\/a>\n\t\t\n\t<\/div>\n\t\t\t<!-- Thumbnails -->\n\t\t\t\t<div id=\"ngg-image-0\" class=\"ngg-gallery-thumbnail-box\" \n\t\t\t\t\t\t\t\t\t\t\t>\n\t\t\t\t\t\t<div class=\"ngg-gallery-thumbnail\">\n\t\t\t<a href=\"http:\/\/www.photovoyage.fr\/blog\/wp-content\/gallery\/milan\/MG_9054-Copier.JPG\"\n\t\t\t\ttitle=\"Duomo\"\n\t\t\t\tdata-src=\"http:\/\/www.photovoyage.fr\/blog\/wp-content\/gallery\/milan\/MG_9054-Copier.JPG\"\n\t\t\t\tdata-thumbnail=\"http:\/\/www.photovoyage.fr\/blog\/wp-content\/gallery\/milan\/thumbs\/thumbs_MG_9054-Copier.JPG\"\n\t\t\t\tdata-image-id=\"254\"\n\t\t\t\tdata-title=\"Duomo\"\n\t\t\t\tdata-description=\"Duomo\"\n\t\t\t\tdata-image-slug=\"duomo-2\"\n\t\t\t\tclass=\"ngg-fancybox\" rel=\"21f32222395483611fce30e2112619e6\">\n\t\t\t\t<img\n\t\t\t\t\ttitle=\"Duomo\"\n\t\t\t\t\talt=\"Duomo\"\n\t\t\t\t\tsrc=\"http:\/\/www.photovoyage.fr\/blog\/wp-content\/gallery\/milan\/thumbs\/thumbs_MG_9054-Copier.JPG\"\n\t\t\t\t\twidth=\"120\"\n\t\t\t\t\theight=\"90\"\n\t\t\t\t\tstyle=\"max-width:100%;\"\n\t\t\t\t\/>\n\t\t\t<\/a>\n\t\t<\/div>\n\t\t\t\t\t\t\t<\/div> \n\t\t\t\n\t\t\n\t\t\t\t<div id=\"ngg-image-1\" class=\"ngg-gallery-thumbnail-box\" \n\t\t\t\t\t\t\t\t\t\t\t>\n\t\t\t\t\t\t<div class=\"ngg-gallery-thumbnail\">\n\t\t\t<a href=\"http:\/\/www.photovoyage.fr\/blog\/wp-content\/gallery\/milan\/MG_9061-Copier.JPG\"\n\t\t\t\ttitle=\" \"\n\t\t\t\tdata-src=\"http:\/\/www.photovoyage.fr\/blog\/wp-content\/gallery\/milan\/MG_9061-Copier.JPG\"\n\t\t\t\tdata-thumbnail=\"http:\/\/www.photovoyage.fr\/blog\/wp-content\/gallery\/milan\/thumbs\/thumbs_MG_9061-Copier.JPG\"\n\t\t\t\tdata-image-id=\"255\"\n\t\t\t\tdata-title=\"Galeria\"\n\t\t\t\tdata-description=\" \"\n\t\t\t\tdata-image-slug=\"galeria-4\"\n\t\t\t\tclass=\"ngg-fancybox\" rel=\"21f32222395483611fce30e2112619e6\">\n\t\t\t\t<img\n\t\t\t\t\ttitle=\"Galeria\"\n\t\t\t\t\talt=\"Galeria\"\n\t\t\t\t\tsrc=\"http:\/\/www.photovoyage.fr\/blog\/wp-content\/gallery\/milan\/thumbs\/thumbs_MG_9061-Copier.JPG\"\n\t\t\t\t\twidth=\"120\"\n\t\t\t\t\theight=\"90\"\n\t\t\t\t\tstyle=\"max-width:100%;\"\n\t\t\t\t\/>\n\t\t\t<\/a>\n\t\t<\/div>\n\t\t\t\t\t\t\t<\/div> \n\t\t\t\n\t\t\n\t\t\t\t<div id=\"ngg-image-2\" class=\"ngg-gallery-thumbnail-box\" \n\t\t\t\t\t\t\t\t\t\t\t>\n\t\t\t\t\t\t<div class=\"ngg-gallery-thumbnail\">\n\t\t\t<a href=\"http:\/\/www.photovoyage.fr\/blog\/wp-content\/gallery\/milan\/MG_9063-Copier.JPG\"\n\t\t\t\ttitle=\" \"\n\t\t\t\tdata-src=\"http:\/\/www.photovoyage.fr\/blog\/wp-content\/gallery\/milan\/MG_9063-Copier.JPG\"\n\t\t\t\tdata-thumbnail=\"http:\/\/www.photovoyage.fr\/blog\/wp-content\/gallery\/milan\/thumbs\/thumbs_MG_9063-Copier.JPG\"\n\t\t\t\tdata-image-id=\"256\"\n\t\t\t\tdata-title=\"_MG_9063 (Copier)\"\n\t\t\t\tdata-description=\" \"\n\t\t\t\tdata-image-slug=\"_mg_9063-copier-5\"\n\t\t\t\tclass=\"ngg-fancybox\" rel=\"21f32222395483611fce30e2112619e6\">\n\t\t\t\t<img\n\t\t\t\t\ttitle=\"_MG_9063 (Copier)\"\n\t\t\t\t\talt=\"_MG_9063 (Copier)\"\n\t\t\t\t\tsrc=\"http:\/\/www.photovoyage.fr\/blog\/wp-content\/gallery\/milan\/thumbs\/thumbs_MG_9063-Copier.JPG\"\n\t\t\t\t\twidth=\"120\"\n\t\t\t\t\theight=\"90\"\n\t\t\t\t\tstyle=\"max-width:100%;\"\n\t\t\t\t\/>\n\t\t\t<\/a>\n\t\t<\/div>\n\t\t\t\t\t\t\t<\/div> \n\t\t\t\n\t\t\n\t\t\t\t<div id=\"ngg-image-3\" class=\"ngg-gallery-thumbnail-box\" \n\t\t\t\t\t\t\t\t\t\t\t>\n\t\t\t\t\t\t<div class=\"ngg-gallery-thumbnail\">\n\t\t\t<a href=\"http:\/\/www.photovoyage.fr\/blog\/wp-content\/gallery\/milan\/MG_9072-Copier.JPG\"\n\t\t\t\ttitle=\" \"\n\t\t\t\tdata-src=\"http:\/\/www.photovoyage.fr\/blog\/wp-content\/gallery\/milan\/MG_9072-Copier.JPG\"\n\t\t\t\tdata-thumbnail=\"http:\/\/www.photovoyage.fr\/blog\/wp-content\/gallery\/milan\/thumbs\/thumbs_MG_9072-Copier.JPG\"\n\t\t\t\tdata-image-id=\"257\"\n\t\t\t\tdata-title=\"_MG_9072 (Copier)\"\n\t\t\t\tdata-description=\" \"\n\t\t\t\tdata-image-slug=\"_mg_9072-copier-5\"\n\t\t\t\tclass=\"ngg-fancybox\" rel=\"21f32222395483611fce30e2112619e6\">\n\t\t\t\t<img\n\t\t\t\t\ttitle=\"_MG_9072 (Copier)\"\n\t\t\t\t\talt=\"_MG_9072 (Copier)\"\n\t\t\t\t\tsrc=\"http:\/\/www.photovoyage.fr\/blog\/wp-content\/gallery\/milan\/thumbs\/thumbs_MG_9072-Copier.JPG\"\n\t\t\t\t\twidth=\"120\"\n\t\t\t\t\theight=\"90\"\n\t\t\t\t\tstyle=\"max-width:100%;\"\n\t\t\t\t\/>\n\t\t\t<\/a>\n\t\t<\/div>\n\t\t\t\t\t\t\t<\/div> \n\t\t\t\n\t\t\n\t\t\t\t<div id=\"ngg-image-4\" class=\"ngg-gallery-thumbnail-box\" \n\t\t\t\t\t\t\t\t\t\t\t>\n\t\t\t\t\t\t<div class=\"ngg-gallery-thumbnail\">\n\t\t\t<a href=\"http:\/\/www.photovoyage.fr\/blog\/wp-content\/gallery\/milan\/MG_9073-Copier.JPG\"\n\t\t\t\ttitle=\" Chateau des Sforza\"\n\t\t\t\tdata-src=\"http:\/\/www.photovoyage.fr\/blog\/wp-content\/gallery\/milan\/MG_9073-Copier.JPG\"\n\t\t\t\tdata-thumbnail=\"http:\/\/www.photovoyage.fr\/blog\/wp-content\/gallery\/milan\/thumbs\/thumbs_MG_9073-Copier.JPG\"\n\t\t\t\tdata-image-id=\"258\"\n\t\t\t\tdata-title=\"Chateau des Sforza\"\n\t\t\t\tdata-description=\" Chateau des Sforza\"\n\t\t\t\tdata-image-slug=\"chateau-des-sforza-1\"\n\t\t\t\tclass=\"ngg-fancybox\" rel=\"21f32222395483611fce30e2112619e6\">\n\t\t\t\t<img\n\t\t\t\t\ttitle=\"Chateau des Sforza\"\n\t\t\t\t\talt=\"Chateau des Sforza\"\n\t\t\t\t\tsrc=\"http:\/\/www.photovoyage.fr\/blog\/wp-content\/gallery\/milan\/thumbs\/thumbs_MG_9073-Copier.JPG\"\n\t\t\t\t\twidth=\"120\"\n\t\t\t\t\theight=\"90\"\n\t\t\t\t\tstyle=\"max-width:100%;\"\n\t\t\t\t\/>\n\t\t\t<\/a>\n\t\t<\/div>\n\t\t\t\t\t\t\t<\/div> \n\t\t\t\n\t\t\n\t\t\t\t<div id=\"ngg-image-5\" class=\"ngg-gallery-thumbnail-box\" \n\t\t\t\t\t\t\t\t\t\t\t>\n\t\t\t\t\t\t<div class=\"ngg-gallery-thumbnail\">\n\t\t\t<a href=\"http:\/\/www.photovoyage.fr\/blog\/wp-content\/gallery\/milan\/MG_9085-Copier.JPG\"\n\t\t\t\ttitle=\" \"\n\t\t\t\tdata-src=\"http:\/\/www.photovoyage.fr\/blog\/wp-content\/gallery\/milan\/MG_9085-Copier.JPG\"\n\t\t\t\tdata-thumbnail=\"http:\/\/www.photovoyage.fr\/blog\/wp-content\/gallery\/milan\/thumbs\/thumbs_MG_9085-Copier.JPG\"\n\t\t\t\tdata-image-id=\"259\"\n\t\t\t\tdata-title=\"_MG_9085 (Copier)\"\n\t\t\t\tdata-description=\" \"\n\t\t\t\tdata-image-slug=\"_mg_9085-copier-5\"\n\t\t\t\tclass=\"ngg-fancybox\" rel=\"21f32222395483611fce30e2112619e6\">\n\t\t\t\t<img\n\t\t\t\t\ttitle=\"_MG_9085 (Copier)\"\n\t\t\t\t\talt=\"_MG_9085 (Copier)\"\n\t\t\t\t\tsrc=\"http:\/\/www.photovoyage.fr\/blog\/wp-content\/gallery\/milan\/thumbs\/thumbs_MG_9085-Copier.JPG\"\n\t\t\t\t\twidth=\"120\"\n\t\t\t\t\theight=\"90\"\n\t\t\t\t\tstyle=\"max-width:100%;\"\n\t\t\t\t\/>\n\t\t\t<\/a>\n\t\t<\/div>\n\t\t\t\t\t\t\t<\/div> \n\t\t\t\n\t\t\n\t\t\t\t<div id=\"ngg-image-6\" class=\"ngg-gallery-thumbnail-box\" \n\t\t\t\t\t\t\t\t\t\t\t>\n\t\t\t\t\t\t<div class=\"ngg-gallery-thumbnail\">\n\t\t\t<a href=\"http:\/\/www.photovoyage.fr\/blog\/wp-content\/gallery\/milan\/MG_9086-Copier.JPG\"\n\t\t\t\ttitle=\" Navigli\"\n\t\t\t\tdata-src=\"http:\/\/www.photovoyage.fr\/blog\/wp-content\/gallery\/milan\/MG_9086-Copier.JPG\"\n\t\t\t\tdata-thumbnail=\"http:\/\/www.photovoyage.fr\/blog\/wp-content\/gallery\/milan\/thumbs\/thumbs_MG_9086-Copier.JPG\"\n\t\t\t\tdata-image-id=\"260\"\n\t\t\t\tdata-title=\"Navigli\"\n\t\t\t\tdata-description=\" Navigli\"\n\t\t\t\tdata-image-slug=\"navigli\"\n\t\t\t\tclass=\"ngg-fancybox\" rel=\"21f32222395483611fce30e2112619e6\">\n\t\t\t\t<img\n\t\t\t\t\ttitle=\"Navigli\"\n\t\t\t\t\talt=\"Navigli\"\n\t\t\t\t\tsrc=\"http:\/\/www.photovoyage.fr\/blog\/wp-content\/gallery\/milan\/thumbs\/thumbs_MG_9086-Copier.JPG\"\n\t\t\t\t\twidth=\"120\"\n\t\t\t\t\theight=\"90\"\n\t\t\t\t\tstyle=\"max-width:100%;\"\n\t\t\t\t\/>\n\t\t\t<\/a>\n\t\t<\/div>\n\t\t\t\t\t\t\t<\/div> \n\t\t\t\n\t\t\n\t\t\n\t\t<!-- Pagination -->\n\t\t<div class='ngg-clear'><\/div>\t<\/div>\n<\/p>\n<p>&nbsp;<\/p>\n<p>&nbsp;<\/p>\n","protected":false},"excerpt":{"rendered":"<p>Milan est la capitale \u00e9conomique du nord de l&rsquo;Italie. La cit\u00e9 lombarde n&rsquo;a pas l&rsquo;histoire et le patrimoine de Rome, mais la ville, au demeurant capitale ( &#8230; de la mode), poss\u00e8de tout de m\u00eame quelques arguments \u00e0 faire valoir. On ne vous conseille pas forc\u00e9ment d&rsquo;y passer une semaine mais pour deux ou trois &hellip;<\/p>\n","protected":false},"author":1,"featured_media":1241,"comment_status":"open","ping_status":"open","sticky":false,"template":"","format":"standard","meta":{"ngg_post_thumbnail":0,"footnotes":""},"categories":[11],"tags":[3,56],"class_list":["post-1175","post","type-post","status-publish","format-standard","has-post-thumbnail","hentry","category-escapades","tag-italie","tag-milan","entry entry-center"],"yoast_head":"<!-- This site is optimized with the Yoast SEO plugin v24.1 - https:\/\/yoast.com\/wordpress\/plugins\/seo\/ -->\n<title>Milan la capitale chic ! - photovoyage.fr<\/title>\n<meta name=\"robots\" content=\"index, follow, max-snippet:-1, max-image-preview:large, max-video-preview:-1\" \/>\n<link rel=\"canonical\" href=\"http:\/\/www.photovoyage.fr\/blog\/milan\/\" \/>\n<meta property=\"og:locale\" content=\"fr_FR\" \/>\n<meta property=\"og:type\" content=\"article\" \/>\n<meta property=\"og:title\" content=\"Milan la capitale chic ! - photovoyage.fr\" \/>\n<meta property=\"og:description\" content=\"Milan est la capitale \u00e9conomique du nord de l&rsquo;Italie. La cit\u00e9 lombarde n&rsquo;a pas l&rsquo;histoire et le patrimoine de Rome, mais la ville, au demeurant capitale ( &#8230; de la mode), poss\u00e8de tout de m\u00eame quelques arguments \u00e0 faire valoir. On ne vous conseille pas forc\u00e9ment d&rsquo;y passer une semaine mais pour deux ou trois &hellip;\" \/>\n<meta property=\"og:url\" content=\"http:\/\/www.photovoyage.fr\/blog\/milan\/\" \/>\n<meta property=\"og:site_name\" content=\"photovoyage.fr\" \/>\n<meta property=\"article:published_time\" content=\"2015-12-14T21:31:46+00:00\" \/>\n<meta property=\"article:modified_time\" content=\"2015-12-15T20:30:05+00:00\" \/>\n<meta property=\"og:image\" content=\"http:\/\/www.photovoyage.fr\/blog\/wp-content\/uploads\/ngg_featured\/MG_9054-Copier.JPG\" \/>\n\t<meta property=\"og:image:width\" content=\"800\" \/>\n\t<meta property=\"og:image:height\" content=\"533\" \/>\n\t<meta property=\"og:image:type\" content=\"image\/jpeg\" \/>\n<meta name=\"author\" content=\"photovoyage\" \/>\n<meta name=\"twitter:label1\" content=\"\u00c9crit par\" \/>\n\t<meta name=\"twitter:data1\" content=\"photovoyage\" \/>\n\t<meta name=\"twitter:label2\" content=\"Dur\u00e9e de lecture estim\u00e9e\" \/>\n\t<meta name=\"twitter:data2\" content=\"3 minutes\" \/>\n<script type=\"application\/ld+json\" class=\"yoast-schema-graph\">{\"@context\":\"https:\/\/schema.org\",\"@graph\":[{\"@type\":\"Article\",\"@id\":\"http:\/\/www.photovoyage.fr\/blog\/milan\/#article\",\"isPartOf\":{\"@id\":\"http:\/\/www.photovoyage.fr\/blog\/milan\/\"},\"author\":{\"name\":\"photovoyage\",\"@id\":\"http:\/\/www.photovoyage.fr\/blog\/#\/schema\/person\/a6600656ccdd05f7a4132987c28fc4ac\"},\"headline\":\"Milan la capitale chic !\",\"datePublished\":\"2015-12-14T21:31:46+00:00\",\"dateModified\":\"2015-12-15T20:30:05+00:00\",\"mainEntityOfPage\":{\"@id\":\"http:\/\/www.photovoyage.fr\/blog\/milan\/\"},\"wordCount\":603,\"commentCount\":0,\"publisher\":{\"@id\":\"http:\/\/www.photovoyage.fr\/blog\/#\/schema\/person\/a6600656ccdd05f7a4132987c28fc4ac\"},\"image\":{\"@id\":\"http:\/\/www.photovoyage.fr\/blog\/milan\/#primaryimage\"},\"thumbnailUrl\":\"http:\/\/www.photovoyage.fr\/blog\/wp-content\/uploads\/ngg_featured\/MG_9054-Copier.JPG\",\"keywords\":[\"Italie\",\"Milan\"],\"articleSection\":[\"Escapades\"],\"inLanguage\":\"fr-FR\",\"potentialAction\":[{\"@type\":\"CommentAction\",\"name\":\"Comment\",\"target\":[\"http:\/\/www.photovoyage.fr\/blog\/milan\/#respond\"]}]},{\"@type\":\"WebPage\",\"@id\":\"http:\/\/www.photovoyage.fr\/blog\/milan\/\",\"url\":\"http:\/\/www.photovoyage.fr\/blog\/milan\/\",\"name\":\"Milan la capitale chic ! - photovoyage.fr\",\"isPartOf\":{\"@id\":\"http:\/\/www.photovoyage.fr\/blog\/#website\"},\"primaryImageOfPage\":{\"@id\":\"http:\/\/www.photovoyage.fr\/blog\/milan\/#primaryimage\"},\"image\":{\"@id\":\"http:\/\/www.photovoyage.fr\/blog\/milan\/#primaryimage\"},\"thumbnailUrl\":\"http:\/\/www.photovoyage.fr\/blog\/wp-content\/uploads\/ngg_featured\/MG_9054-Copier.JPG\",\"datePublished\":\"2015-12-14T21:31:46+00:00\",\"dateModified\":\"2015-12-15T20:30:05+00:00\",\"breadcrumb\":{\"@id\":\"http:\/\/www.photovoyage.fr\/blog\/milan\/#breadcrumb\"},\"inLanguage\":\"fr-FR\",\"potentialAction\":[{\"@type\":\"ReadAction\",\"target\":[\"http:\/\/www.photovoyage.fr\/blog\/milan\/\"]}]},{\"@type\":\"ImageObject\",\"inLanguage\":\"fr-FR\",\"@id\":\"http:\/\/www.photovoyage.fr\/blog\/milan\/#primaryimage\",\"url\":\"http:\/\/www.photovoyage.fr\/blog\/wp-content\/uploads\/ngg_featured\/MG_9054-Copier.JPG\",\"contentUrl\":\"http:\/\/www.photovoyage.fr\/blog\/wp-content\/uploads\/ngg_featured\/MG_9054-Copier.JPG\",\"width\":800,\"height\":533},{\"@type\":\"BreadcrumbList\",\"@id\":\"http:\/\/www.photovoyage.fr\/blog\/milan\/#breadcrumb\",\"itemListElement\":[{\"@type\":\"ListItem\",\"position\":1,\"name\":\"Accueil\",\"item\":\"http:\/\/www.photovoyage.fr\/blog\/\"},{\"@type\":\"ListItem\",\"position\":2,\"name\":\"Milan la capitale chic !\"}]},{\"@type\":\"WebSite\",\"@id\":\"http:\/\/www.photovoyage.fr\/blog\/#website\",\"url\":\"http:\/\/www.photovoyage.fr\/blog\/\",\"name\":\"photovoyage.fr\",\"description\":\"La passion de la photo et du voyage. Retrouvez ici nos r\u00e9cits de voyages et nos photos.\",\"publisher\":{\"@id\":\"http:\/\/www.photovoyage.fr\/blog\/#\/schema\/person\/a6600656ccdd05f7a4132987c28fc4ac\"},\"potentialAction\":[{\"@type\":\"SearchAction\",\"target\":{\"@type\":\"EntryPoint\",\"urlTemplate\":\"http:\/\/www.photovoyage.fr\/blog\/?s={search_term_string}\"},\"query-input\":{\"@type\":\"PropertyValueSpecification\",\"valueRequired\":true,\"valueName\":\"search_term_string\"}}],\"inLanguage\":\"fr-FR\"},{\"@type\":[\"Person\",\"Organization\"],\"@id\":\"http:\/\/www.photovoyage.fr\/blog\/#\/schema\/person\/a6600656ccdd05f7a4132987c28fc4ac\",\"name\":\"photovoyage\",\"image\":{\"@type\":\"ImageObject\",\"inLanguage\":\"fr-FR\",\"@id\":\"http:\/\/www.photovoyage.fr\/blog\/#\/schema\/person\/image\/\",\"url\":\"http:\/\/www.photovoyage.fr\/blog\/wp-content\/uploads\/2018\/04\/cropped-cropped-logo3.jpg\",\"contentUrl\":\"http:\/\/www.photovoyage.fr\/blog\/wp-content\/uploads\/2018\/04\/cropped-cropped-logo3.jpg\",\"width\":873,\"height\":111,\"caption\":\"photovoyage\"},\"logo\":{\"@id\":\"http:\/\/www.photovoyage.fr\/blog\/#\/schema\/person\/image\/\"}}]}<\/script>\n<!-- \/ Yoast SEO plugin. -->","yoast_head_json":{"title":"Milan la capitale chic ! - photovoyage.fr","robots":{"index":"index","follow":"follow","max-snippet":"max-snippet:-1","max-image-preview":"max-image-preview:large","max-video-preview":"max-video-preview:-1"},"canonical":"http:\/\/www.photovoyage.fr\/blog\/milan\/","og_locale":"fr_FR","og_type":"article","og_title":"Milan la capitale chic ! - photovoyage.fr","og_description":"Milan est la capitale \u00e9conomique du nord de l&rsquo;Italie. La cit\u00e9 lombarde n&rsquo;a pas l&rsquo;histoire et le patrimoine de Rome, mais la ville, au demeurant capitale ( &#8230; de la mode), poss\u00e8de tout de m\u00eame quelques arguments \u00e0 faire valoir. On ne vous conseille pas forc\u00e9ment d&rsquo;y passer une semaine mais pour deux ou trois &hellip;","og_url":"http:\/\/www.photovoyage.fr\/blog\/milan\/","og_site_name":"photovoyage.fr","article_published_time":"2015-12-14T21:31:46+00:00","article_modified_time":"2015-12-15T20:30:05+00:00","og_image":[{"width":800,"height":533,"url":"http:\/\/www.photovoyage.fr\/blog\/wp-content\/uploads\/ngg_featured\/MG_9054-Copier.JPG","type":"image\/jpeg"}],"author":"photovoyage","twitter_misc":{"\u00c9crit par":"photovoyage","Dur\u00e9e de lecture estim\u00e9e":"3 minutes"},"schema":{"@context":"https:\/\/schema.org","@graph":[{"@type":"Article","@id":"http:\/\/www.photovoyage.fr\/blog\/milan\/#article","isPartOf":{"@id":"http:\/\/www.photovoyage.fr\/blog\/milan\/"},"author":{"name":"photovoyage","@id":"http:\/\/www.photovoyage.fr\/blog\/#\/schema\/person\/a6600656ccdd05f7a4132987c28fc4ac"},"headline":"Milan la capitale chic !","datePublished":"2015-12-14T21:31:46+00:00","dateModified":"2015-12-15T20:30:05+00:00","mainEntityOfPage":{"@id":"http:\/\/www.photovoyage.fr\/blog\/milan\/"},"wordCount":603,"commentCount":0,"publisher":{"@id":"http:\/\/www.photovoyage.fr\/blog\/#\/schema\/person\/a6600656ccdd05f7a4132987c28fc4ac"},"image":{"@id":"http:\/\/www.photovoyage.fr\/blog\/milan\/#primaryimage"},"thumbnailUrl":"http:\/\/www.photovoyage.fr\/blog\/wp-content\/uploads\/ngg_featured\/MG_9054-Copier.JPG","keywords":["Italie","Milan"],"articleSection":["Escapades"],"inLanguage":"fr-FR","potentialAction":[{"@type":"CommentAction","name":"Comment","target":["http:\/\/www.photovoyage.fr\/blog\/milan\/#respond"]}]},{"@type":"WebPage","@id":"http:\/\/www.photovoyage.fr\/blog\/milan\/","url":"http:\/\/www.photovoyage.fr\/blog\/milan\/","name":"Milan la capitale chic ! - photovoyage.fr","isPartOf":{"@id":"http:\/\/www.photovoyage.fr\/blog\/#website"},"primaryImageOfPage":{"@id":"http:\/\/www.photovoyage.fr\/blog\/milan\/#primaryimage"},"image":{"@id":"http:\/\/www.photovoyage.fr\/blog\/milan\/#primaryimage"},"thumbnailUrl":"http:\/\/www.photovoyage.fr\/blog\/wp-content\/uploads\/ngg_featured\/MG_9054-Copier.JPG","datePublished":"2015-12-14T21:31:46+00:00","dateModified":"2015-12-15T20:30:05+00:00","breadcrumb":{"@id":"http:\/\/www.photovoyage.fr\/blog\/milan\/#breadcrumb"},"inLanguage":"fr-FR","potentialAction":[{"@type":"ReadAction","target":["http:\/\/www.photovoyage.fr\/blog\/milan\/"]}]},{"@type":"ImageObject","inLanguage":"fr-FR","@id":"http:\/\/www.photovoyage.fr\/blog\/milan\/#primaryimage","url":"http:\/\/www.photovoyage.fr\/blog\/wp-content\/uploads\/ngg_featured\/MG_9054-Copier.JPG","contentUrl":"http:\/\/www.photovoyage.fr\/blog\/wp-content\/uploads\/ngg_featured\/MG_9054-Copier.JPG","width":800,"height":533},{"@type":"BreadcrumbList","@id":"http:\/\/www.photovoyage.fr\/blog\/milan\/#breadcrumb","itemListElement":[{"@type":"ListItem","position":1,"name":"Accueil","item":"http:\/\/www.photovoyage.fr\/blog\/"},{"@type":"ListItem","position":2,"name":"Milan la capitale chic !"}]},{"@type":"WebSite","@id":"http:\/\/www.photovoyage.fr\/blog\/#website","url":"http:\/\/www.photovoyage.fr\/blog\/","name":"photovoyage.fr","description":"La passion de la photo et du voyage. Retrouvez ici nos r\u00e9cits de voyages et nos photos.","publisher":{"@id":"http:\/\/www.photovoyage.fr\/blog\/#\/schema\/person\/a6600656ccdd05f7a4132987c28fc4ac"},"potentialAction":[{"@type":"SearchAction","target":{"@type":"EntryPoint","urlTemplate":"http:\/\/www.photovoyage.fr\/blog\/?s={search_term_string}"},"query-input":{"@type":"PropertyValueSpecification","valueRequired":true,"valueName":"search_term_string"}}],"inLanguage":"fr-FR"},{"@type":["Person","Organization"],"@id":"http:\/\/www.photovoyage.fr\/blog\/#\/schema\/person\/a6600656ccdd05f7a4132987c28fc4ac","name":"photovoyage","image":{"@type":"ImageObject","inLanguage":"fr-FR","@id":"http:\/\/www.photovoyage.fr\/blog\/#\/schema\/person\/image\/","url":"http:\/\/www.photovoyage.fr\/blog\/wp-content\/uploads\/2018\/04\/cropped-cropped-logo3.jpg","contentUrl":"http:\/\/www.photovoyage.fr\/blog\/wp-content\/uploads\/2018\/04\/cropped-cropped-logo3.jpg","width":873,"height":111,"caption":"photovoyage"},"logo":{"@id":"http:\/\/www.photovoyage.fr\/blog\/#\/schema\/person\/image\/"}}]}},"_links":{"self":[{"href":"http:\/\/www.photovoyage.fr\/blog\/wp-json\/wp\/v2\/posts\/1175","targetHints":{"allow":["GET"]}}],"collection":[{"href":"http:\/\/www.photovoyage.fr\/blog\/wp-json\/wp\/v2\/posts"}],"about":[{"href":"http:\/\/www.photovoyage.fr\/blog\/wp-json\/wp\/v2\/types\/post"}],"author":[{"embeddable":true,"href":"http:\/\/www.photovoyage.fr\/blog\/wp-json\/wp\/v2\/users\/1"}],"replies":[{"embeddable":true,"href":"http:\/\/www.photovoyage.fr\/blog\/wp-json\/wp\/v2\/comments?post=1175"}],"version-history":[{"count":0,"href":"http:\/\/www.photovoyage.fr\/blog\/wp-json\/wp\/v2\/posts\/1175\/revisions"}],"wp:featuredmedia":[{"embeddable":true,"href":"http:\/\/www.photovoyage.fr\/blog\/wp-json\/wp\/v2\/media\/1241"}],"wp:attachment":[{"href":"http:\/\/www.photovoyage.fr\/blog\/wp-json\/wp\/v2\/media?parent=1175"}],"wp:term":[{"taxonomy":"category","embeddable":true,"href":"http:\/\/www.photovoyage.fr\/blog\/wp-json\/wp\/v2\/categories?post=1175"},{"taxonomy":"post_tag","embeddable":true,"href":"http:\/\/www.photovoyage.fr\/blog\/wp-json\/wp\/v2\/tags?post=1175"}],"curies":[{"name":"wp","href":"https:\/\/api.w.org\/{rel}","templated":true}]}}