{"id":12,"date":"2014-03-22T21:34:54","date_gmt":"2014-03-22T20:34:54","guid":{"rendered":"http:\/\/127.0.0.1\/projects\/photovoyage.fr\/blog\/?p=12"},"modified":"2016-06-04T22:03:10","modified_gmt":"2016-06-04T21:03:10","slug":"premiers-jours-a-la-reunion","status":"publish","type":"post","link":"http:\/\/www.photovoyage.fr\/blog\/premiers-jours-a-la-reunion\/","title":{"rendered":"Premiers jours \u00e0 la R\u00e9union"},"content":{"rendered":"<div class=\"yzp-no-index\"><\/div><p>C&rsquo;est avec presque 6 heures de retard que nous sommes finalement arriv\u00e9s \u00e0 Saint Denis. Il est d\u00e9j\u00e0 13H ici, et nous nous pressons pour profiter un peu de notre premi\u00e8re journ\u00e9e dans l&rsquo;h\u00e9misph\u00e8re sud.<br \/>\nLes bagages sont l\u00e0 (ouf, Madeleine respire&#8230;).<br \/>\nNous r\u00e9cup\u00e9rons la voiture de location (206 blanche), non sans l&rsquo;avoir scrut\u00e9e sous toutes les coutures, et nous prenons enfin la route.<br \/>\nLe temps est couvert, mais il ne pleut pas, heureusement.<br \/>\nApr\u00e8s quelques kilom\u00e8tres nous quittons la route et nous enfoncons \u00e0 travers les champs de cannes \u00e0 sucre.<br \/>\nQuelques centaines de m\u00e8tres plus loin, la cascade Niagara se d\u00e9voile \u00e0 nous.<br \/>\nRien \u00e0 voir avec sa grande soeur nord-am\u00e9ricaine.<br \/>\nLa cascade de Sainte Suzanne est plus modeste, mais elle n&rsquo;en demeure pas moins magnifique.<br \/>\nElle tombe bruyamment dans un bassin aux eaux tranquilles.<br \/>\nUn peu plus loin, des nids aux formes \u00e9tonnantes accueillent de petits oiseaux \u00e0 la couleur jaune vive.<\/p>\n<p><a href=\"http:\/\/www.photovoyage.fr\/blog\/wp-content\/uploads\/2014\/03\/reunion-2.jpg\"><img loading=\"lazy\" decoding=\"async\" class=\"alignnone size-medium wp-image-14\" src=\"http:\/\/www.photovoyage.fr\/blog\/wp-content\/uploads\/2014\/03\/reunion-2-300x199.jpg\" alt=\"Cascade \" width=\"300\" height=\"199\" srcset=\"http:\/\/www.photovoyage.fr\/blog\/wp-content\/uploads\/2014\/03\/reunion-2-300x199.jpg 300w, http:\/\/www.photovoyage.fr\/blog\/wp-content\/uploads\/2014\/03\/reunion-2.jpg 800w\" sizes=\"auto, (max-width: 300px) 100vw, 300px\" \/><\/a><br \/>\nCeux ci virevoltent d&rsquo;arbres en arbres, offrant un spectacle surprenant.<br \/>\nNous restons de longues minutes \u00e0 les contempler et \u00e0 essayer de les photographier.<br \/>\nMais malheureusement le temps n&rsquo;est pas en notre faveur, et nous repartons en direction de Hell-Bourg, ou se trouve notre premier h\u00f4tel.<br \/>\nUn petit crochet par Saint Andr\u00e9, histoire de voir \u00e0 quoi ressemble un temple Tamoul.<\/p>\n<p>Nous arrivons finalement \u00e0 Hell-Bourg alors que la nuit est d\u00e9j\u00e0 tomb\u00e9e.<br \/>\nLa pluie est \u00e9galement l\u00e0 pour nous accueillir.<br \/>\nNous prenons possession de notre chambre, pour cette premi\u00e8re nuit r\u00e9unionaise, au coeur du cirque de Salazie.<br \/>\nInutile de vous pr\u00e9ciser que nous ne nous faisons pas prier pour nous endormir.<\/p>\n<p>Pour notre premi\u00e8re matin\u00e9e, le soleil a pris la place des averses de la veille.<br \/>\nNous quittons donc le Relais des Cimes, et partons visiter ce village cr\u00e9ole qu&rsquo;est Hell-Bourg.<br \/>\nUn charmant petit village d&rsquo;ailleurs avec ses maisons typiques<\/p>\n<p>C&rsquo;est l&rsquo;une d&rsquo;entre elle, la maison Folio, que nous visitons.<br \/>\nLe jardin regorge de plantes que nos guides nous font d\u00e9couvrir, ainsi que l&rsquo;int\u00e9rieur de la maison qui a gard\u00e9 son charme d&rsquo;antan.<br \/>\nElle a plus de 150 ans cette maison !<\/p>\n<p>Nous prenons le temps de visiter aussi le cimeti\u00e8re ou une partie du c\u00e9l\u00e8bre bandit est enterr\u00e9.<br \/>\nLe cimeti\u00e8re est le plus fleuri que nous ayons pu voir, et la vue sur le Piton des Neige est magnifique.<\/p>\n<p><a href=\"http:\/\/www.photovoyage.fr\/blog\/wp-content\/uploads\/2014\/03\/reunion-14.jpg\"><img loading=\"lazy\" decoding=\"async\" class=\"alignnone size-medium wp-image-22\" src=\"http:\/\/www.photovoyage.fr\/blog\/wp-content\/uploads\/2014\/03\/reunion-14-300x199.jpg\" alt=\"Cimeti\u00e8re Hell-Bourg\" width=\"300\" height=\"199\" srcset=\"http:\/\/www.photovoyage.fr\/blog\/wp-content\/uploads\/2014\/03\/reunion-14-300x199.jpg 300w, http:\/\/www.photovoyage.fr\/blog\/wp-content\/uploads\/2014\/03\/reunion-14.jpg 800w\" sizes=\"auto, (max-width: 300px) 100vw, 300px\" \/><\/a><\/p>\n<p>Nous quittons ensuite Hell-Bourg pour Salazie, et sa fameuse cascade du Voile de la mari\u00e9e.<br \/>\nPuis,direction la for\u00eat de Belouve.<br \/>\nMalheureusement le temps est ex\u00e9crable et nous ne pouvons effectuer la balade jusqu&rsquo;au trou de Fer.<br \/>\nHeureusement une \u00e9claircie nous permet quand m\u00eame de visiter cette for\u00eat vraiment extra ordinaire. La v\u00e9g\u00e9tation luxuriante, les odeurs, c&rsquo;est vraiment un endroit extra ordinaire.<br \/>\nNous reprenons la route foresti\u00e8re, et c&rsquo;est dans un brouillard \u00e9pais que nous gagnons finalement Bourg Murat et l&rsquo;Hotel l&rsquo;Ecrin.<\/p>\n<p>Pour ce troisi\u00e8me jour, nous partons de bonne heure car la journ\u00e9e sera longue. La partie Sud de l&rsquo;Ile est au programme.<br \/>\nNous quittons donc la montagne pour descendre sur la c\u00f4te, et commencons par visiter la belle \u00e9glise de Sainte Anne.<\/p>\n<p><a href=\"http:\/\/www.photovoyage.fr\/blog\/wp-content\/uploads\/2014\/03\/reunion-19.jpg\"><img loading=\"lazy\" decoding=\"async\" class=\"alignnone size-medium wp-image-16\" src=\"http:\/\/www.photovoyage.fr\/blog\/wp-content\/uploads\/2014\/03\/reunion-19-200x300.jpg\" alt=\"Sainte Anne\" width=\"200\" height=\"300\" srcset=\"http:\/\/www.photovoyage.fr\/blog\/wp-content\/uploads\/2014\/03\/reunion-19-200x300.jpg 200w, http:\/\/www.photovoyage.fr\/blog\/wp-content\/uploads\/2014\/03\/reunion-19-300x450.jpg 300w, http:\/\/www.photovoyage.fr\/blog\/wp-content\/uploads\/2014\/03\/reunion-19.jpg 400w\" sizes=\"auto, (max-width: 200px) 100vw, 200px\" \/><\/a><\/p>\n<p>Puis direction Piton Sainte Rose pour appr\u00e9hender un peu plus la pr\u00e9sence du volcan.<\/p>\n<p>Nous restons un moment \u00e0 contempler la petite chappelle qui a miraculeusement \u00e9chapp\u00e9e \u00e0 une coul\u00e9e de lave.<br \/>\nEn effet, la lave s&rsquo;est arret\u00e9e aux porte de cette \u00e9glise baptis\u00e9e depuis Notre Dame des Laves.<br \/>\nNous continuons ensuite par cette magnifique route coti\u00e8re. On peut appr\u00e9cier la v\u00e9g\u00e9tation tr\u00e8s color\u00e9e de cette partie de l&rsquo;Ile. Nous quittons la route pour nous rendre dans un autre endroit magique : l&rsquo;anse des cascade.<\/p>\n<p>C&rsquo;est un endroit un peu encaiss\u00e9, au bord de l&rsquo;oc\u00e9an, et entour\u00e9e par des falaises d&rsquo;ou jaillissent un tas de cascades. L&rsquo;endroit est vraiment superbe.<\/p>\n<p>Nous continuons notre p\u00e9riple, et passons devant les diff\u00e9rentes coul\u00e9es de lave qui s&rsquo;\u00e9tirent jusqu&rsquo;\u00e0 l&rsquo;oc\u00e9an.<\/p>\n<p>Plus haut, nous distinguons \u00e0 peine le Piton de la Fournaise, cach\u00e9 par un \u00e9pais brouillard.<br \/>\nAu milieu de cette lave, nous avons l&rsquo;impression d&rsquo;\u00eatre dans un cendrier g\u00e9ant. Mais le contraste entre le noir de la lave et le bleu de l&rsquo;oc\u00e9an est magnifique.<\/p>\n<p>Nous mangeons un peu plus loin, pr\u00e8s d&rsquo;une cabane au bord de la route, ou un R\u00e9unionais pr\u00e9pare de bonnes brochette de poulet laqu\u00e9 accompagn\u00e9 d&rsquo;une salade compos\u00e9e.<\/p>\n<p>Simple mais bon.<br \/>\nNous repartons non sans avoir bu la c\u00e9l\u00e8bre Dodo (la bi\u00e8re locale), et nous rendons au Cap M\u00e9chant.<\/p>\n<p><a href=\"http:\/\/www.photovoyage.fr\/blog\/wp-content\/uploads\/2014\/03\/reunion-28.jpg\"><img loading=\"lazy\" decoding=\"async\" class=\"alignnone size-medium wp-image-20\" src=\"http:\/\/www.photovoyage.fr\/blog\/wp-content\/uploads\/2014\/03\/reunion-28-300x199.jpg\" alt=\"Cap M\u00e9chant\" width=\"300\" height=\"199\" srcset=\"http:\/\/www.photovoyage.fr\/blog\/wp-content\/uploads\/2014\/03\/reunion-28-300x199.jpg 300w, http:\/\/www.photovoyage.fr\/blog\/wp-content\/uploads\/2014\/03\/reunion-28.jpg 800w\" sizes=\"auto, (max-width: 300px) 100vw, 300px\" \/><\/a><br \/>\nEncore un site remarquabe. Les vagues de l&rsquo;oc\u00e9an indien viennent se fracasser sur d&rsquo;\u00e9normes rocher noir volcaniques dans des claquements et d&rsquo;immenses gerbes d&rsquo;eau.<br \/>\nNous devons quitter le cap M\u00e9chant lorsqu&rsquo;une \u00ab\u00a0sorci\u00e8re\u00a0\u00bb local commence \u00e0 nous harceler. Un mauvais sort est si vite arriv\u00e9 !!!<\/p>\n<p>Nous filons vers la belle plage de Grand-Baie, ou l&rsquo;oc\u00e9an d&rsquo;un bleu turquoise tranche avec les pierres noires de la plage. Pas question de se baigner ici (vagues, courants dangereux et requins) mais l&rsquo;endroit est magique.<\/p>\n<p><a href=\"http:\/\/www.photovoyage.fr\/blog\/wp-content\/uploads\/2014\/03\/reunion-30.jpg\"><img loading=\"lazy\" decoding=\"async\" class=\"alignnone size-medium wp-image-18\" src=\"http:\/\/www.photovoyage.fr\/blog\/wp-content\/uploads\/2014\/03\/reunion-30-300x199.jpg\" alt=\"Grande baie\" width=\"300\" height=\"199\" srcset=\"http:\/\/www.photovoyage.fr\/blog\/wp-content\/uploads\/2014\/03\/reunion-30-300x199.jpg 300w, http:\/\/www.photovoyage.fr\/blog\/wp-content\/uploads\/2014\/03\/reunion-30.jpg 800w\" sizes=\"auto, (max-width: 300px) 100vw, 300px\" \/><\/a><\/p>\n<p>Nous nous rendons ensuite \u00e0 Langevin pour y voir une cascade vraiment somptueuse, avant d&rsquo;aller enfin \u00e0 Saint Pierre pour une visite \u00e9claire du march\u00e9 couvert et remontons vers Bourg Murat apr\u00e8s cette tr\u00e8s belle journ\u00e9e.<\/p>\n<p><a href=\"http:\/\/www.photovoyage.fr\/blog\/wp-content\/uploads\/2014\/03\/reunion-29.jpg\"><img loading=\"lazy\" decoding=\"async\" class=\"alignnone size-medium wp-image-21\" src=\"http:\/\/www.photovoyage.fr\/blog\/wp-content\/uploads\/2014\/03\/reunion-29-300x199.jpg\" alt=\"Langevin\" width=\"300\" height=\"199\" srcset=\"http:\/\/www.photovoyage.fr\/blog\/wp-content\/uploads\/2014\/03\/reunion-29-300x199.jpg 300w, http:\/\/www.photovoyage.fr\/blog\/wp-content\/uploads\/2014\/03\/reunion-29.jpg 800w\" sizes=\"auto, (max-width: 300px) 100vw, 300px\" \/><\/a><\/p>\n<p>Demain, nous iront sur le volcan&#8230;<\/p>\n","protected":false},"excerpt":{"rendered":"<p>C&rsquo;est avec presque 6 heures de retard que nous sommes finalement arriv\u00e9s \u00e0 Saint Denis. Il est d\u00e9j\u00e0 13H ici, et nous nous pressons pour profiter un peu de notre premi\u00e8re journ\u00e9e dans l&rsquo;h\u00e9misph\u00e8re sud. Les bagages sont l\u00e0 (ouf, Madeleine respire&#8230;). Nous r\u00e9cup\u00e9rons la voiture de location (206 blanche), non sans l&rsquo;avoir scrut\u00e9e sous &hellip;<\/p>\n","protected":false},"author":1,"featured_media":13,"comment_status":"open","ping_status":"open","sticky":false,"template":"","format":"standard","meta":{"ngg_post_thumbnail":0,"footnotes":""},"categories":[6],"tags":[34,4],"class_list":["post-12","post","type-post","status-publish","format-standard","has-post-thumbnail","hentry","category-voyages","tag-ocean-indien","tag-reunion","entry entry-center"],"yoast_head":"<!-- This site is optimized with the Yoast SEO plugin v24.1 - https:\/\/yoast.com\/wordpress\/plugins\/seo\/ -->\n<title>Premiers jours \u00e0 la R\u00e9union - photovoyage.fr<\/title>\n<meta name=\"robots\" content=\"index, follow, max-snippet:-1, max-image-preview:large, max-video-preview:-1\" \/>\n<link rel=\"canonical\" href=\"http:\/\/www.photovoyage.fr\/blog\/premiers-jours-a-la-reunion\/\" \/>\n<meta property=\"og:locale\" content=\"fr_FR\" \/>\n<meta property=\"og:type\" content=\"article\" \/>\n<meta property=\"og:title\" content=\"Premiers jours \u00e0 la R\u00e9union - photovoyage.fr\" \/>\n<meta property=\"og:description\" content=\"C&rsquo;est avec presque 6 heures de retard que nous sommes finalement arriv\u00e9s \u00e0 Saint Denis. Il est d\u00e9j\u00e0 13H ici, et nous nous pressons pour profiter un peu de notre premi\u00e8re journ\u00e9e dans l&rsquo;h\u00e9misph\u00e8re sud. Les bagages sont l\u00e0 (ouf, Madeleine respire&#8230;). Nous r\u00e9cup\u00e9rons la voiture de location (206 blanche), non sans l&rsquo;avoir scrut\u00e9e sous &hellip;\" \/>\n<meta property=\"og:url\" content=\"http:\/\/www.photovoyage.fr\/blog\/premiers-jours-a-la-reunion\/\" \/>\n<meta property=\"og:site_name\" content=\"photovoyage.fr\" \/>\n<meta property=\"article:published_time\" content=\"2014-03-22T20:34:54+00:00\" \/>\n<meta property=\"article:modified_time\" content=\"2016-06-04T21:03:10+00:00\" \/>\n<meta property=\"og:image\" content=\"http:\/\/www.photovoyage.fr\/blog\/wp-content\/uploads\/2014\/03\/reunion.jpg\" \/>\n\t<meta property=\"og:image:width\" content=\"800\" \/>\n\t<meta property=\"og:image:height\" content=\"533\" \/>\n\t<meta property=\"og:image:type\" content=\"image\/jpeg\" \/>\n<meta name=\"author\" content=\"photovoyage\" \/>\n<meta name=\"twitter:label1\" content=\"\u00c9crit par\" \/>\n\t<meta name=\"twitter:data1\" content=\"photovoyage\" \/>\n\t<meta name=\"twitter:label2\" content=\"Dur\u00e9e de lecture estim\u00e9e\" \/>\n\t<meta name=\"twitter:data2\" content=\"5 minutes\" \/>\n<script type=\"application\/ld+json\" class=\"yoast-schema-graph\">{\"@context\":\"https:\/\/schema.org\",\"@graph\":[{\"@type\":\"Article\",\"@id\":\"http:\/\/www.photovoyage.fr\/blog\/premiers-jours-a-la-reunion\/#article\",\"isPartOf\":{\"@id\":\"http:\/\/www.photovoyage.fr\/blog\/premiers-jours-a-la-reunion\/\"},\"author\":{\"name\":\"photovoyage\",\"@id\":\"http:\/\/www.photovoyage.fr\/blog\/#\/schema\/person\/a6600656ccdd05f7a4132987c28fc4ac\"},\"headline\":\"Premiers jours \u00e0 la R\u00e9union\",\"datePublished\":\"2014-03-22T20:34:54+00:00\",\"dateModified\":\"2016-06-04T21:03:10+00:00\",\"mainEntityOfPage\":{\"@id\":\"http:\/\/www.photovoyage.fr\/blog\/premiers-jours-a-la-reunion\/\"},\"wordCount\":914,\"commentCount\":0,\"publisher\":{\"@id\":\"http:\/\/www.photovoyage.fr\/blog\/#\/schema\/person\/a6600656ccdd05f7a4132987c28fc4ac\"},\"image\":{\"@id\":\"http:\/\/www.photovoyage.fr\/blog\/premiers-jours-a-la-reunion\/#primaryimage\"},\"thumbnailUrl\":\"http:\/\/www.photovoyage.fr\/blog\/wp-content\/uploads\/2014\/03\/reunion.jpg\",\"keywords\":[\"Oc\u00e9an Indien\",\"R\u00e9union\"],\"articleSection\":[\"Voyages\"],\"inLanguage\":\"fr-FR\",\"potentialAction\":[{\"@type\":\"CommentAction\",\"name\":\"Comment\",\"target\":[\"http:\/\/www.photovoyage.fr\/blog\/premiers-jours-a-la-reunion\/#respond\"]}]},{\"@type\":\"WebPage\",\"@id\":\"http:\/\/www.photovoyage.fr\/blog\/premiers-jours-a-la-reunion\/\",\"url\":\"http:\/\/www.photovoyage.fr\/blog\/premiers-jours-a-la-reunion\/\",\"name\":\"Premiers jours \u00e0 la R\u00e9union - photovoyage.fr\",\"isPartOf\":{\"@id\":\"http:\/\/www.photovoyage.fr\/blog\/#website\"},\"primaryImageOfPage\":{\"@id\":\"http:\/\/www.photovoyage.fr\/blog\/premiers-jours-a-la-reunion\/#primaryimage\"},\"image\":{\"@id\":\"http:\/\/www.photovoyage.fr\/blog\/premiers-jours-a-la-reunion\/#primaryimage\"},\"thumbnailUrl\":\"http:\/\/www.photovoyage.fr\/blog\/wp-content\/uploads\/2014\/03\/reunion.jpg\",\"datePublished\":\"2014-03-22T20:34:54+00:00\",\"dateModified\":\"2016-06-04T21:03:10+00:00\",\"breadcrumb\":{\"@id\":\"http:\/\/www.photovoyage.fr\/blog\/premiers-jours-a-la-reunion\/#breadcrumb\"},\"inLanguage\":\"fr-FR\",\"potentialAction\":[{\"@type\":\"ReadAction\",\"target\":[\"http:\/\/www.photovoyage.fr\/blog\/premiers-jours-a-la-reunion\/\"]}]},{\"@type\":\"ImageObject\",\"inLanguage\":\"fr-FR\",\"@id\":\"http:\/\/www.photovoyage.fr\/blog\/premiers-jours-a-la-reunion\/#primaryimage\",\"url\":\"http:\/\/www.photovoyage.fr\/blog\/wp-content\/uploads\/2014\/03\/reunion.jpg\",\"contentUrl\":\"http:\/\/www.photovoyage.fr\/blog\/wp-content\/uploads\/2014\/03\/reunion.jpg\",\"width\":800,\"height\":533},{\"@type\":\"BreadcrumbList\",\"@id\":\"http:\/\/www.photovoyage.fr\/blog\/premiers-jours-a-la-reunion\/#breadcrumb\",\"itemListElement\":[{\"@type\":\"ListItem\",\"position\":1,\"name\":\"Accueil\",\"item\":\"http:\/\/www.photovoyage.fr\/blog\/\"},{\"@type\":\"ListItem\",\"position\":2,\"name\":\"Premiers jours \u00e0 la R\u00e9union\"}]},{\"@type\":\"WebSite\",\"@id\":\"http:\/\/www.photovoyage.fr\/blog\/#website\",\"url\":\"http:\/\/www.photovoyage.fr\/blog\/\",\"name\":\"photovoyage.fr\",\"description\":\"La passion de la photo et du voyage. Retrouvez ici nos r\u00e9cits de voyages et nos photos.\",\"publisher\":{\"@id\":\"http:\/\/www.photovoyage.fr\/blog\/#\/schema\/person\/a6600656ccdd05f7a4132987c28fc4ac\"},\"potentialAction\":[{\"@type\":\"SearchAction\",\"target\":{\"@type\":\"EntryPoint\",\"urlTemplate\":\"http:\/\/www.photovoyage.fr\/blog\/?s={search_term_string}\"},\"query-input\":{\"@type\":\"PropertyValueSpecification\",\"valueRequired\":true,\"valueName\":\"search_term_string\"}}],\"inLanguage\":\"fr-FR\"},{\"@type\":[\"Person\",\"Organization\"],\"@id\":\"http:\/\/www.photovoyage.fr\/blog\/#\/schema\/person\/a6600656ccdd05f7a4132987c28fc4ac\",\"name\":\"photovoyage\",\"image\":{\"@type\":\"ImageObject\",\"inLanguage\":\"fr-FR\",\"@id\":\"http:\/\/www.photovoyage.fr\/blog\/#\/schema\/person\/image\/\",\"url\":\"http:\/\/www.photovoyage.fr\/blog\/wp-content\/uploads\/2018\/04\/cropped-cropped-logo3.jpg\",\"contentUrl\":\"http:\/\/www.photovoyage.fr\/blog\/wp-content\/uploads\/2018\/04\/cropped-cropped-logo3.jpg\",\"width\":873,\"height\":111,\"caption\":\"photovoyage\"},\"logo\":{\"@id\":\"http:\/\/www.photovoyage.fr\/blog\/#\/schema\/person\/image\/\"}}]}<\/script>\n<!-- \/ Yoast SEO plugin. -->","yoast_head_json":{"title":"Premiers jours \u00e0 la R\u00e9union - photovoyage.fr","robots":{"index":"index","follow":"follow","max-snippet":"max-snippet:-1","max-image-preview":"max-image-preview:large","max-video-preview":"max-video-preview:-1"},"canonical":"http:\/\/www.photovoyage.fr\/blog\/premiers-jours-a-la-reunion\/","og_locale":"fr_FR","og_type":"article","og_title":"Premiers jours \u00e0 la R\u00e9union - photovoyage.fr","og_description":"C&rsquo;est avec presque 6 heures de retard que nous sommes finalement arriv\u00e9s \u00e0 Saint Denis. Il est d\u00e9j\u00e0 13H ici, et nous nous pressons pour profiter un peu de notre premi\u00e8re journ\u00e9e dans l&rsquo;h\u00e9misph\u00e8re sud. Les bagages sont l\u00e0 (ouf, Madeleine respire&#8230;). Nous r\u00e9cup\u00e9rons la voiture de location (206 blanche), non sans l&rsquo;avoir scrut\u00e9e sous &hellip;","og_url":"http:\/\/www.photovoyage.fr\/blog\/premiers-jours-a-la-reunion\/","og_site_name":"photovoyage.fr","article_published_time":"2014-03-22T20:34:54+00:00","article_modified_time":"2016-06-04T21:03:10+00:00","og_image":[{"width":800,"height":533,"url":"http:\/\/www.photovoyage.fr\/blog\/wp-content\/uploads\/2014\/03\/reunion.jpg","type":"image\/jpeg"}],"author":"photovoyage","twitter_misc":{"\u00c9crit par":"photovoyage","Dur\u00e9e de lecture estim\u00e9e":"5 minutes"},"schema":{"@context":"https:\/\/schema.org","@graph":[{"@type":"Article","@id":"http:\/\/www.photovoyage.fr\/blog\/premiers-jours-a-la-reunion\/#article","isPartOf":{"@id":"http:\/\/www.photovoyage.fr\/blog\/premiers-jours-a-la-reunion\/"},"author":{"name":"photovoyage","@id":"http:\/\/www.photovoyage.fr\/blog\/#\/schema\/person\/a6600656ccdd05f7a4132987c28fc4ac"},"headline":"Premiers jours \u00e0 la R\u00e9union","datePublished":"2014-03-22T20:34:54+00:00","dateModified":"2016-06-04T21:03:10+00:00","mainEntityOfPage":{"@id":"http:\/\/www.photovoyage.fr\/blog\/premiers-jours-a-la-reunion\/"},"wordCount":914,"commentCount":0,"publisher":{"@id":"http:\/\/www.photovoyage.fr\/blog\/#\/schema\/person\/a6600656ccdd05f7a4132987c28fc4ac"},"image":{"@id":"http:\/\/www.photovoyage.fr\/blog\/premiers-jours-a-la-reunion\/#primaryimage"},"thumbnailUrl":"http:\/\/www.photovoyage.fr\/blog\/wp-content\/uploads\/2014\/03\/reunion.jpg","keywords":["Oc\u00e9an Indien","R\u00e9union"],"articleSection":["Voyages"],"inLanguage":"fr-FR","potentialAction":[{"@type":"CommentAction","name":"Comment","target":["http:\/\/www.photovoyage.fr\/blog\/premiers-jours-a-la-reunion\/#respond"]}]},{"@type":"WebPage","@id":"http:\/\/www.photovoyage.fr\/blog\/premiers-jours-a-la-reunion\/","url":"http:\/\/www.photovoyage.fr\/blog\/premiers-jours-a-la-reunion\/","name":"Premiers jours \u00e0 la R\u00e9union - photovoyage.fr","isPartOf":{"@id":"http:\/\/www.photovoyage.fr\/blog\/#website"},"primaryImageOfPage":{"@id":"http:\/\/www.photovoyage.fr\/blog\/premiers-jours-a-la-reunion\/#primaryimage"},"image":{"@id":"http:\/\/www.photovoyage.fr\/blog\/premiers-jours-a-la-reunion\/#primaryimage"},"thumbnailUrl":"http:\/\/www.photovoyage.fr\/blog\/wp-content\/uploads\/2014\/03\/reunion.jpg","datePublished":"2014-03-22T20:34:54+00:00","dateModified":"2016-06-04T21:03:10+00:00","breadcrumb":{"@id":"http:\/\/www.photovoyage.fr\/blog\/premiers-jours-a-la-reunion\/#breadcrumb"},"inLanguage":"fr-FR","potentialAction":[{"@type":"ReadAction","target":["http:\/\/www.photovoyage.fr\/blog\/premiers-jours-a-la-reunion\/"]}]},{"@type":"ImageObject","inLanguage":"fr-FR","@id":"http:\/\/www.photovoyage.fr\/blog\/premiers-jours-a-la-reunion\/#primaryimage","url":"http:\/\/www.photovoyage.fr\/blog\/wp-content\/uploads\/2014\/03\/reunion.jpg","contentUrl":"http:\/\/www.photovoyage.fr\/blog\/wp-content\/uploads\/2014\/03\/reunion.jpg","width":800,"height":533},{"@type":"BreadcrumbList","@id":"http:\/\/www.photovoyage.fr\/blog\/premiers-jours-a-la-reunion\/#breadcrumb","itemListElement":[{"@type":"ListItem","position":1,"name":"Accueil","item":"http:\/\/www.photovoyage.fr\/blog\/"},{"@type":"ListItem","position":2,"name":"Premiers jours \u00e0 la R\u00e9union"}]},{"@type":"WebSite","@id":"http:\/\/www.photovoyage.fr\/blog\/#website","url":"http:\/\/www.photovoyage.fr\/blog\/","name":"photovoyage.fr","description":"La passion de la photo et du voyage. Retrouvez ici nos r\u00e9cits de voyages et nos photos.","publisher":{"@id":"http:\/\/www.photovoyage.fr\/blog\/#\/schema\/person\/a6600656ccdd05f7a4132987c28fc4ac"},"potentialAction":[{"@type":"SearchAction","target":{"@type":"EntryPoint","urlTemplate":"http:\/\/www.photovoyage.fr\/blog\/?s={search_term_string}"},"query-input":{"@type":"PropertyValueSpecification","valueRequired":true,"valueName":"search_term_string"}}],"inLanguage":"fr-FR"},{"@type":["Person","Organization"],"@id":"http:\/\/www.photovoyage.fr\/blog\/#\/schema\/person\/a6600656ccdd05f7a4132987c28fc4ac","name":"photovoyage","image":{"@type":"ImageObject","inLanguage":"fr-FR","@id":"http:\/\/www.photovoyage.fr\/blog\/#\/schema\/person\/image\/","url":"http:\/\/www.photovoyage.fr\/blog\/wp-content\/uploads\/2018\/04\/cropped-cropped-logo3.jpg","contentUrl":"http:\/\/www.photovoyage.fr\/blog\/wp-content\/uploads\/2018\/04\/cropped-cropped-logo3.jpg","width":873,"height":111,"caption":"photovoyage"},"logo":{"@id":"http:\/\/www.photovoyage.fr\/blog\/#\/schema\/person\/image\/"}}]}},"_links":{"self":[{"href":"http:\/\/www.photovoyage.fr\/blog\/wp-json\/wp\/v2\/posts\/12","targetHints":{"allow":["GET"]}}],"collection":[{"href":"http:\/\/www.photovoyage.fr\/blog\/wp-json\/wp\/v2\/posts"}],"about":[{"href":"http:\/\/www.photovoyage.fr\/blog\/wp-json\/wp\/v2\/types\/post"}],"author":[{"embeddable":true,"href":"http:\/\/www.photovoyage.fr\/blog\/wp-json\/wp\/v2\/users\/1"}],"replies":[{"embeddable":true,"href":"http:\/\/www.photovoyage.fr\/blog\/wp-json\/wp\/v2\/comments?post=12"}],"version-history":[{"count":0,"href":"http:\/\/www.photovoyage.fr\/blog\/wp-json\/wp\/v2\/posts\/12\/revisions"}],"wp:featuredmedia":[{"embeddable":true,"href":"http:\/\/www.photovoyage.fr\/blog\/wp-json\/wp\/v2\/media\/13"}],"wp:attachment":[{"href":"http:\/\/www.photovoyage.fr\/blog\/wp-json\/wp\/v2\/media?parent=12"}],"wp:term":[{"taxonomy":"category","embeddable":true,"href":"http:\/\/www.photovoyage.fr\/blog\/wp-json\/wp\/v2\/categories?post=12"},{"taxonomy":"post_tag","embeddable":true,"href":"http:\/\/www.photovoyage.fr\/blog\/wp-json\/wp\/v2\/tags?post=12"}],"curies":[{"name":"wp","href":"https:\/\/api.w.org\/{rel}","templated":true}]}}