{"id":2269,"date":"2017-01-29T22:21:41","date_gmt":"2017-01-29T21:21:41","guid":{"rendered":"http:\/\/www.photovoyage.fr\/blog\/?p=2269"},"modified":"2017-02-22T22:44:03","modified_gmt":"2017-02-22T21:44:03","slug":"couche-de-soleil-port-pecheurs","status":"publish","type":"post","link":"http:\/\/www.photovoyage.fr\/blog\/couche-de-soleil-port-pecheurs\/","title":{"rendered":"Couch\u00e9 de soleil sur le port des p\u00eacheurs"},"content":{"rendered":"<div class=\"yzp-no-index\"><\/div><p>Apr\u00e8s plusieurs semaines dans la grisaille et de temp\u00e9ratures n\u00e9gatives, enfin le retour du soleil&#8230;.<\/p>\n<p>Une s\u00e9rie de photos prises depuis le port des p\u00eacheurs \u00e0 Chens sur L\u00e9man. On voit encore les gla\u00e7ons accroch\u00e9s aux branches des arbres, t\u00e9moignage de la m\u00e9t\u00e9os de ces derniers temps..&nbsp;<\/p>\n<p>&nbsp;<\/p>\nngg_shortcode_0_placeholder\n","protected":false},"excerpt":{"rendered":"<p>Apr\u00e8s plusieurs semaines dans la grisaille et de temp\u00e9ratures n\u00e9gatives, enfin le retour du soleil&#8230;. Une s\u00e9rie de photos prises depuis le port des p\u00eacheurs \u00e0 Chens sur L\u00e9man. On voit encore les gla\u00e7ons accroch\u00e9s aux branches des arbres, t\u00e9moignage de la m\u00e9t\u00e9os de ces derniers temps..&nbsp; &nbsp; \u00a0\u00bb order_by=\u00a0\u00bbsortorder\u00a0\u00bb order_direction=\u00a0\u00bbASC\u00a0\u00bb returns=\u00a0\u00bbincluded\u00a0\u00bb maximum_entity_count=\u00a0\u00bb500&Prime;]<\/p>\n","protected":false},"author":1,"featured_media":2271,"comment_status":"open","ping_status":"open","sticky":false,"template":"","format":"standard","meta":{"ngg_post_thumbnail":0,"footnotes":""},"categories":[47],"tags":[],"class_list":["post-2269","post","type-post","status-publish","format-standard","has-post-thumbnail","hentry","category-autour-de-chez-nous","entry entry-center"],"yoast_head":"<!-- This site is optimized with the Yoast SEO plugin v24.1 - https:\/\/yoast.com\/wordpress\/plugins\/seo\/ -->\n<title>Couch\u00e9 de soleil sur le port des p\u00eacheurs - photovoyage.fr<\/title>\n<meta name=\"robots\" content=\"index, follow, max-snippet:-1, max-image-preview:large, max-video-preview:-1\" \/>\n<link rel=\"canonical\" href=\"http:\/\/www.photovoyage.fr\/blog\/couche-de-soleil-port-pecheurs\/\" \/>\n<meta property=\"og:locale\" content=\"fr_FR\" \/>\n<meta property=\"og:type\" content=\"article\" \/>\n<meta property=\"og:title\" content=\"Couch\u00e9 de soleil sur le port des p\u00eacheurs - photovoyage.fr\" \/>\n<meta property=\"og:description\" content=\"Apr\u00e8s plusieurs semaines dans la grisaille et de temp\u00e9ratures n\u00e9gatives, enfin le retour du soleil&#8230;. Une s\u00e9rie de photos prises depuis le port des p\u00eacheurs \u00e0 Chens sur L\u00e9man. On voit encore les gla\u00e7ons accroch\u00e9s aux branches des arbres, t\u00e9moignage de la m\u00e9t\u00e9os de ces derniers temps..&nbsp; &nbsp; \u00a0\u00bb order_by=\u00a0\u00bbsortorder\u00a0\u00bb order_direction=\u00a0\u00bbASC\u00a0\u00bb returns=\u00a0\u00bbincluded\u00a0\u00bb maximum_entity_count=\u00a0\u00bb500&Prime;]\" \/>\n<meta property=\"og:url\" content=\"http:\/\/www.photovoyage.fr\/blog\/couche-de-soleil-port-pecheurs\/\" \/>\n<meta property=\"og:site_name\" content=\"photovoyage.fr\" \/>\n<meta property=\"article:published_time\" content=\"2017-01-29T21:21:41+00:00\" \/>\n<meta property=\"article:modified_time\" content=\"2017-02-22T21:44:03+00:00\" \/>\n<meta property=\"og:image\" content=\"http:\/\/www.photovoyage.fr\/blog\/wp-content\/uploads\/2017\/01\/MG_3358-Copier.jpg\" \/>\n\t<meta property=\"og:image:width\" content=\"1600\" \/>\n\t<meta property=\"og:image:height\" content=\"1067\" \/>\n\t<meta property=\"og:image:type\" content=\"image\/jpeg\" \/>\n<meta name=\"author\" content=\"photovoyage\" \/>\n<meta name=\"twitter:label1\" content=\"\u00c9crit par\" \/>\n\t<meta name=\"twitter:data1\" content=\"photovoyage\" \/>\n\t<meta name=\"twitter:label2\" content=\"Dur\u00e9e de lecture estim\u00e9e\" \/>\n\t<meta name=\"twitter:data2\" content=\"1 minute\" \/>\n<script type=\"application\/ld+json\" class=\"yoast-schema-graph\">{\"@context\":\"https:\/\/schema.org\",\"@graph\":[{\"@type\":\"Article\",\"@id\":\"http:\/\/www.photovoyage.fr\/blog\/couche-de-soleil-port-pecheurs\/#article\",\"isPartOf\":{\"@id\":\"http:\/\/www.photovoyage.fr\/blog\/couche-de-soleil-port-pecheurs\/\"},\"author\":{\"name\":\"photovoyage\",\"@id\":\"http:\/\/www.photovoyage.fr\/blog\/#\/schema\/person\/a6600656ccdd05f7a4132987c28fc4ac\"},\"headline\":\"Couch\u00e9 de soleil sur le port des p\u00eacheurs\",\"datePublished\":\"2017-01-29T21:21:41+00:00\",\"dateModified\":\"2017-02-22T21:44:03+00:00\",\"mainEntityOfPage\":{\"@id\":\"http:\/\/www.photovoyage.fr\/blog\/couche-de-soleil-port-pecheurs\/\"},\"wordCount\":123,\"commentCount\":0,\"publisher\":{\"@id\":\"http:\/\/www.photovoyage.fr\/blog\/#\/schema\/person\/a6600656ccdd05f7a4132987c28fc4ac\"},\"image\":{\"@id\":\"http:\/\/www.photovoyage.fr\/blog\/couche-de-soleil-port-pecheurs\/#primaryimage\"},\"thumbnailUrl\":\"http:\/\/www.photovoyage.fr\/blog\/wp-content\/uploads\/2017\/01\/MG_3358-Copier.jpg\",\"articleSection\":[\"Autour de chez nous\"],\"inLanguage\":\"fr-FR\",\"potentialAction\":[{\"@type\":\"CommentAction\",\"name\":\"Comment\",\"target\":[\"http:\/\/www.photovoyage.fr\/blog\/couche-de-soleil-port-pecheurs\/#respond\"]}]},{\"@type\":\"WebPage\",\"@id\":\"http:\/\/www.photovoyage.fr\/blog\/couche-de-soleil-port-pecheurs\/\",\"url\":\"http:\/\/www.photovoyage.fr\/blog\/couche-de-soleil-port-pecheurs\/\",\"name\":\"Couch\u00e9 de soleil sur le port des p\u00eacheurs - photovoyage.fr\",\"isPartOf\":{\"@id\":\"http:\/\/www.photovoyage.fr\/blog\/#website\"},\"primaryImageOfPage\":{\"@id\":\"http:\/\/www.photovoyage.fr\/blog\/couche-de-soleil-port-pecheurs\/#primaryimage\"},\"image\":{\"@id\":\"http:\/\/www.photovoyage.fr\/blog\/couche-de-soleil-port-pecheurs\/#primaryimage\"},\"thumbnailUrl\":\"http:\/\/www.photovoyage.fr\/blog\/wp-content\/uploads\/2017\/01\/MG_3358-Copier.jpg\",\"datePublished\":\"2017-01-29T21:21:41+00:00\",\"dateModified\":\"2017-02-22T21:44:03+00:00\",\"breadcrumb\":{\"@id\":\"http:\/\/www.photovoyage.fr\/blog\/couche-de-soleil-port-pecheurs\/#breadcrumb\"},\"inLanguage\":\"fr-FR\",\"potentialAction\":[{\"@type\":\"ReadAction\",\"target\":[\"http:\/\/www.photovoyage.fr\/blog\/couche-de-soleil-port-pecheurs\/\"]}]},{\"@type\":\"ImageObject\",\"inLanguage\":\"fr-FR\",\"@id\":\"http:\/\/www.photovoyage.fr\/blog\/couche-de-soleil-port-pecheurs\/#primaryimage\",\"url\":\"http:\/\/www.photovoyage.fr\/blog\/wp-content\/uploads\/2017\/01\/MG_3358-Copier.jpg\",\"contentUrl\":\"http:\/\/www.photovoyage.fr\/blog\/wp-content\/uploads\/2017\/01\/MG_3358-Copier.jpg\",\"width\":1600,\"height\":1067},{\"@type\":\"BreadcrumbList\",\"@id\":\"http:\/\/www.photovoyage.fr\/blog\/couche-de-soleil-port-pecheurs\/#breadcrumb\",\"itemListElement\":[{\"@type\":\"ListItem\",\"position\":1,\"name\":\"Accueil\",\"item\":\"http:\/\/www.photovoyage.fr\/blog\/\"},{\"@type\":\"ListItem\",\"position\":2,\"name\":\"Couch\u00e9 de soleil sur le port des p\u00eacheurs\"}]},{\"@type\":\"WebSite\",\"@id\":\"http:\/\/www.photovoyage.fr\/blog\/#website\",\"url\":\"http:\/\/www.photovoyage.fr\/blog\/\",\"name\":\"photovoyage.fr\",\"description\":\"La passion de la photo et du voyage. Retrouvez ici nos r\u00e9cits de voyages et nos photos.\",\"publisher\":{\"@id\":\"http:\/\/www.photovoyage.fr\/blog\/#\/schema\/person\/a6600656ccdd05f7a4132987c28fc4ac\"},\"potentialAction\":[{\"@type\":\"SearchAction\",\"target\":{\"@type\":\"EntryPoint\",\"urlTemplate\":\"http:\/\/www.photovoyage.fr\/blog\/?s={search_term_string}\"},\"query-input\":{\"@type\":\"PropertyValueSpecification\",\"valueRequired\":true,\"valueName\":\"search_term_string\"}}],\"inLanguage\":\"fr-FR\"},{\"@type\":[\"Person\",\"Organization\"],\"@id\":\"http:\/\/www.photovoyage.fr\/blog\/#\/schema\/person\/a6600656ccdd05f7a4132987c28fc4ac\",\"name\":\"photovoyage\",\"image\":{\"@type\":\"ImageObject\",\"inLanguage\":\"fr-FR\",\"@id\":\"http:\/\/www.photovoyage.fr\/blog\/#\/schema\/person\/image\/\",\"url\":\"http:\/\/www.photovoyage.fr\/blog\/wp-content\/uploads\/2018\/04\/cropped-cropped-logo3.jpg\",\"contentUrl\":\"http:\/\/www.photovoyage.fr\/blog\/wp-content\/uploads\/2018\/04\/cropped-cropped-logo3.jpg\",\"width\":873,\"height\":111,\"caption\":\"photovoyage\"},\"logo\":{\"@id\":\"http:\/\/www.photovoyage.fr\/blog\/#\/schema\/person\/image\/\"}}]}<\/script>\n<!-- \/ Yoast SEO plugin. -->","yoast_head_json":{"title":"Couch\u00e9 de soleil sur le port des p\u00eacheurs - photovoyage.fr","robots":{"index":"index","follow":"follow","max-snippet":"max-snippet:-1","max-image-preview":"max-image-preview:large","max-video-preview":"max-video-preview:-1"},"canonical":"http:\/\/www.photovoyage.fr\/blog\/couche-de-soleil-port-pecheurs\/","og_locale":"fr_FR","og_type":"article","og_title":"Couch\u00e9 de soleil sur le port des p\u00eacheurs - photovoyage.fr","og_description":"Apr\u00e8s plusieurs semaines dans la grisaille et de temp\u00e9ratures n\u00e9gatives, enfin le retour du soleil&#8230;. Une s\u00e9rie de photos prises depuis le port des p\u00eacheurs \u00e0 Chens sur L\u00e9man. On voit encore les gla\u00e7ons accroch\u00e9s aux branches des arbres, t\u00e9moignage de la m\u00e9t\u00e9os de ces derniers temps..&nbsp; &nbsp; \u00a0\u00bb order_by=\u00a0\u00bbsortorder\u00a0\u00bb order_direction=\u00a0\u00bbASC\u00a0\u00bb returns=\u00a0\u00bbincluded\u00a0\u00bb maximum_entity_count=\u00a0\u00bb500&Prime;]","og_url":"http:\/\/www.photovoyage.fr\/blog\/couche-de-soleil-port-pecheurs\/","og_site_name":"photovoyage.fr","article_published_time":"2017-01-29T21:21:41+00:00","article_modified_time":"2017-02-22T21:44:03+00:00","og_image":[{"width":1600,"height":1067,"url":"http:\/\/www.photovoyage.fr\/blog\/wp-content\/uploads\/2017\/01\/MG_3358-Copier.jpg","type":"image\/jpeg"}],"author":"photovoyage","twitter_misc":{"\u00c9crit par":"photovoyage","Dur\u00e9e de lecture estim\u00e9e":"1 minute"},"schema":{"@context":"https:\/\/schema.org","@graph":[{"@type":"Article","@id":"http:\/\/www.photovoyage.fr\/blog\/couche-de-soleil-port-pecheurs\/#article","isPartOf":{"@id":"http:\/\/www.photovoyage.fr\/blog\/couche-de-soleil-port-pecheurs\/"},"author":{"name":"photovoyage","@id":"http:\/\/www.photovoyage.fr\/blog\/#\/schema\/person\/a6600656ccdd05f7a4132987c28fc4ac"},"headline":"Couch\u00e9 de soleil sur le port des p\u00eacheurs","datePublished":"2017-01-29T21:21:41+00:00","dateModified":"2017-02-22T21:44:03+00:00","mainEntityOfPage":{"@id":"http:\/\/www.photovoyage.fr\/blog\/couche-de-soleil-port-pecheurs\/"},"wordCount":123,"commentCount":0,"publisher":{"@id":"http:\/\/www.photovoyage.fr\/blog\/#\/schema\/person\/a6600656ccdd05f7a4132987c28fc4ac"},"image":{"@id":"http:\/\/www.photovoyage.fr\/blog\/couche-de-soleil-port-pecheurs\/#primaryimage"},"thumbnailUrl":"http:\/\/www.photovoyage.fr\/blog\/wp-content\/uploads\/2017\/01\/MG_3358-Copier.jpg","articleSection":["Autour de chez nous"],"inLanguage":"fr-FR","potentialAction":[{"@type":"CommentAction","name":"Comment","target":["http:\/\/www.photovoyage.fr\/blog\/couche-de-soleil-port-pecheurs\/#respond"]}]},{"@type":"WebPage","@id":"http:\/\/www.photovoyage.fr\/blog\/couche-de-soleil-port-pecheurs\/","url":"http:\/\/www.photovoyage.fr\/blog\/couche-de-soleil-port-pecheurs\/","name":"Couch\u00e9 de soleil sur le port des p\u00eacheurs - photovoyage.fr","isPartOf":{"@id":"http:\/\/www.photovoyage.fr\/blog\/#website"},"primaryImageOfPage":{"@id":"http:\/\/www.photovoyage.fr\/blog\/couche-de-soleil-port-pecheurs\/#primaryimage"},"image":{"@id":"http:\/\/www.photovoyage.fr\/blog\/couche-de-soleil-port-pecheurs\/#primaryimage"},"thumbnailUrl":"http:\/\/www.photovoyage.fr\/blog\/wp-content\/uploads\/2017\/01\/MG_3358-Copier.jpg","datePublished":"2017-01-29T21:21:41+00:00","dateModified":"2017-02-22T21:44:03+00:00","breadcrumb":{"@id":"http:\/\/www.photovoyage.fr\/blog\/couche-de-soleil-port-pecheurs\/#breadcrumb"},"inLanguage":"fr-FR","potentialAction":[{"@type":"ReadAction","target":["http:\/\/www.photovoyage.fr\/blog\/couche-de-soleil-port-pecheurs\/"]}]},{"@type":"ImageObject","inLanguage":"fr-FR","@id":"http:\/\/www.photovoyage.fr\/blog\/couche-de-soleil-port-pecheurs\/#primaryimage","url":"http:\/\/www.photovoyage.fr\/blog\/wp-content\/uploads\/2017\/01\/MG_3358-Copier.jpg","contentUrl":"http:\/\/www.photovoyage.fr\/blog\/wp-content\/uploads\/2017\/01\/MG_3358-Copier.jpg","width":1600,"height":1067},{"@type":"BreadcrumbList","@id":"http:\/\/www.photovoyage.fr\/blog\/couche-de-soleil-port-pecheurs\/#breadcrumb","itemListElement":[{"@type":"ListItem","position":1,"name":"Accueil","item":"http:\/\/www.photovoyage.fr\/blog\/"},{"@type":"ListItem","position":2,"name":"Couch\u00e9 de soleil sur le port des p\u00eacheurs"}]},{"@type":"WebSite","@id":"http:\/\/www.photovoyage.fr\/blog\/#website","url":"http:\/\/www.photovoyage.fr\/blog\/","name":"photovoyage.fr","description":"La passion de la photo et du voyage. Retrouvez ici nos r\u00e9cits de voyages et nos photos.","publisher":{"@id":"http:\/\/www.photovoyage.fr\/blog\/#\/schema\/person\/a6600656ccdd05f7a4132987c28fc4ac"},"potentialAction":[{"@type":"SearchAction","target":{"@type":"EntryPoint","urlTemplate":"http:\/\/www.photovoyage.fr\/blog\/?s={search_term_string}"},"query-input":{"@type":"PropertyValueSpecification","valueRequired":true,"valueName":"search_term_string"}}],"inLanguage":"fr-FR"},{"@type":["Person","Organization"],"@id":"http:\/\/www.photovoyage.fr\/blog\/#\/schema\/person\/a6600656ccdd05f7a4132987c28fc4ac","name":"photovoyage","image":{"@type":"ImageObject","inLanguage":"fr-FR","@id":"http:\/\/www.photovoyage.fr\/blog\/#\/schema\/person\/image\/","url":"http:\/\/www.photovoyage.fr\/blog\/wp-content\/uploads\/2018\/04\/cropped-cropped-logo3.jpg","contentUrl":"http:\/\/www.photovoyage.fr\/blog\/wp-content\/uploads\/2018\/04\/cropped-cropped-logo3.jpg","width":873,"height":111,"caption":"photovoyage"},"logo":{"@id":"http:\/\/www.photovoyage.fr\/blog\/#\/schema\/person\/image\/"}}]}},"_links":{"self":[{"href":"http:\/\/www.photovoyage.fr\/blog\/wp-json\/wp\/v2\/posts\/2269","targetHints":{"allow":["GET"]}}],"collection":[{"href":"http:\/\/www.photovoyage.fr\/blog\/wp-json\/wp\/v2\/posts"}],"about":[{"href":"http:\/\/www.photovoyage.fr\/blog\/wp-json\/wp\/v2\/types\/post"}],"author":[{"embeddable":true,"href":"http:\/\/www.photovoyage.fr\/blog\/wp-json\/wp\/v2\/users\/1"}],"replies":[{"embeddable":true,"href":"http:\/\/www.photovoyage.fr\/blog\/wp-json\/wp\/v2\/comments?post=2269"}],"version-history":[{"count":0,"href":"http:\/\/www.photovoyage.fr\/blog\/wp-json\/wp\/v2\/posts\/2269\/revisions"}],"wp:featuredmedia":[{"embeddable":true,"href":"http:\/\/www.photovoyage.fr\/blog\/wp-json\/wp\/v2\/media\/2271"}],"wp:attachment":[{"href":"http:\/\/www.photovoyage.fr\/blog\/wp-json\/wp\/v2\/media?parent=2269"}],"wp:term":[{"taxonomy":"category","embeddable":true,"href":"http:\/\/www.photovoyage.fr\/blog\/wp-json\/wp\/v2\/categories?post=2269"},{"taxonomy":"post_tag","embeddable":true,"href":"http:\/\/www.photovoyage.fr\/blog\/wp-json\/wp\/v2\/tags?post=2269"}],"curies":[{"name":"wp","href":"https:\/\/api.w.org\/{rel}","templated":true}]}}