{"id":3179,"date":"2018-01-19T22:23:22","date_gmt":"2018-01-19T21:23:22","guid":{"rendered":"http:\/\/www.photovoyage.fr\/blog\/?p=3179"},"modified":"2018-01-19T22:26:55","modified_gmt":"2018-01-19T21:26:55","slug":"2018-projets-photos-cette-annee","status":"publish","type":"post","link":"http:\/\/www.photovoyage.fr\/blog\/2018-projets-photos-cette-annee\/","title":{"rendered":"2018 : mes projets photos pour cette ann\u00e9e"},"content":{"rendered":"<div class=\"yzp-no-index\"><\/div><p>Je pense qu&rsquo;il est bon de se donner des objectifs afin de progresser et de se donner un but dans sa pratique de la photo. Voici mes projets photos pour 2018 !<\/p>\n<p>2018 s&rsquo;annonce \u00eatre une grande ann\u00e9e photographique.<\/p>\n<p>Avec deux voyages au programme, un au Maroc pour d\u00e9couvrir la ville de Marrakech et le d\u00e9sert et l&rsquo;autre en Cr\u00e8te, j&rsquo;ai d\u00e9j\u00e0 plusieurs projets photos en t\u00eate :<\/p>\n<h4>Voyage au Maroc<\/h4>\n<ul>\n<li>Les couleurs de Marrakech : un reportage haut en couleur sur la ville<\/li>\n<\/ul>\n<div class=\"pixels-photo\">\n<p><img decoding=\"async\" src=\"https:\/\/drscdn.500px.org\/photo\/114800805\/m%3D900\/v2?webp=true&amp;sig=925b9701e72da018e8a102987d87a7c4dffa74d91a8451371cdd22b970418b32\" alt=\"Moroccan Riad, Marrakesh Morocco by Felix Cesare on 500px.com\"><br \/>\nby Felix Cesare on 500px.com\n<\/div>\n<p><script type=\"text\/javascript\" src=\"https:\/\/500px.com\/embed.js\"><\/script><\/p>\n<ul>\n<li>Portes et riad<\/li>\n<li>Test d&rsquo;un tr\u00e9pied de voyage<\/li>\n<li>Une journ\u00e9e dans le d\u00e9sert&nbsp;<\/li>\n<\/ul>\n<div class=\"pixels-photo\">\n<p><img decoding=\"async\" src=\"https:\/\/drscdn.500px.org\/photo\/197778219\/m%3D900\/v2?webp=true&amp;sig=7e1188a538c94b1503e942f61ac1b55069bbdaf2b725b52e8312e14e717a0d79\" alt=\"Chegaga Desert - Marocco by Cazard St\u00e9phane on 500px.com\"><br \/>\nby Cazard St\u00e9phane on 500px.com\n<\/div>\n<p><script type=\"text\/javascript\" src=\"https:\/\/500px.com\/embed.js\"><\/script><\/p>\n<p>En Cr\u00e8te, deux semaines dans la partie la moins fr\u00e9quent\u00e9e de l&rsquo;ile sera un bon pr\u00e9texte pour faire des photos de pose longue de la mer, ainsi que des photos nocturnes, notamment de la voie lact\u00e9e.<\/p>\n<h4>Voyage en Cr\u00e8te<\/h4>\n<p><img decoding=\"async\" src=\"https:\/\/drscdn.500px.org\/photo\/198605733\/m%3D900\/v2?webp=true&amp;sig=96c2f345cf678640814532a2a53693e99a02e32bc313bd38d3a2b3e2d400d02c\" alt=\"Call of the Sea aura by Manos Efchetzis on 500px.com\"><br \/>\nby Manos Efchetzis on 500px.com<br \/>\n<script type=\"text\/javascript\" src=\"https:\/\/500px.com\/embed.js\"><\/script><\/p>\n<ul>\n<li>Voie lact\u00e9e cr\u00e8toise<\/li>\n<li>Pose longue sur la c\u00f4te orientale<\/li>\n<\/ul>\n<h4>Stage en montagne<\/h4>\n<p>Autre grand moment, un stage photo en montagne. J&rsquo;esp\u00e8re y apprendre pas mal de choses. Je compte profiter de cette nuit en refuge pour faire des photos nocturnes.<\/p>\n<div class=\"pixels-photo\">\n<p><img decoding=\"async\" src=\"https:\/\/drscdn.500px.org\/photo\/130108855\/m%3D900\/v2?webp=true&amp;sig=52c81c46a3f319feb644f2be4011972610715626d39a11a6722e0a655e3e2674\" alt=\"Anterne lake reflection by Mika Dessagne on 500px.com\"><br \/>\nby Mika Dessagne\n<\/div>\n<p><script type=\"text\/javascript\" src=\"https:\/\/500px.com\/embed.js\"><\/script><\/p>\n<h4>Cyanotype<\/h4>\n<p>J&rsquo;ai \u00e9galement le projet de faire une s\u00e9rie de tirages cyanotypes.<\/p>\n<h4>Reportages<\/h4>\n<p>Enfin, je pr\u00e9vois aussi de vous pr\u00e9senter un reportage sur les cascades du H\u00e9risson dans le Jura&#8230;<\/p>\n<div class=\"pixels-photo\">\n<p><img decoding=\"async\" src=\"https:\/\/drscdn.500px.org\/photo\/47640994\/m%3D900\/v2?webp=true&amp;sig=d1df211cfd282fbf25563e9dd0bd295fe8dc5e0a43460b77373450a31386e9f4\" alt=\"Isn't this cascade charming? by Steve Walesch on 500px.com\"><br \/>\nby Steve Walesch on 500px.com\n<\/div>\n<p><script type=\"text\/javascript\" src=\"https:\/\/500px.com\/embed.js\"><\/script><\/p>\n<p>Bref plein de beaux projets en 2018 !<\/p>\n<p>&nbsp;<\/p>\n","protected":false},"excerpt":{"rendered":"<p>Je pense qu&rsquo;il est bon de se donner des objectifs afin de progresser et de se donner un but dans sa pratique de la photo. Voici mes projets photos pour 2018 ! 2018 s&rsquo;annonce \u00eatre une grande ann\u00e9e photographique. Avec deux voyages au programme, un au Maroc pour d\u00e9couvrir la ville de Marrakech et le &hellip;<\/p>\n","protected":false},"author":1,"featured_media":0,"comment_status":"open","ping_status":"open","sticky":false,"template":"","format":"standard","meta":{"ngg_post_thumbnail":0,"footnotes":""},"categories":[1],"tags":[],"class_list":["post-3179","post","type-post","status-publish","format-standard","hentry","category-non-classe","entry entry-center"],"yoast_head":"<!-- This site is optimized with the Yoast SEO plugin v24.1 - https:\/\/yoast.com\/wordpress\/plugins\/seo\/ -->\n<title>2018 : mes projets photos pour cette ann\u00e9e - photovoyage.fr<\/title>\n<meta name=\"robots\" content=\"index, follow, max-snippet:-1, max-image-preview:large, max-video-preview:-1\" \/>\n<link rel=\"canonical\" href=\"http:\/\/www.photovoyage.fr\/blog\/2018-projets-photos-cette-annee\/\" \/>\n<meta property=\"og:locale\" content=\"fr_FR\" \/>\n<meta property=\"og:type\" content=\"article\" \/>\n<meta property=\"og:title\" content=\"2018 : mes projets photos pour cette ann\u00e9e - photovoyage.fr\" \/>\n<meta property=\"og:description\" content=\"Je pense qu&rsquo;il est bon de se donner des objectifs afin de progresser et de se donner un but dans sa pratique de la photo. Voici mes projets photos pour 2018 ! 2018 s&rsquo;annonce \u00eatre une grande ann\u00e9e photographique. Avec deux voyages au programme, un au Maroc pour d\u00e9couvrir la ville de Marrakech et le &hellip;\" \/>\n<meta property=\"og:url\" content=\"http:\/\/www.photovoyage.fr\/blog\/2018-projets-photos-cette-annee\/\" \/>\n<meta property=\"og:site_name\" content=\"photovoyage.fr\" \/>\n<meta property=\"article:published_time\" content=\"2018-01-19T21:23:22+00:00\" \/>\n<meta property=\"article:modified_time\" content=\"2018-01-19T21:26:55+00:00\" \/>\n<meta property=\"og:image\" content=\"https:\/\/drscdn.500px.org\/photo\/114800805\/m%3D900\/v2?webp=true&amp;sig=925b9701e72da018e8a102987d87a7c4dffa74d91a8451371cdd22b970418b32\" \/>\n<meta name=\"author\" content=\"photovoyage\" \/>\n<meta name=\"twitter:label1\" content=\"\u00c9crit par\" \/>\n\t<meta name=\"twitter:data1\" content=\"photovoyage\" \/>\n\t<meta name=\"twitter:label2\" content=\"Dur\u00e9e de lecture estim\u00e9e\" \/>\n\t<meta name=\"twitter:data2\" content=\"1 minute\" \/>\n<script type=\"application\/ld+json\" class=\"yoast-schema-graph\">{\"@context\":\"https:\/\/schema.org\",\"@graph\":[{\"@type\":\"Article\",\"@id\":\"http:\/\/www.photovoyage.fr\/blog\/2018-projets-photos-cette-annee\/#article\",\"isPartOf\":{\"@id\":\"http:\/\/www.photovoyage.fr\/blog\/2018-projets-photos-cette-annee\/\"},\"author\":{\"name\":\"photovoyage\",\"@id\":\"http:\/\/www.photovoyage.fr\/blog\/#\/schema\/person\/a6600656ccdd05f7a4132987c28fc4ac\"},\"headline\":\"2018 : mes projets photos pour cette ann\u00e9e\",\"datePublished\":\"2018-01-19T21:23:22+00:00\",\"dateModified\":\"2018-01-19T21:26:55+00:00\",\"mainEntityOfPage\":{\"@id\":\"http:\/\/www.photovoyage.fr\/blog\/2018-projets-photos-cette-annee\/\"},\"wordCount\":267,\"commentCount\":0,\"publisher\":{\"@id\":\"http:\/\/www.photovoyage.fr\/blog\/#\/schema\/person\/a6600656ccdd05f7a4132987c28fc4ac\"},\"image\":{\"@id\":\"http:\/\/www.photovoyage.fr\/blog\/2018-projets-photos-cette-annee\/#primaryimage\"},\"thumbnailUrl\":\"https:\/\/drscdn.500px.org\/photo\/114800805\/m%3D900\/v2?webp=true&amp;sig=925b9701e72da018e8a102987d87a7c4dffa74d91a8451371cdd22b970418b32\",\"inLanguage\":\"fr-FR\",\"potentialAction\":[{\"@type\":\"CommentAction\",\"name\":\"Comment\",\"target\":[\"http:\/\/www.photovoyage.fr\/blog\/2018-projets-photos-cette-annee\/#respond\"]}]},{\"@type\":\"WebPage\",\"@id\":\"http:\/\/www.photovoyage.fr\/blog\/2018-projets-photos-cette-annee\/\",\"url\":\"http:\/\/www.photovoyage.fr\/blog\/2018-projets-photos-cette-annee\/\",\"name\":\"2018 : mes projets photos pour cette ann\u00e9e - photovoyage.fr\",\"isPartOf\":{\"@id\":\"http:\/\/www.photovoyage.fr\/blog\/#website\"},\"primaryImageOfPage\":{\"@id\":\"http:\/\/www.photovoyage.fr\/blog\/2018-projets-photos-cette-annee\/#primaryimage\"},\"image\":{\"@id\":\"http:\/\/www.photovoyage.fr\/blog\/2018-projets-photos-cette-annee\/#primaryimage\"},\"thumbnailUrl\":\"https:\/\/drscdn.500px.org\/photo\/114800805\/m%3D900\/v2?webp=true&amp;sig=925b9701e72da018e8a102987d87a7c4dffa74d91a8451371cdd22b970418b32\",\"datePublished\":\"2018-01-19T21:23:22+00:00\",\"dateModified\":\"2018-01-19T21:26:55+00:00\",\"breadcrumb\":{\"@id\":\"http:\/\/www.photovoyage.fr\/blog\/2018-projets-photos-cette-annee\/#breadcrumb\"},\"inLanguage\":\"fr-FR\",\"potentialAction\":[{\"@type\":\"ReadAction\",\"target\":[\"http:\/\/www.photovoyage.fr\/blog\/2018-projets-photos-cette-annee\/\"]}]},{\"@type\":\"ImageObject\",\"inLanguage\":\"fr-FR\",\"@id\":\"http:\/\/www.photovoyage.fr\/blog\/2018-projets-photos-cette-annee\/#primaryimage\",\"url\":\"https:\/\/drscdn.500px.org\/photo\/114800805\/m%3D900\/v2?webp=true&amp;sig=925b9701e72da018e8a102987d87a7c4dffa74d91a8451371cdd22b970418b32\",\"contentUrl\":\"https:\/\/drscdn.500px.org\/photo\/114800805\/m%3D900\/v2?webp=true&amp;sig=925b9701e72da018e8a102987d87a7c4dffa74d91a8451371cdd22b970418b32\"},{\"@type\":\"BreadcrumbList\",\"@id\":\"http:\/\/www.photovoyage.fr\/blog\/2018-projets-photos-cette-annee\/#breadcrumb\",\"itemListElement\":[{\"@type\":\"ListItem\",\"position\":1,\"name\":\"Accueil\",\"item\":\"http:\/\/www.photovoyage.fr\/blog\/\"},{\"@type\":\"ListItem\",\"position\":2,\"name\":\"2018 : mes projets photos pour cette ann\u00e9e\"}]},{\"@type\":\"WebSite\",\"@id\":\"http:\/\/www.photovoyage.fr\/blog\/#website\",\"url\":\"http:\/\/www.photovoyage.fr\/blog\/\",\"name\":\"photovoyage.fr\",\"description\":\"La passion de la photo et du voyage. Retrouvez ici nos r\u00e9cits de voyages et nos photos.\",\"publisher\":{\"@id\":\"http:\/\/www.photovoyage.fr\/blog\/#\/schema\/person\/a6600656ccdd05f7a4132987c28fc4ac\"},\"potentialAction\":[{\"@type\":\"SearchAction\",\"target\":{\"@type\":\"EntryPoint\",\"urlTemplate\":\"http:\/\/www.photovoyage.fr\/blog\/?s={search_term_string}\"},\"query-input\":{\"@type\":\"PropertyValueSpecification\",\"valueRequired\":true,\"valueName\":\"search_term_string\"}}],\"inLanguage\":\"fr-FR\"},{\"@type\":[\"Person\",\"Organization\"],\"@id\":\"http:\/\/www.photovoyage.fr\/blog\/#\/schema\/person\/a6600656ccdd05f7a4132987c28fc4ac\",\"name\":\"photovoyage\",\"image\":{\"@type\":\"ImageObject\",\"inLanguage\":\"fr-FR\",\"@id\":\"http:\/\/www.photovoyage.fr\/blog\/#\/schema\/person\/image\/\",\"url\":\"http:\/\/www.photovoyage.fr\/blog\/wp-content\/uploads\/2018\/04\/cropped-cropped-logo3.jpg\",\"contentUrl\":\"http:\/\/www.photovoyage.fr\/blog\/wp-content\/uploads\/2018\/04\/cropped-cropped-logo3.jpg\",\"width\":873,\"height\":111,\"caption\":\"photovoyage\"},\"logo\":{\"@id\":\"http:\/\/www.photovoyage.fr\/blog\/#\/schema\/person\/image\/\"}}]}<\/script>\n<!-- \/ Yoast SEO plugin. -->","yoast_head_json":{"title":"2018 : mes projets photos pour cette ann\u00e9e - photovoyage.fr","robots":{"index":"index","follow":"follow","max-snippet":"max-snippet:-1","max-image-preview":"max-image-preview:large","max-video-preview":"max-video-preview:-1"},"canonical":"http:\/\/www.photovoyage.fr\/blog\/2018-projets-photos-cette-annee\/","og_locale":"fr_FR","og_type":"article","og_title":"2018 : mes projets photos pour cette ann\u00e9e - photovoyage.fr","og_description":"Je pense qu&rsquo;il est bon de se donner des objectifs afin de progresser et de se donner un but dans sa pratique de la photo. Voici mes projets photos pour 2018 ! 2018 s&rsquo;annonce \u00eatre une grande ann\u00e9e photographique. Avec deux voyages au programme, un au Maroc pour d\u00e9couvrir la ville de Marrakech et le &hellip;","og_url":"http:\/\/www.photovoyage.fr\/blog\/2018-projets-photos-cette-annee\/","og_site_name":"photovoyage.fr","article_published_time":"2018-01-19T21:23:22+00:00","article_modified_time":"2018-01-19T21:26:55+00:00","og_image":[{"url":"https:\/\/drscdn.500px.org\/photo\/114800805\/m%3D900\/v2?webp=true&amp;sig=925b9701e72da018e8a102987d87a7c4dffa74d91a8451371cdd22b970418b32","type":"","width":"","height":""}],"author":"photovoyage","twitter_misc":{"\u00c9crit par":"photovoyage","Dur\u00e9e de lecture estim\u00e9e":"1 minute"},"schema":{"@context":"https:\/\/schema.org","@graph":[{"@type":"Article","@id":"http:\/\/www.photovoyage.fr\/blog\/2018-projets-photos-cette-annee\/#article","isPartOf":{"@id":"http:\/\/www.photovoyage.fr\/blog\/2018-projets-photos-cette-annee\/"},"author":{"name":"photovoyage","@id":"http:\/\/www.photovoyage.fr\/blog\/#\/schema\/person\/a6600656ccdd05f7a4132987c28fc4ac"},"headline":"2018 : mes projets photos pour cette ann\u00e9e","datePublished":"2018-01-19T21:23:22+00:00","dateModified":"2018-01-19T21:26:55+00:00","mainEntityOfPage":{"@id":"http:\/\/www.photovoyage.fr\/blog\/2018-projets-photos-cette-annee\/"},"wordCount":267,"commentCount":0,"publisher":{"@id":"http:\/\/www.photovoyage.fr\/blog\/#\/schema\/person\/a6600656ccdd05f7a4132987c28fc4ac"},"image":{"@id":"http:\/\/www.photovoyage.fr\/blog\/2018-projets-photos-cette-annee\/#primaryimage"},"thumbnailUrl":"https:\/\/drscdn.500px.org\/photo\/114800805\/m%3D900\/v2?webp=true&amp;sig=925b9701e72da018e8a102987d87a7c4dffa74d91a8451371cdd22b970418b32","inLanguage":"fr-FR","potentialAction":[{"@type":"CommentAction","name":"Comment","target":["http:\/\/www.photovoyage.fr\/blog\/2018-projets-photos-cette-annee\/#respond"]}]},{"@type":"WebPage","@id":"http:\/\/www.photovoyage.fr\/blog\/2018-projets-photos-cette-annee\/","url":"http:\/\/www.photovoyage.fr\/blog\/2018-projets-photos-cette-annee\/","name":"2018 : mes projets photos pour cette ann\u00e9e - photovoyage.fr","isPartOf":{"@id":"http:\/\/www.photovoyage.fr\/blog\/#website"},"primaryImageOfPage":{"@id":"http:\/\/www.photovoyage.fr\/blog\/2018-projets-photos-cette-annee\/#primaryimage"},"image":{"@id":"http:\/\/www.photovoyage.fr\/blog\/2018-projets-photos-cette-annee\/#primaryimage"},"thumbnailUrl":"https:\/\/drscdn.500px.org\/photo\/114800805\/m%3D900\/v2?webp=true&amp;sig=925b9701e72da018e8a102987d87a7c4dffa74d91a8451371cdd22b970418b32","datePublished":"2018-01-19T21:23:22+00:00","dateModified":"2018-01-19T21:26:55+00:00","breadcrumb":{"@id":"http:\/\/www.photovoyage.fr\/blog\/2018-projets-photos-cette-annee\/#breadcrumb"},"inLanguage":"fr-FR","potentialAction":[{"@type":"ReadAction","target":["http:\/\/www.photovoyage.fr\/blog\/2018-projets-photos-cette-annee\/"]}]},{"@type":"ImageObject","inLanguage":"fr-FR","@id":"http:\/\/www.photovoyage.fr\/blog\/2018-projets-photos-cette-annee\/#primaryimage","url":"https:\/\/drscdn.500px.org\/photo\/114800805\/m%3D900\/v2?webp=true&amp;sig=925b9701e72da018e8a102987d87a7c4dffa74d91a8451371cdd22b970418b32","contentUrl":"https:\/\/drscdn.500px.org\/photo\/114800805\/m%3D900\/v2?webp=true&amp;sig=925b9701e72da018e8a102987d87a7c4dffa74d91a8451371cdd22b970418b32"},{"@type":"BreadcrumbList","@id":"http:\/\/www.photovoyage.fr\/blog\/2018-projets-photos-cette-annee\/#breadcrumb","itemListElement":[{"@type":"ListItem","position":1,"name":"Accueil","item":"http:\/\/www.photovoyage.fr\/blog\/"},{"@type":"ListItem","position":2,"name":"2018 : mes projets photos pour cette ann\u00e9e"}]},{"@type":"WebSite","@id":"http:\/\/www.photovoyage.fr\/blog\/#website","url":"http:\/\/www.photovoyage.fr\/blog\/","name":"photovoyage.fr","description":"La passion de la photo et du voyage. Retrouvez ici nos r\u00e9cits de voyages et nos photos.","publisher":{"@id":"http:\/\/www.photovoyage.fr\/blog\/#\/schema\/person\/a6600656ccdd05f7a4132987c28fc4ac"},"potentialAction":[{"@type":"SearchAction","target":{"@type":"EntryPoint","urlTemplate":"http:\/\/www.photovoyage.fr\/blog\/?s={search_term_string}"},"query-input":{"@type":"PropertyValueSpecification","valueRequired":true,"valueName":"search_term_string"}}],"inLanguage":"fr-FR"},{"@type":["Person","Organization"],"@id":"http:\/\/www.photovoyage.fr\/blog\/#\/schema\/person\/a6600656ccdd05f7a4132987c28fc4ac","name":"photovoyage","image":{"@type":"ImageObject","inLanguage":"fr-FR","@id":"http:\/\/www.photovoyage.fr\/blog\/#\/schema\/person\/image\/","url":"http:\/\/www.photovoyage.fr\/blog\/wp-content\/uploads\/2018\/04\/cropped-cropped-logo3.jpg","contentUrl":"http:\/\/www.photovoyage.fr\/blog\/wp-content\/uploads\/2018\/04\/cropped-cropped-logo3.jpg","width":873,"height":111,"caption":"photovoyage"},"logo":{"@id":"http:\/\/www.photovoyage.fr\/blog\/#\/schema\/person\/image\/"}}]}},"_links":{"self":[{"href":"http:\/\/www.photovoyage.fr\/blog\/wp-json\/wp\/v2\/posts\/3179","targetHints":{"allow":["GET"]}}],"collection":[{"href":"http:\/\/www.photovoyage.fr\/blog\/wp-json\/wp\/v2\/posts"}],"about":[{"href":"http:\/\/www.photovoyage.fr\/blog\/wp-json\/wp\/v2\/types\/post"}],"author":[{"embeddable":true,"href":"http:\/\/www.photovoyage.fr\/blog\/wp-json\/wp\/v2\/users\/1"}],"replies":[{"embeddable":true,"href":"http:\/\/www.photovoyage.fr\/blog\/wp-json\/wp\/v2\/comments?post=3179"}],"version-history":[{"count":0,"href":"http:\/\/www.photovoyage.fr\/blog\/wp-json\/wp\/v2\/posts\/3179\/revisions"}],"wp:attachment":[{"href":"http:\/\/www.photovoyage.fr\/blog\/wp-json\/wp\/v2\/media?parent=3179"}],"wp:term":[{"taxonomy":"category","embeddable":true,"href":"http:\/\/www.photovoyage.fr\/blog\/wp-json\/wp\/v2\/categories?post=3179"},{"taxonomy":"post_tag","embeddable":true,"href":"http:\/\/www.photovoyage.fr\/blog\/wp-json\/wp\/v2\/tags?post=3179"}],"curies":[{"name":"wp","href":"https:\/\/api.w.org\/{rel}","templated":true}]}}