{"id":3302,"date":"2018-09-30T08:24:59","date_gmt":"2018-09-30T07:24:59","guid":{"rendered":"http:\/\/www.photovoyage.fr\/blog\/?p=3302"},"modified":"2019-05-11T20:55:17","modified_gmt":"2019-05-11T19:55:17","slug":"stage-photo-a-sixt-fer-a-cheval","status":"publish","type":"post","link":"http:\/\/www.photovoyage.fr\/blog\/stage-photo-a-sixt-fer-a-cheval\/","title":{"rendered":"Stage photo \u00e0 Sixt Fer \u00e0 Cheval"},"content":{"rendered":"<div class=\"yzp-no-index\"><\/div><p>Cadeau de Noel de mon \u00e9pouse, ce stage photo avec Nicolas Perrin est pour moi l&rsquo;occasion de passer une journ\u00e9e en montagne \u00e0 parfaire mes comp\u00e9tences photos. J&rsquo;ai choisi un stage dans la r\u00e9gion de Sixt Fer \u00e0 Cheval. C&rsquo;est un terrain de jeu id\u00e9al pour les photos de cascades. Ce sera l&rsquo;occasion pour moi de m&rsquo;exercer \u00e0 la pose longue, technique que j&rsquo;affectionne particuli\u00e8rement.&nbsp;<\/p>\n<p><img loading=\"lazy\" decoding=\"async\" class=\"ngg-singlepic ngg-none\" src=\"http:\/\/www.photovoyage.fr\/blog\/wp-content\/gallery\/sixt\/MG_6901-Copier.JPG\" alt=\"_MG_6901 (Copier)\" width=\"261\" height=\"391\"><\/p>\n<p>Je vais vous pr\u00e9senter les meilleures photos faites lors du stage.<\/p>\nngg_shortcode_0_placeholder\n<p>&nbsp;<\/p>\n<p>Participer \u00e0 un stage photo est toujours une exp\u00e9rience enrichissante. Cela permet de parfaire sa technique, et \u00e9galement d&rsquo;apprendre de l&rsquo;experience des autres pour developper sa propre approche artistique. Je ne peux donc que vous conseiller vous aussi d&rsquo;aller par exemple sur le site de Nicolas et de d\u00e9couvrir les nombreux stages qu&rsquo;il organise.<\/p>\n<p>Lien :&nbsp;<a href=\"https:\/\/www.regartsurlinstant.fr\/\">https:\/\/www.regartsurlinstant.fr\/<\/a><\/p>\n","protected":false},"excerpt":{"rendered":"<p>Cadeau de Noel de mon \u00e9pouse, ce stage photo avec Nicolas Perrin est pour moi l&rsquo;occasion de passer une journ\u00e9e en montagne \u00e0 parfaire mes comp\u00e9tences photos. J&rsquo;ai choisi un stage dans la r\u00e9gion de Sixt Fer \u00e0 Cheval. C&rsquo;est un terrain de jeu id\u00e9al pour les photos de cascades. Ce sera l&rsquo;occasion pour moi &hellip;<\/p>\n","protected":false},"author":1,"featured_media":3671,"comment_status":"open","ping_status":"open","sticky":false,"template":"","format":"standard","meta":{"ngg_post_thumbnail":0,"footnotes":""},"categories":[47,170],"tags":[17,184,183],"class_list":["post-3302","post","type-post","status-publish","format-standard","has-post-thumbnail","hentry","category-autour-de-chez-nous","category-test","tag-accueil","tag-sixt","tag-stage","entry entry-center"],"yoast_head":"<!-- This site is optimized with the Yoast SEO plugin v24.1 - https:\/\/yoast.com\/wordpress\/plugins\/seo\/ -->\n<title>Stage photo \u00e0 Sixt Fer \u00e0 Cheval - photovoyage.fr<\/title>\n<meta name=\"robots\" content=\"index, follow, max-snippet:-1, max-image-preview:large, max-video-preview:-1\" \/>\n<link rel=\"canonical\" href=\"http:\/\/www.photovoyage.fr\/blog\/stage-photo-a-sixt-fer-a-cheval\/\" \/>\n<meta property=\"og:locale\" content=\"fr_FR\" \/>\n<meta property=\"og:type\" content=\"article\" \/>\n<meta property=\"og:title\" content=\"Stage photo \u00e0 Sixt Fer \u00e0 Cheval - photovoyage.fr\" \/>\n<meta property=\"og:description\" content=\"Cadeau de Noel de mon \u00e9pouse, ce stage photo avec Nicolas Perrin est pour moi l&rsquo;occasion de passer une journ\u00e9e en montagne \u00e0 parfaire mes comp\u00e9tences photos. J&rsquo;ai choisi un stage dans la r\u00e9gion de Sixt Fer \u00e0 Cheval. C&rsquo;est un terrain de jeu id\u00e9al pour les photos de cascades. Ce sera l&rsquo;occasion pour moi &hellip;\" \/>\n<meta property=\"og:url\" content=\"http:\/\/www.photovoyage.fr\/blog\/stage-photo-a-sixt-fer-a-cheval\/\" \/>\n<meta property=\"og:site_name\" content=\"photovoyage.fr\" \/>\n<meta property=\"article:published_time\" content=\"2018-09-30T07:24:59+00:00\" \/>\n<meta property=\"article:modified_time\" content=\"2019-05-11T19:55:17+00:00\" \/>\n<meta property=\"og:image\" content=\"http:\/\/www.photovoyage.fr\/blog\/wp-content\/uploads\/ngg_featured\/MG_6955-Copier.JPG\" \/>\n\t<meta property=\"og:image:width\" content=\"800\" \/>\n\t<meta property=\"og:image:height\" content=\"533\" \/>\n\t<meta property=\"og:image:type\" content=\"image\/jpeg\" \/>\n<meta name=\"author\" content=\"photovoyage\" \/>\n<meta name=\"twitter:label1\" content=\"\u00c9crit par\" \/>\n\t<meta name=\"twitter:data1\" content=\"photovoyage\" \/>\n\t<meta name=\"twitter:label2\" content=\"Dur\u00e9e de lecture estim\u00e9e\" \/>\n\t<meta name=\"twitter:data2\" content=\"1 minute\" \/>\n<script type=\"application\/ld+json\" class=\"yoast-schema-graph\">{\"@context\":\"https:\/\/schema.org\",\"@graph\":[{\"@type\":\"Article\",\"@id\":\"http:\/\/www.photovoyage.fr\/blog\/stage-photo-a-sixt-fer-a-cheval\/#article\",\"isPartOf\":{\"@id\":\"http:\/\/www.photovoyage.fr\/blog\/stage-photo-a-sixt-fer-a-cheval\/\"},\"author\":{\"name\":\"photovoyage\",\"@id\":\"http:\/\/www.photovoyage.fr\/blog\/#\/schema\/person\/a6600656ccdd05f7a4132987c28fc4ac\"},\"headline\":\"Stage photo \u00e0 Sixt Fer \u00e0 Cheval\",\"datePublished\":\"2018-09-30T07:24:59+00:00\",\"dateModified\":\"2019-05-11T19:55:17+00:00\",\"mainEntityOfPage\":{\"@id\":\"http:\/\/www.photovoyage.fr\/blog\/stage-photo-a-sixt-fer-a-cheval\/\"},\"wordCount\":201,\"commentCount\":0,\"publisher\":{\"@id\":\"http:\/\/www.photovoyage.fr\/blog\/#\/schema\/person\/a6600656ccdd05f7a4132987c28fc4ac\"},\"image\":{\"@id\":\"http:\/\/www.photovoyage.fr\/blog\/stage-photo-a-sixt-fer-a-cheval\/#primaryimage\"},\"thumbnailUrl\":\"http:\/\/www.photovoyage.fr\/blog\/wp-content\/uploads\/ngg_featured\/MG_6955-Copier.JPG\",\"keywords\":[\"accueil\",\"Sixt\",\"Stage\"],\"articleSection\":[\"Autour de chez nous\",\"Test\"],\"inLanguage\":\"fr-FR\",\"potentialAction\":[{\"@type\":\"CommentAction\",\"name\":\"Comment\",\"target\":[\"http:\/\/www.photovoyage.fr\/blog\/stage-photo-a-sixt-fer-a-cheval\/#respond\"]}]},{\"@type\":\"WebPage\",\"@id\":\"http:\/\/www.photovoyage.fr\/blog\/stage-photo-a-sixt-fer-a-cheval\/\",\"url\":\"http:\/\/www.photovoyage.fr\/blog\/stage-photo-a-sixt-fer-a-cheval\/\",\"name\":\"Stage photo \u00e0 Sixt Fer \u00e0 Cheval - photovoyage.fr\",\"isPartOf\":{\"@id\":\"http:\/\/www.photovoyage.fr\/blog\/#website\"},\"primaryImageOfPage\":{\"@id\":\"http:\/\/www.photovoyage.fr\/blog\/stage-photo-a-sixt-fer-a-cheval\/#primaryimage\"},\"image\":{\"@id\":\"http:\/\/www.photovoyage.fr\/blog\/stage-photo-a-sixt-fer-a-cheval\/#primaryimage\"},\"thumbnailUrl\":\"http:\/\/www.photovoyage.fr\/blog\/wp-content\/uploads\/ngg_featured\/MG_6955-Copier.JPG\",\"datePublished\":\"2018-09-30T07:24:59+00:00\",\"dateModified\":\"2019-05-11T19:55:17+00:00\",\"breadcrumb\":{\"@id\":\"http:\/\/www.photovoyage.fr\/blog\/stage-photo-a-sixt-fer-a-cheval\/#breadcrumb\"},\"inLanguage\":\"fr-FR\",\"potentialAction\":[{\"@type\":\"ReadAction\",\"target\":[\"http:\/\/www.photovoyage.fr\/blog\/stage-photo-a-sixt-fer-a-cheval\/\"]}]},{\"@type\":\"ImageObject\",\"inLanguage\":\"fr-FR\",\"@id\":\"http:\/\/www.photovoyage.fr\/blog\/stage-photo-a-sixt-fer-a-cheval\/#primaryimage\",\"url\":\"http:\/\/www.photovoyage.fr\/blog\/wp-content\/uploads\/ngg_featured\/MG_6955-Copier.JPG\",\"contentUrl\":\"http:\/\/www.photovoyage.fr\/blog\/wp-content\/uploads\/ngg_featured\/MG_6955-Copier.JPG\",\"width\":800,\"height\":533},{\"@type\":\"BreadcrumbList\",\"@id\":\"http:\/\/www.photovoyage.fr\/blog\/stage-photo-a-sixt-fer-a-cheval\/#breadcrumb\",\"itemListElement\":[{\"@type\":\"ListItem\",\"position\":1,\"name\":\"Accueil\",\"item\":\"http:\/\/www.photovoyage.fr\/blog\/\"},{\"@type\":\"ListItem\",\"position\":2,\"name\":\"Stage photo \u00e0 Sixt Fer \u00e0 Cheval\"}]},{\"@type\":\"WebSite\",\"@id\":\"http:\/\/www.photovoyage.fr\/blog\/#website\",\"url\":\"http:\/\/www.photovoyage.fr\/blog\/\",\"name\":\"photovoyage.fr\",\"description\":\"La passion de la photo et du voyage. Retrouvez ici nos r\u00e9cits de voyages et nos photos.\",\"publisher\":{\"@id\":\"http:\/\/www.photovoyage.fr\/blog\/#\/schema\/person\/a6600656ccdd05f7a4132987c28fc4ac\"},\"potentialAction\":[{\"@type\":\"SearchAction\",\"target\":{\"@type\":\"EntryPoint\",\"urlTemplate\":\"http:\/\/www.photovoyage.fr\/blog\/?s={search_term_string}\"},\"query-input\":{\"@type\":\"PropertyValueSpecification\",\"valueRequired\":true,\"valueName\":\"search_term_string\"}}],\"inLanguage\":\"fr-FR\"},{\"@type\":[\"Person\",\"Organization\"],\"@id\":\"http:\/\/www.photovoyage.fr\/blog\/#\/schema\/person\/a6600656ccdd05f7a4132987c28fc4ac\",\"name\":\"photovoyage\",\"image\":{\"@type\":\"ImageObject\",\"inLanguage\":\"fr-FR\",\"@id\":\"http:\/\/www.photovoyage.fr\/blog\/#\/schema\/person\/image\/\",\"url\":\"http:\/\/www.photovoyage.fr\/blog\/wp-content\/uploads\/2018\/04\/cropped-cropped-logo3.jpg\",\"contentUrl\":\"http:\/\/www.photovoyage.fr\/blog\/wp-content\/uploads\/2018\/04\/cropped-cropped-logo3.jpg\",\"width\":873,\"height\":111,\"caption\":\"photovoyage\"},\"logo\":{\"@id\":\"http:\/\/www.photovoyage.fr\/blog\/#\/schema\/person\/image\/\"}}]}<\/script>\n<!-- \/ Yoast SEO plugin. -->","yoast_head_json":{"title":"Stage photo \u00e0 Sixt Fer \u00e0 Cheval - photovoyage.fr","robots":{"index":"index","follow":"follow","max-snippet":"max-snippet:-1","max-image-preview":"max-image-preview:large","max-video-preview":"max-video-preview:-1"},"canonical":"http:\/\/www.photovoyage.fr\/blog\/stage-photo-a-sixt-fer-a-cheval\/","og_locale":"fr_FR","og_type":"article","og_title":"Stage photo \u00e0 Sixt Fer \u00e0 Cheval - photovoyage.fr","og_description":"Cadeau de Noel de mon \u00e9pouse, ce stage photo avec Nicolas Perrin est pour moi l&rsquo;occasion de passer une journ\u00e9e en montagne \u00e0 parfaire mes comp\u00e9tences photos. J&rsquo;ai choisi un stage dans la r\u00e9gion de Sixt Fer \u00e0 Cheval. C&rsquo;est un terrain de jeu id\u00e9al pour les photos de cascades. Ce sera l&rsquo;occasion pour moi &hellip;","og_url":"http:\/\/www.photovoyage.fr\/blog\/stage-photo-a-sixt-fer-a-cheval\/","og_site_name":"photovoyage.fr","article_published_time":"2018-09-30T07:24:59+00:00","article_modified_time":"2019-05-11T19:55:17+00:00","og_image":[{"width":800,"height":533,"url":"http:\/\/www.photovoyage.fr\/blog\/wp-content\/uploads\/ngg_featured\/MG_6955-Copier.JPG","type":"image\/jpeg"}],"author":"photovoyage","twitter_misc":{"\u00c9crit par":"photovoyage","Dur\u00e9e de lecture estim\u00e9e":"1 minute"},"schema":{"@context":"https:\/\/schema.org","@graph":[{"@type":"Article","@id":"http:\/\/www.photovoyage.fr\/blog\/stage-photo-a-sixt-fer-a-cheval\/#article","isPartOf":{"@id":"http:\/\/www.photovoyage.fr\/blog\/stage-photo-a-sixt-fer-a-cheval\/"},"author":{"name":"photovoyage","@id":"http:\/\/www.photovoyage.fr\/blog\/#\/schema\/person\/a6600656ccdd05f7a4132987c28fc4ac"},"headline":"Stage photo \u00e0 Sixt Fer \u00e0 Cheval","datePublished":"2018-09-30T07:24:59+00:00","dateModified":"2019-05-11T19:55:17+00:00","mainEntityOfPage":{"@id":"http:\/\/www.photovoyage.fr\/blog\/stage-photo-a-sixt-fer-a-cheval\/"},"wordCount":201,"commentCount":0,"publisher":{"@id":"http:\/\/www.photovoyage.fr\/blog\/#\/schema\/person\/a6600656ccdd05f7a4132987c28fc4ac"},"image":{"@id":"http:\/\/www.photovoyage.fr\/blog\/stage-photo-a-sixt-fer-a-cheval\/#primaryimage"},"thumbnailUrl":"http:\/\/www.photovoyage.fr\/blog\/wp-content\/uploads\/ngg_featured\/MG_6955-Copier.JPG","keywords":["accueil","Sixt","Stage"],"articleSection":["Autour de chez nous","Test"],"inLanguage":"fr-FR","potentialAction":[{"@type":"CommentAction","name":"Comment","target":["http:\/\/www.photovoyage.fr\/blog\/stage-photo-a-sixt-fer-a-cheval\/#respond"]}]},{"@type":"WebPage","@id":"http:\/\/www.photovoyage.fr\/blog\/stage-photo-a-sixt-fer-a-cheval\/","url":"http:\/\/www.photovoyage.fr\/blog\/stage-photo-a-sixt-fer-a-cheval\/","name":"Stage photo \u00e0 Sixt Fer \u00e0 Cheval - photovoyage.fr","isPartOf":{"@id":"http:\/\/www.photovoyage.fr\/blog\/#website"},"primaryImageOfPage":{"@id":"http:\/\/www.photovoyage.fr\/blog\/stage-photo-a-sixt-fer-a-cheval\/#primaryimage"},"image":{"@id":"http:\/\/www.photovoyage.fr\/blog\/stage-photo-a-sixt-fer-a-cheval\/#primaryimage"},"thumbnailUrl":"http:\/\/www.photovoyage.fr\/blog\/wp-content\/uploads\/ngg_featured\/MG_6955-Copier.JPG","datePublished":"2018-09-30T07:24:59+00:00","dateModified":"2019-05-11T19:55:17+00:00","breadcrumb":{"@id":"http:\/\/www.photovoyage.fr\/blog\/stage-photo-a-sixt-fer-a-cheval\/#breadcrumb"},"inLanguage":"fr-FR","potentialAction":[{"@type":"ReadAction","target":["http:\/\/www.photovoyage.fr\/blog\/stage-photo-a-sixt-fer-a-cheval\/"]}]},{"@type":"ImageObject","inLanguage":"fr-FR","@id":"http:\/\/www.photovoyage.fr\/blog\/stage-photo-a-sixt-fer-a-cheval\/#primaryimage","url":"http:\/\/www.photovoyage.fr\/blog\/wp-content\/uploads\/ngg_featured\/MG_6955-Copier.JPG","contentUrl":"http:\/\/www.photovoyage.fr\/blog\/wp-content\/uploads\/ngg_featured\/MG_6955-Copier.JPG","width":800,"height":533},{"@type":"BreadcrumbList","@id":"http:\/\/www.photovoyage.fr\/blog\/stage-photo-a-sixt-fer-a-cheval\/#breadcrumb","itemListElement":[{"@type":"ListItem","position":1,"name":"Accueil","item":"http:\/\/www.photovoyage.fr\/blog\/"},{"@type":"ListItem","position":2,"name":"Stage photo \u00e0 Sixt Fer \u00e0 Cheval"}]},{"@type":"WebSite","@id":"http:\/\/www.photovoyage.fr\/blog\/#website","url":"http:\/\/www.photovoyage.fr\/blog\/","name":"photovoyage.fr","description":"La passion de la photo et du voyage. Retrouvez ici nos r\u00e9cits de voyages et nos photos.","publisher":{"@id":"http:\/\/www.photovoyage.fr\/blog\/#\/schema\/person\/a6600656ccdd05f7a4132987c28fc4ac"},"potentialAction":[{"@type":"SearchAction","target":{"@type":"EntryPoint","urlTemplate":"http:\/\/www.photovoyage.fr\/blog\/?s={search_term_string}"},"query-input":{"@type":"PropertyValueSpecification","valueRequired":true,"valueName":"search_term_string"}}],"inLanguage":"fr-FR"},{"@type":["Person","Organization"],"@id":"http:\/\/www.photovoyage.fr\/blog\/#\/schema\/person\/a6600656ccdd05f7a4132987c28fc4ac","name":"photovoyage","image":{"@type":"ImageObject","inLanguage":"fr-FR","@id":"http:\/\/www.photovoyage.fr\/blog\/#\/schema\/person\/image\/","url":"http:\/\/www.photovoyage.fr\/blog\/wp-content\/uploads\/2018\/04\/cropped-cropped-logo3.jpg","contentUrl":"http:\/\/www.photovoyage.fr\/blog\/wp-content\/uploads\/2018\/04\/cropped-cropped-logo3.jpg","width":873,"height":111,"caption":"photovoyage"},"logo":{"@id":"http:\/\/www.photovoyage.fr\/blog\/#\/schema\/person\/image\/"}}]}},"_links":{"self":[{"href":"http:\/\/www.photovoyage.fr\/blog\/wp-json\/wp\/v2\/posts\/3302","targetHints":{"allow":["GET"]}}],"collection":[{"href":"http:\/\/www.photovoyage.fr\/blog\/wp-json\/wp\/v2\/posts"}],"about":[{"href":"http:\/\/www.photovoyage.fr\/blog\/wp-json\/wp\/v2\/types\/post"}],"author":[{"embeddable":true,"href":"http:\/\/www.photovoyage.fr\/blog\/wp-json\/wp\/v2\/users\/1"}],"replies":[{"embeddable":true,"href":"http:\/\/www.photovoyage.fr\/blog\/wp-json\/wp\/v2\/comments?post=3302"}],"version-history":[{"count":0,"href":"http:\/\/www.photovoyage.fr\/blog\/wp-json\/wp\/v2\/posts\/3302\/revisions"}],"wp:featuredmedia":[{"embeddable":true,"href":"http:\/\/www.photovoyage.fr\/blog\/wp-json\/wp\/v2\/media\/3671"}],"wp:attachment":[{"href":"http:\/\/www.photovoyage.fr\/blog\/wp-json\/wp\/v2\/media?parent=3302"}],"wp:term":[{"taxonomy":"category","embeddable":true,"href":"http:\/\/www.photovoyage.fr\/blog\/wp-json\/wp\/v2\/categories?post=3302"},{"taxonomy":"post_tag","embeddable":true,"href":"http:\/\/www.photovoyage.fr\/blog\/wp-json\/wp\/v2\/tags?post=3302"}],"curies":[{"name":"wp","href":"https:\/\/api.w.org\/{rel}","templated":true}]}}