{"id":3412,"date":"2018-09-30T21:16:04","date_gmt":"2018-09-30T20:16:04","guid":{"rendered":"http:\/\/www.photovoyage.fr\/blog\/?p=3412"},"modified":"2019-09-30T20:13:51","modified_gmt":"2019-09-30T19:13:51","slug":"48h-a-marrakech","status":"publish","type":"post","link":"http:\/\/www.photovoyage.fr\/blog\/48h-a-marrakech\/","title":{"rendered":"r\u00e9cit de voyage : 48H \u00e0 Marrakech"},"content":{"rendered":"<div class=\"yzp-no-index\"><\/div><h1>R\u00e9cit de voyage de 2 jours \u00e0 Marrakech<\/h1>\n<h4>Introduction<\/h4>\n<p>Deux jours pour visiter Marrakech c&rsquo;est tr\u00e8s peu . N\u00e9anmoins, cela permet de d\u00e9couvrir quand m\u00eame la ville et apr\u00e8s deux jours, nous \u00e9tions contents de partir pour d\u00e9couvrir les magnifiques paysages du Maroc.&nbsp; Il faut bien avouer que parcourir la m\u00e9dina n&rsquo;a rien de reposant. Beaucoup de bruits, de sollicitations, de n\u00e9gociations, et une attention de tous les instants pour \u00e9viter les scooters, v\u00e9los, charrettes et autres V.N.I. (v\u00e9hicules non identifi\u00e9s)&#8230;<\/p>\n<h4>La place Jemaa El Fna<\/h4>\n<p>Probablement la plus grande deception de notre voyage. Le soir la place semble \u00eatre plus sympa mais en journ\u00e9e, c&rsquo;est un peu la cour des miracles. Entre les dresseurs de serpents, les singes \u00e0 l&rsquo;agonie qui font peine \u00e0 voir, les hommes en habits traditionnels \u00e0 la recherche de photographes et de quelques dirhams, les tatoueuses de henn\u00e9 parfois limite agressives, les rabatteurs en tous genre, les mendiants&#8230;. Tout ce petit monde alpaguant \u00e0 tout va les touristes pour quelques euros. Le tout sur une place sans trop de charme, entour\u00e9e de boutiques absolument sans int\u00e9r\u00eat. Les jus de fruits frais pour 4 dirhams (40 centimes d&rsquo;\u20ac) ont \u00e9t\u00e9 pour nous la chose la plus int\u00e9ressante sur la place !&nbsp;<\/p>\n<h4>Les souks<\/h4>\n<p>Heureusement, les souks qui bordent la place (et plus loin) sont plus int\u00e9ressants. Certes beaucoup de boutiques pr\u00e9sentent assez peu d&rsquo;int\u00e9r\u00eat et des produits plut\u00f4t fabriqu\u00e9s en Chine qu&rsquo;au Maroc, mais on trouve quand m\u00eame aussi pas mal d&rsquo;\u00e9choppe \u00e0 visiter. Sacs, lampes et d\u00e9co, tapis, \u00e9pices, &#8230; Chacun trouvera&nbsp; babouche \u00e0 son pied !<\/p>\n<p><a href=\"http:\/\/www.photovoyage.fr\/blog\/48h-a-marrakech\/_mg_6106-copier\/\" rel=\"attachment wp-att-3413\"><img loading=\"lazy\" decoding=\"async\" class=\"alignleft wp-image-3413\" title=\"Epices dans le souk de Marrakech\" src=\"http:\/\/www.photovoyage.fr\/blog\/wp-content\/uploads\/2018\/04\/MG_6106-Copier.jpg\" alt=\"Epices dans le souk de Marrakech\" width=\"168\" height=\"112\" srcset=\"http:\/\/www.photovoyage.fr\/blog\/wp-content\/uploads\/2018\/04\/MG_6106-Copier.jpg 800w, http:\/\/www.photovoyage.fr\/blog\/wp-content\/uploads\/2018\/04\/MG_6106-Copier-300x200.jpg 300w, http:\/\/www.photovoyage.fr\/blog\/wp-content\/uploads\/2018\/04\/MG_6106-Copier-768x512.jpg 768w, http:\/\/www.photovoyage.fr\/blog\/wp-content\/uploads\/2018\/04\/MG_6106-Copier-600x400.jpg 600w\" sizes=\"auto, (max-width: 168px) 100vw, 168px\" \/><\/a><\/p>\n<p><a href=\"http:\/\/www.photovoyage.fr\/blog\/48h-a-marrakech\/_mg_6111-copier\/\" rel=\"attachment wp-att-3414\"><img loading=\"lazy\" decoding=\"async\" class=\"alignleft wp-image-3414\" title=\"Boutique de souvenirs Marrakech\" src=\"http:\/\/www.photovoyage.fr\/blog\/wp-content\/uploads\/2018\/04\/MG_6111-Copier.jpg\" alt=\"Boutique de souvenirs Marrakech\" width=\"170\" height=\"113\" srcset=\"http:\/\/www.photovoyage.fr\/blog\/wp-content\/uploads\/2018\/04\/MG_6111-Copier.jpg 800w, http:\/\/www.photovoyage.fr\/blog\/wp-content\/uploads\/2018\/04\/MG_6111-Copier-300x200.jpg 300w, http:\/\/www.photovoyage.fr\/blog\/wp-content\/uploads\/2018\/04\/MG_6111-Copier-768x512.jpg 768w, http:\/\/www.photovoyage.fr\/blog\/wp-content\/uploads\/2018\/04\/MG_6111-Copier-600x400.jpg 600w\" sizes=\"auto, (max-width: 170px) 100vw, 170px\" \/><\/a><\/p>\n<p>&nbsp;<\/p>\n<p>&nbsp;<\/p>\n<p>&nbsp;<\/p>\n<h4>Le Palais Bahia<\/h4>\n<p>Apr\u00e8s une journ\u00e9e \u00e0 parcourir les souks, nous optons pour une visite du palais Bahia, un des joyaux de Marrakech. Ce magnifique palais \u00e0 l&rsquo;architecture arabo andalouse poss\u00e8de \u00e9galement de tr\u00e8s jolis jardins, aux senteurs d&rsquo;oranger, de mimosa, &#8230;<\/p>\n<p><a href=\"http:\/\/www.photovoyage.fr\/blog\/48h-a-marrakech\/_mg_6130-copier\/\" rel=\"attachment wp-att-3415\"><img loading=\"lazy\" decoding=\"async\" class=\"alignleft wp-image-3415 size-full\" title=\"Palais Bahia Marrakech\" src=\"http:\/\/www.photovoyage.fr\/blog\/wp-content\/uploads\/2018\/04\/MG_6130-Copier.jpg\" alt=\"Palais Bahia Marrakech\" width=\"800\" height=\"533\" srcset=\"http:\/\/www.photovoyage.fr\/blog\/wp-content\/uploads\/2018\/04\/MG_6130-Copier.jpg 800w, http:\/\/www.photovoyage.fr\/blog\/wp-content\/uploads\/2018\/04\/MG_6130-Copier-300x200.jpg 300w, http:\/\/www.photovoyage.fr\/blog\/wp-content\/uploads\/2018\/04\/MG_6130-Copier-768x512.jpg 768w, http:\/\/www.photovoyage.fr\/blog\/wp-content\/uploads\/2018\/04\/MG_6130-Copier-600x400.jpg 600w\" sizes=\"auto, (max-width: 800px) 100vw, 800px\" \/><\/a><\/p>\n<h4>&nbsp;<\/h4>\n<h4>La villa Majorelle<\/h4>\n<p>Le site le plus visit\u00e9 de Maroc ! Pas \u00e9tonnant donc qu&rsquo;on ait d\u00fb faire la queue pour entrer. Pourtant, petite astuce : en prenant le pass aux caisses du mus\u00e9e Yves St Laurent, vous ferez moins de queue et pourrez directement entrer ensuite dans la villa Majorelle sans repasser par les caisses. A ce sujet, le pass donne aussi le droit de visiter le mus\u00e9e berb\u00e8re. Et bien ne ratez pas ce petit mus\u00e9e vraiment tr\u00e8s beau. On vous le recommande.&nbsp;<\/p>\n<p><a href=\"http:\/\/www.photovoyage.fr\/blog\/48h-a-marrakech\/_mg_6248-copier\/\" rel=\"attachment wp-att-3417\"><img loading=\"lazy\" decoding=\"async\" class=\"alignleft wp-image-3417\" title=\"Jardin de Majorelle\" src=\"http:\/\/www.photovoyage.fr\/blog\/wp-content\/uploads\/2018\/04\/MG_6248-Copier.jpg\" alt=\"Jardin de Majorelle\" width=\"248\" height=\"372\" srcset=\"http:\/\/www.photovoyage.fr\/blog\/wp-content\/uploads\/2018\/04\/MG_6248-Copier.jpg 400w, http:\/\/www.photovoyage.fr\/blog\/wp-content\/uploads\/2018\/04\/MG_6248-Copier-200x300.jpg 200w\" sizes=\"auto, (max-width: 248px) 100vw, 248px\" \/><\/a><\/p>\n<p>&nbsp;<\/p>\n<p>&nbsp;<\/p>\n<p>&nbsp;<\/p>\n<p>&nbsp;<\/p>\n<p>&nbsp;<\/p>\n<p>&nbsp;<\/p>\n<p>&nbsp;<\/p>\n<p>&nbsp;<\/p>\n<p>&nbsp;<\/p>\n<p>Notre visite de la ville rouge a \u00e9t\u00e9 intense et fatiguante. La medina demande une attention de tous les instants. A l&rsquo;ext\u00e9rieur de l&rsquo;enceinte, les grands boulevards sont tr\u00e8s bruyants et pollu\u00e9s par une circulation importante.<\/p>\nngg_shortcode_0_placeholder\n<p>&nbsp;<\/p>\n","protected":false},"excerpt":{"rendered":"<p>R\u00e9cit de voyage de 2 jours \u00e0 Marrakech Introduction Deux jours pour visiter Marrakech c&rsquo;est tr\u00e8s peu . N\u00e9anmoins, cela permet de d\u00e9couvrir quand m\u00eame la ville et apr\u00e8s deux jours, nous \u00e9tions contents de partir pour d\u00e9couvrir les magnifiques paysages du Maroc.&nbsp; Il faut bien avouer que parcourir la m\u00e9dina n&rsquo;a rien de reposant. &hellip;<\/p>\n","protected":false},"author":1,"featured_media":3413,"comment_status":"open","ping_status":"open","sticky":false,"template":"","format":"standard","meta":{"ngg_post_thumbnail":0,"footnotes":""},"categories":[6],"tags":[176,177],"class_list":["post-3412","post","type-post","status-publish","format-standard","has-post-thumbnail","hentry","category-voyages","tag-maroc","tag-marrakech","entry entry-center"],"yoast_head":"<!-- This site is optimized with the Yoast SEO plugin v24.1 - https:\/\/yoast.com\/wordpress\/plugins\/seo\/ -->\n<title>r\u00e9cit de voyage : 48H \u00e0 Marrakech - photovoyage.fr<\/title>\n<meta name=\"description\" content=\"Notre r\u00e9cit de voyage d&#039;une escapade \u00e0 Marrakech. Deux jours pour d\u00e9couvrir cette belle ville. photovoyage.fr r\u00e9cit de voyage : 48H \u00e0 Marrakech Voyages\" \/>\n<meta name=\"robots\" content=\"index, follow, max-snippet:-1, max-image-preview:large, max-video-preview:-1\" \/>\n<link rel=\"canonical\" href=\"http:\/\/www.photovoyage.fr\/blog\/48h-a-marrakech\/\" \/>\n<meta property=\"og:locale\" content=\"fr_FR\" \/>\n<meta property=\"og:type\" content=\"article\" \/>\n<meta property=\"og:title\" content=\"r\u00e9cit de voyage : 48H \u00e0 Marrakech - photovoyage.fr\" \/>\n<meta property=\"og:description\" content=\"Notre r\u00e9cit de voyage d&#039;une escapade \u00e0 Marrakech. Deux jours pour d\u00e9couvrir cette belle ville. photovoyage.fr r\u00e9cit de voyage : 48H \u00e0 Marrakech Voyages\" \/>\n<meta property=\"og:url\" content=\"http:\/\/www.photovoyage.fr\/blog\/48h-a-marrakech\/\" \/>\n<meta property=\"og:site_name\" content=\"photovoyage.fr\" \/>\n<meta property=\"article:published_time\" content=\"2018-09-30T20:16:04+00:00\" \/>\n<meta property=\"article:modified_time\" content=\"2019-09-30T19:13:51+00:00\" \/>\n<meta property=\"og:image\" content=\"http:\/\/www.photovoyage.fr\/blog\/wp-content\/uploads\/2018\/04\/MG_6106-Copier.jpg\" \/>\n\t<meta property=\"og:image:width\" content=\"800\" \/>\n\t<meta property=\"og:image:height\" content=\"533\" \/>\n\t<meta property=\"og:image:type\" content=\"image\/jpeg\" \/>\n<meta name=\"author\" content=\"photovoyage\" \/>\n<meta name=\"twitter:label1\" content=\"\u00c9crit par\" \/>\n\t<meta name=\"twitter:data1\" content=\"photovoyage\" \/>\n\t<meta name=\"twitter:label2\" content=\"Dur\u00e9e de lecture estim\u00e9e\" \/>\n\t<meta name=\"twitter:data2\" content=\"3 minutes\" \/>\n<script type=\"application\/ld+json\" class=\"yoast-schema-graph\">{\"@context\":\"https:\/\/schema.org\",\"@graph\":[{\"@type\":\"Article\",\"@id\":\"http:\/\/www.photovoyage.fr\/blog\/48h-a-marrakech\/#article\",\"isPartOf\":{\"@id\":\"http:\/\/www.photovoyage.fr\/blog\/48h-a-marrakech\/\"},\"author\":{\"name\":\"photovoyage\",\"@id\":\"http:\/\/www.photovoyage.fr\/blog\/#\/schema\/person\/a6600656ccdd05f7a4132987c28fc4ac\"},\"headline\":\"r\u00e9cit de voyage : 48H \u00e0 Marrakech\",\"datePublished\":\"2018-09-30T20:16:04+00:00\",\"dateModified\":\"2019-09-30T19:13:51+00:00\",\"mainEntityOfPage\":{\"@id\":\"http:\/\/www.photovoyage.fr\/blog\/48h-a-marrakech\/\"},\"wordCount\":526,\"commentCount\":0,\"publisher\":{\"@id\":\"http:\/\/www.photovoyage.fr\/blog\/#\/schema\/person\/a6600656ccdd05f7a4132987c28fc4ac\"},\"image\":{\"@id\":\"http:\/\/www.photovoyage.fr\/blog\/48h-a-marrakech\/#primaryimage\"},\"thumbnailUrl\":\"http:\/\/www.photovoyage.fr\/blog\/wp-content\/uploads\/2018\/04\/MG_6106-Copier.jpg\",\"keywords\":[\"Maroc\",\"Marrakech\"],\"articleSection\":[\"Voyages\"],\"inLanguage\":\"fr-FR\",\"potentialAction\":[{\"@type\":\"CommentAction\",\"name\":\"Comment\",\"target\":[\"http:\/\/www.photovoyage.fr\/blog\/48h-a-marrakech\/#respond\"]}]},{\"@type\":\"WebPage\",\"@id\":\"http:\/\/www.photovoyage.fr\/blog\/48h-a-marrakech\/\",\"url\":\"http:\/\/www.photovoyage.fr\/blog\/48h-a-marrakech\/\",\"name\":\"r\u00e9cit de voyage : 48H \u00e0 Marrakech - photovoyage.fr\",\"isPartOf\":{\"@id\":\"http:\/\/www.photovoyage.fr\/blog\/#website\"},\"primaryImageOfPage\":{\"@id\":\"http:\/\/www.photovoyage.fr\/blog\/48h-a-marrakech\/#primaryimage\"},\"image\":{\"@id\":\"http:\/\/www.photovoyage.fr\/blog\/48h-a-marrakech\/#primaryimage\"},\"thumbnailUrl\":\"http:\/\/www.photovoyage.fr\/blog\/wp-content\/uploads\/2018\/04\/MG_6106-Copier.jpg\",\"datePublished\":\"2018-09-30T20:16:04+00:00\",\"dateModified\":\"2019-09-30T19:13:51+00:00\",\"description\":\"Notre r\u00e9cit de voyage d'une escapade \u00e0 Marrakech. Deux jours pour d\u00e9couvrir cette belle ville. photovoyage.fr r\u00e9cit de voyage : 48H \u00e0 Marrakech Voyages\",\"breadcrumb\":{\"@id\":\"http:\/\/www.photovoyage.fr\/blog\/48h-a-marrakech\/#breadcrumb\"},\"inLanguage\":\"fr-FR\",\"potentialAction\":[{\"@type\":\"ReadAction\",\"target\":[\"http:\/\/www.photovoyage.fr\/blog\/48h-a-marrakech\/\"]}]},{\"@type\":\"ImageObject\",\"inLanguage\":\"fr-FR\",\"@id\":\"http:\/\/www.photovoyage.fr\/blog\/48h-a-marrakech\/#primaryimage\",\"url\":\"http:\/\/www.photovoyage.fr\/blog\/wp-content\/uploads\/2018\/04\/MG_6106-Copier.jpg\",\"contentUrl\":\"http:\/\/www.photovoyage.fr\/blog\/wp-content\/uploads\/2018\/04\/MG_6106-Copier.jpg\",\"width\":800,\"height\":533},{\"@type\":\"BreadcrumbList\",\"@id\":\"http:\/\/www.photovoyage.fr\/blog\/48h-a-marrakech\/#breadcrumb\",\"itemListElement\":[{\"@type\":\"ListItem\",\"position\":1,\"name\":\"Accueil\",\"item\":\"http:\/\/www.photovoyage.fr\/blog\/\"},{\"@type\":\"ListItem\",\"position\":2,\"name\":\"r\u00e9cit de voyage : 48H \u00e0 Marrakech\"}]},{\"@type\":\"WebSite\",\"@id\":\"http:\/\/www.photovoyage.fr\/blog\/#website\",\"url\":\"http:\/\/www.photovoyage.fr\/blog\/\",\"name\":\"photovoyage.fr\",\"description\":\"La passion de la photo et du voyage. Retrouvez ici nos r\u00e9cits de voyages et nos photos.\",\"publisher\":{\"@id\":\"http:\/\/www.photovoyage.fr\/blog\/#\/schema\/person\/a6600656ccdd05f7a4132987c28fc4ac\"},\"potentialAction\":[{\"@type\":\"SearchAction\",\"target\":{\"@type\":\"EntryPoint\",\"urlTemplate\":\"http:\/\/www.photovoyage.fr\/blog\/?s={search_term_string}\"},\"query-input\":{\"@type\":\"PropertyValueSpecification\",\"valueRequired\":true,\"valueName\":\"search_term_string\"}}],\"inLanguage\":\"fr-FR\"},{\"@type\":[\"Person\",\"Organization\"],\"@id\":\"http:\/\/www.photovoyage.fr\/blog\/#\/schema\/person\/a6600656ccdd05f7a4132987c28fc4ac\",\"name\":\"photovoyage\",\"image\":{\"@type\":\"ImageObject\",\"inLanguage\":\"fr-FR\",\"@id\":\"http:\/\/www.photovoyage.fr\/blog\/#\/schema\/person\/image\/\",\"url\":\"http:\/\/www.photovoyage.fr\/blog\/wp-content\/uploads\/2018\/04\/cropped-cropped-logo3.jpg\",\"contentUrl\":\"http:\/\/www.photovoyage.fr\/blog\/wp-content\/uploads\/2018\/04\/cropped-cropped-logo3.jpg\",\"width\":873,\"height\":111,\"caption\":\"photovoyage\"},\"logo\":{\"@id\":\"http:\/\/www.photovoyage.fr\/blog\/#\/schema\/person\/image\/\"}}]}<\/script>\n<!-- \/ Yoast SEO plugin. -->","yoast_head_json":{"title":"r\u00e9cit de voyage : 48H \u00e0 Marrakech - photovoyage.fr","description":"Notre r\u00e9cit de voyage d'une escapade \u00e0 Marrakech. Deux jours pour d\u00e9couvrir cette belle ville. photovoyage.fr r\u00e9cit de voyage : 48H \u00e0 Marrakech Voyages","robots":{"index":"index","follow":"follow","max-snippet":"max-snippet:-1","max-image-preview":"max-image-preview:large","max-video-preview":"max-video-preview:-1"},"canonical":"http:\/\/www.photovoyage.fr\/blog\/48h-a-marrakech\/","og_locale":"fr_FR","og_type":"article","og_title":"r\u00e9cit de voyage : 48H \u00e0 Marrakech - photovoyage.fr","og_description":"Notre r\u00e9cit de voyage d'une escapade \u00e0 Marrakech. Deux jours pour d\u00e9couvrir cette belle ville. photovoyage.fr r\u00e9cit de voyage : 48H \u00e0 Marrakech Voyages","og_url":"http:\/\/www.photovoyage.fr\/blog\/48h-a-marrakech\/","og_site_name":"photovoyage.fr","article_published_time":"2018-09-30T20:16:04+00:00","article_modified_time":"2019-09-30T19:13:51+00:00","og_image":[{"width":800,"height":533,"url":"http:\/\/www.photovoyage.fr\/blog\/wp-content\/uploads\/2018\/04\/MG_6106-Copier.jpg","type":"image\/jpeg"}],"author":"photovoyage","twitter_misc":{"\u00c9crit par":"photovoyage","Dur\u00e9e de lecture estim\u00e9e":"3 minutes"},"schema":{"@context":"https:\/\/schema.org","@graph":[{"@type":"Article","@id":"http:\/\/www.photovoyage.fr\/blog\/48h-a-marrakech\/#article","isPartOf":{"@id":"http:\/\/www.photovoyage.fr\/blog\/48h-a-marrakech\/"},"author":{"name":"photovoyage","@id":"http:\/\/www.photovoyage.fr\/blog\/#\/schema\/person\/a6600656ccdd05f7a4132987c28fc4ac"},"headline":"r\u00e9cit de voyage : 48H \u00e0 Marrakech","datePublished":"2018-09-30T20:16:04+00:00","dateModified":"2019-09-30T19:13:51+00:00","mainEntityOfPage":{"@id":"http:\/\/www.photovoyage.fr\/blog\/48h-a-marrakech\/"},"wordCount":526,"commentCount":0,"publisher":{"@id":"http:\/\/www.photovoyage.fr\/blog\/#\/schema\/person\/a6600656ccdd05f7a4132987c28fc4ac"},"image":{"@id":"http:\/\/www.photovoyage.fr\/blog\/48h-a-marrakech\/#primaryimage"},"thumbnailUrl":"http:\/\/www.photovoyage.fr\/blog\/wp-content\/uploads\/2018\/04\/MG_6106-Copier.jpg","keywords":["Maroc","Marrakech"],"articleSection":["Voyages"],"inLanguage":"fr-FR","potentialAction":[{"@type":"CommentAction","name":"Comment","target":["http:\/\/www.photovoyage.fr\/blog\/48h-a-marrakech\/#respond"]}]},{"@type":"WebPage","@id":"http:\/\/www.photovoyage.fr\/blog\/48h-a-marrakech\/","url":"http:\/\/www.photovoyage.fr\/blog\/48h-a-marrakech\/","name":"r\u00e9cit de voyage : 48H \u00e0 Marrakech - photovoyage.fr","isPartOf":{"@id":"http:\/\/www.photovoyage.fr\/blog\/#website"},"primaryImageOfPage":{"@id":"http:\/\/www.photovoyage.fr\/blog\/48h-a-marrakech\/#primaryimage"},"image":{"@id":"http:\/\/www.photovoyage.fr\/blog\/48h-a-marrakech\/#primaryimage"},"thumbnailUrl":"http:\/\/www.photovoyage.fr\/blog\/wp-content\/uploads\/2018\/04\/MG_6106-Copier.jpg","datePublished":"2018-09-30T20:16:04+00:00","dateModified":"2019-09-30T19:13:51+00:00","description":"Notre r\u00e9cit de voyage d'une escapade \u00e0 Marrakech. Deux jours pour d\u00e9couvrir cette belle ville. photovoyage.fr r\u00e9cit de voyage : 48H \u00e0 Marrakech Voyages","breadcrumb":{"@id":"http:\/\/www.photovoyage.fr\/blog\/48h-a-marrakech\/#breadcrumb"},"inLanguage":"fr-FR","potentialAction":[{"@type":"ReadAction","target":["http:\/\/www.photovoyage.fr\/blog\/48h-a-marrakech\/"]}]},{"@type":"ImageObject","inLanguage":"fr-FR","@id":"http:\/\/www.photovoyage.fr\/blog\/48h-a-marrakech\/#primaryimage","url":"http:\/\/www.photovoyage.fr\/blog\/wp-content\/uploads\/2018\/04\/MG_6106-Copier.jpg","contentUrl":"http:\/\/www.photovoyage.fr\/blog\/wp-content\/uploads\/2018\/04\/MG_6106-Copier.jpg","width":800,"height":533},{"@type":"BreadcrumbList","@id":"http:\/\/www.photovoyage.fr\/blog\/48h-a-marrakech\/#breadcrumb","itemListElement":[{"@type":"ListItem","position":1,"name":"Accueil","item":"http:\/\/www.photovoyage.fr\/blog\/"},{"@type":"ListItem","position":2,"name":"r\u00e9cit de voyage : 48H \u00e0 Marrakech"}]},{"@type":"WebSite","@id":"http:\/\/www.photovoyage.fr\/blog\/#website","url":"http:\/\/www.photovoyage.fr\/blog\/","name":"photovoyage.fr","description":"La passion de la photo et du voyage. Retrouvez ici nos r\u00e9cits de voyages et nos photos.","publisher":{"@id":"http:\/\/www.photovoyage.fr\/blog\/#\/schema\/person\/a6600656ccdd05f7a4132987c28fc4ac"},"potentialAction":[{"@type":"SearchAction","target":{"@type":"EntryPoint","urlTemplate":"http:\/\/www.photovoyage.fr\/blog\/?s={search_term_string}"},"query-input":{"@type":"PropertyValueSpecification","valueRequired":true,"valueName":"search_term_string"}}],"inLanguage":"fr-FR"},{"@type":["Person","Organization"],"@id":"http:\/\/www.photovoyage.fr\/blog\/#\/schema\/person\/a6600656ccdd05f7a4132987c28fc4ac","name":"photovoyage","image":{"@type":"ImageObject","inLanguage":"fr-FR","@id":"http:\/\/www.photovoyage.fr\/blog\/#\/schema\/person\/image\/","url":"http:\/\/www.photovoyage.fr\/blog\/wp-content\/uploads\/2018\/04\/cropped-cropped-logo3.jpg","contentUrl":"http:\/\/www.photovoyage.fr\/blog\/wp-content\/uploads\/2018\/04\/cropped-cropped-logo3.jpg","width":873,"height":111,"caption":"photovoyage"},"logo":{"@id":"http:\/\/www.photovoyage.fr\/blog\/#\/schema\/person\/image\/"}}]}},"_links":{"self":[{"href":"http:\/\/www.photovoyage.fr\/blog\/wp-json\/wp\/v2\/posts\/3412","targetHints":{"allow":["GET"]}}],"collection":[{"href":"http:\/\/www.photovoyage.fr\/blog\/wp-json\/wp\/v2\/posts"}],"about":[{"href":"http:\/\/www.photovoyage.fr\/blog\/wp-json\/wp\/v2\/types\/post"}],"author":[{"embeddable":true,"href":"http:\/\/www.photovoyage.fr\/blog\/wp-json\/wp\/v2\/users\/1"}],"replies":[{"embeddable":true,"href":"http:\/\/www.photovoyage.fr\/blog\/wp-json\/wp\/v2\/comments?post=3412"}],"version-history":[{"count":0,"href":"http:\/\/www.photovoyage.fr\/blog\/wp-json\/wp\/v2\/posts\/3412\/revisions"}],"wp:featuredmedia":[{"embeddable":true,"href":"http:\/\/www.photovoyage.fr\/blog\/wp-json\/wp\/v2\/media\/3413"}],"wp:attachment":[{"href":"http:\/\/www.photovoyage.fr\/blog\/wp-json\/wp\/v2\/media?parent=3412"}],"wp:term":[{"taxonomy":"category","embeddable":true,"href":"http:\/\/www.photovoyage.fr\/blog\/wp-json\/wp\/v2\/categories?post=3412"},{"taxonomy":"post_tag","embeddable":true,"href":"http:\/\/www.photovoyage.fr\/blog\/wp-json\/wp\/v2\/tags?post=3412"}],"curies":[{"name":"wp","href":"https:\/\/api.w.org\/{rel}","templated":true}]}}