{"id":3582,"date":"2018-09-30T21:39:44","date_gmt":"2018-09-30T20:39:44","guid":{"rendered":"http:\/\/www.photovoyage.fr\/blog\/?p=3582"},"modified":"2019-09-30T20:14:02","modified_gmt":"2019-09-30T19:14:02","slug":"xerokampos-notre-bout-du-monde","status":"publish","type":"post","link":"http:\/\/www.photovoyage.fr\/blog\/xerokampos-notre-bout-du-monde\/","title":{"rendered":"Xerokampos : notre bout du monde"},"content":{"rendered":"<div class=\"yzp-no-index\"><\/div><h1>Xerokampos : r\u00e9cit de voyage&nbsp;<\/h1>\n<p>Parmis toutes les destinations qu&rsquo;on a pr\u00e9sent\u00e9 sur ce blog de voyages, Xerokampos reste unique. En effet, des vacances \u00e0 Xerokampos \u00e0 l&rsquo;extr\u00e8me orientale de la Cr\u00eate c&rsquo;est un peu toucher le bout du monde.&nbsp; L\u00e0 bas, le tourisme est tr\u00e8s limit\u00e9. La premi\u00e8re station service est \u00e0 vingt kilom\u00e8tres. Pas de m\u00e9decin, pas de supermarch\u00e9, juste une petite sup\u00e9rette. Seulement des plages, des cailloux et du vent.<\/p>\n<p>ngg_shortcode_0_placeholderJe ne sais pas si cela vous donnera envie de d\u00e9couvrir \u00e9galement cette r\u00e9gion isol\u00e9e. Une chose est s\u00fbre : si vous voulez un coin tranquille, loin du tourisme de masse, Xerokampos est la destination id\u00e9ale. Vous oulierez bien vite le stress du quotidien. Ici, le temps s&rsquo;est arr\u00eat\u00e9 !&nbsp;<\/p>\n<p>Et si vous voulez une id\u00e9e de location, Ammothines est un petit coin de paradis, \u00e0 quelques m\u00e8tres de la magnifique plage de Mazida.<\/p>\n<p><img decoding=\"async\" class=\"ngg-singlepic ngg-none\" src=\"http:\/\/www.photovoyage.fr\/blog\/wp-content\/gallery\/xerokampos\/MG_7884-Copier.JPG\" alt=\"Ammothines\"><\/p>\n<p><a href=\"https:\/\/www.booking.com\/hotel\/gr\/ammothines.en.html?aid=1221594&amp;no_rooms=1&amp;group_adults=1\">Villa Ammothines<\/a><\/p>\n<figure style=\"width: 800px\" class=\"wp-caption alignnone\"><img loading=\"lazy\" decoding=\"async\" class=\"ngg-singlepic ngg-none\" src=\"http:\/\/www.photovoyage.fr\/blog\/wp-content\/gallery\/xerokampos\/MG_7869-Copier.jpg\" alt=\"Plage de Mazida \u00e0 Xerokampos\" width=\"800\" height=\"533\"><figcaption class=\"wp-caption-text\">Plage de Mazida &#8211; Xerokampos<\/figcaption><\/figure>\n","protected":false},"excerpt":{"rendered":"<p>Xerokampos : r\u00e9cit de voyage&nbsp; Parmis toutes les destinations qu&rsquo;on a pr\u00e9sent\u00e9 sur ce blog de voyages, Xerokampos reste unique. En effet, des vacances \u00e0 Xerokampos \u00e0 l&rsquo;extr\u00e8me orientale de la Cr\u00eate c&rsquo;est un peu toucher le bout du monde.&nbsp; L\u00e0 bas, le tourisme est tr\u00e8s limit\u00e9. La premi\u00e8re station service est \u00e0 vingt kilom\u00e8tres. &hellip;<\/p>\n","protected":false},"author":1,"featured_media":3720,"comment_status":"open","ping_status":"open","sticky":false,"template":"","format":"standard","meta":{"ngg_post_thumbnail":0,"footnotes":""},"categories":[6],"tags":[192],"class_list":["post-3582","post","type-post","status-publish","format-standard","has-post-thumbnail","hentry","category-voyages","tag-crete","entry entry-center"],"yoast_head":"<!-- This site is optimized with the Yoast SEO plugin v24.1 - https:\/\/yoast.com\/wordpress\/plugins\/seo\/ -->\n<title>Xerokampos : notre bout du monde - photovoyage.fr<\/title>\n<meta name=\"description\" content=\"r\u00e9cit de voyage sur nos vacances \u00e0 Xerokampos dans l&#039;extreme est de la Cr\u00e8te. photovoyage.fr Xerokampos : notre bout du monde Voyages\" \/>\n<meta name=\"robots\" content=\"index, follow, max-snippet:-1, max-image-preview:large, max-video-preview:-1\" \/>\n<link rel=\"canonical\" href=\"http:\/\/www.photovoyage.fr\/blog\/xerokampos-notre-bout-du-monde\/\" \/>\n<meta property=\"og:locale\" content=\"fr_FR\" \/>\n<meta property=\"og:type\" content=\"article\" \/>\n<meta property=\"og:title\" content=\"Xerokampos : notre bout du monde - photovoyage.fr\" \/>\n<meta property=\"og:description\" content=\"r\u00e9cit de voyage sur nos vacances \u00e0 Xerokampos dans l&#039;extreme est de la Cr\u00e8te. photovoyage.fr Xerokampos : notre bout du monde Voyages\" \/>\n<meta property=\"og:url\" content=\"http:\/\/www.photovoyage.fr\/blog\/xerokampos-notre-bout-du-monde\/\" \/>\n<meta property=\"og:site_name\" content=\"photovoyage.fr\" \/>\n<meta property=\"article:published_time\" content=\"2018-09-30T20:39:44+00:00\" \/>\n<meta property=\"article:modified_time\" content=\"2019-09-30T19:14:02+00:00\" \/>\n<meta property=\"og:image\" content=\"http:\/\/www.photovoyage.fr\/blog\/wp-content\/uploads\/ngg_featured\/MG_7862-Copier.jpg\" \/>\n\t<meta property=\"og:image:width\" content=\"800\" \/>\n\t<meta property=\"og:image:height\" content=\"533\" \/>\n\t<meta property=\"og:image:type\" content=\"image\/jpeg\" \/>\n<meta name=\"author\" content=\"photovoyage\" \/>\n<meta name=\"twitter:label1\" content=\"\u00c9crit par\" \/>\n\t<meta name=\"twitter:data1\" content=\"photovoyage\" \/>\n\t<meta name=\"twitter:label2\" content=\"Dur\u00e9e de lecture estim\u00e9e\" \/>\n\t<meta name=\"twitter:data2\" content=\"1 minute\" \/>\n<script type=\"application\/ld+json\" class=\"yoast-schema-graph\">{\"@context\":\"https:\/\/schema.org\",\"@graph\":[{\"@type\":\"Article\",\"@id\":\"http:\/\/www.photovoyage.fr\/blog\/xerokampos-notre-bout-du-monde\/#article\",\"isPartOf\":{\"@id\":\"http:\/\/www.photovoyage.fr\/blog\/xerokampos-notre-bout-du-monde\/\"},\"author\":{\"name\":\"photovoyage\",\"@id\":\"http:\/\/www.photovoyage.fr\/blog\/#\/schema\/person\/a6600656ccdd05f7a4132987c28fc4ac\"},\"headline\":\"Xerokampos : notre bout du monde\",\"datePublished\":\"2018-09-30T20:39:44+00:00\",\"dateModified\":\"2019-09-30T19:14:02+00:00\",\"mainEntityOfPage\":{\"@id\":\"http:\/\/www.photovoyage.fr\/blog\/xerokampos-notre-bout-du-monde\/\"},\"wordCount\":232,\"commentCount\":0,\"publisher\":{\"@id\":\"http:\/\/www.photovoyage.fr\/blog\/#\/schema\/person\/a6600656ccdd05f7a4132987c28fc4ac\"},\"image\":{\"@id\":\"http:\/\/www.photovoyage.fr\/blog\/xerokampos-notre-bout-du-monde\/#primaryimage\"},\"thumbnailUrl\":\"http:\/\/www.photovoyage.fr\/blog\/wp-content\/uploads\/ngg_featured\/MG_7862-Copier.jpg\",\"keywords\":[\"Cr\u00eate\"],\"articleSection\":[\"Voyages\"],\"inLanguage\":\"fr-FR\",\"potentialAction\":[{\"@type\":\"CommentAction\",\"name\":\"Comment\",\"target\":[\"http:\/\/www.photovoyage.fr\/blog\/xerokampos-notre-bout-du-monde\/#respond\"]}]},{\"@type\":\"WebPage\",\"@id\":\"http:\/\/www.photovoyage.fr\/blog\/xerokampos-notre-bout-du-monde\/\",\"url\":\"http:\/\/www.photovoyage.fr\/blog\/xerokampos-notre-bout-du-monde\/\",\"name\":\"Xerokampos : notre bout du monde - photovoyage.fr\",\"isPartOf\":{\"@id\":\"http:\/\/www.photovoyage.fr\/blog\/#website\"},\"primaryImageOfPage\":{\"@id\":\"http:\/\/www.photovoyage.fr\/blog\/xerokampos-notre-bout-du-monde\/#primaryimage\"},\"image\":{\"@id\":\"http:\/\/www.photovoyage.fr\/blog\/xerokampos-notre-bout-du-monde\/#primaryimage\"},\"thumbnailUrl\":\"http:\/\/www.photovoyage.fr\/blog\/wp-content\/uploads\/ngg_featured\/MG_7862-Copier.jpg\",\"datePublished\":\"2018-09-30T20:39:44+00:00\",\"dateModified\":\"2019-09-30T19:14:02+00:00\",\"description\":\"r\u00e9cit de voyage sur nos vacances \u00e0 Xerokampos dans l'extreme est de la Cr\u00e8te. photovoyage.fr Xerokampos : notre bout du monde Voyages\",\"breadcrumb\":{\"@id\":\"http:\/\/www.photovoyage.fr\/blog\/xerokampos-notre-bout-du-monde\/#breadcrumb\"},\"inLanguage\":\"fr-FR\",\"potentialAction\":[{\"@type\":\"ReadAction\",\"target\":[\"http:\/\/www.photovoyage.fr\/blog\/xerokampos-notre-bout-du-monde\/\"]}]},{\"@type\":\"ImageObject\",\"inLanguage\":\"fr-FR\",\"@id\":\"http:\/\/www.photovoyage.fr\/blog\/xerokampos-notre-bout-du-monde\/#primaryimage\",\"url\":\"http:\/\/www.photovoyage.fr\/blog\/wp-content\/uploads\/ngg_featured\/MG_7862-Copier.jpg\",\"contentUrl\":\"http:\/\/www.photovoyage.fr\/blog\/wp-content\/uploads\/ngg_featured\/MG_7862-Copier.jpg\",\"width\":800,\"height\":533},{\"@type\":\"BreadcrumbList\",\"@id\":\"http:\/\/www.photovoyage.fr\/blog\/xerokampos-notre-bout-du-monde\/#breadcrumb\",\"itemListElement\":[{\"@type\":\"ListItem\",\"position\":1,\"name\":\"Accueil\",\"item\":\"http:\/\/www.photovoyage.fr\/blog\/\"},{\"@type\":\"ListItem\",\"position\":2,\"name\":\"Xerokampos : notre bout du monde\"}]},{\"@type\":\"WebSite\",\"@id\":\"http:\/\/www.photovoyage.fr\/blog\/#website\",\"url\":\"http:\/\/www.photovoyage.fr\/blog\/\",\"name\":\"photovoyage.fr\",\"description\":\"La passion de la photo et du voyage. Retrouvez ici nos r\u00e9cits de voyages et nos photos.\",\"publisher\":{\"@id\":\"http:\/\/www.photovoyage.fr\/blog\/#\/schema\/person\/a6600656ccdd05f7a4132987c28fc4ac\"},\"potentialAction\":[{\"@type\":\"SearchAction\",\"target\":{\"@type\":\"EntryPoint\",\"urlTemplate\":\"http:\/\/www.photovoyage.fr\/blog\/?s={search_term_string}\"},\"query-input\":{\"@type\":\"PropertyValueSpecification\",\"valueRequired\":true,\"valueName\":\"search_term_string\"}}],\"inLanguage\":\"fr-FR\"},{\"@type\":[\"Person\",\"Organization\"],\"@id\":\"http:\/\/www.photovoyage.fr\/blog\/#\/schema\/person\/a6600656ccdd05f7a4132987c28fc4ac\",\"name\":\"photovoyage\",\"image\":{\"@type\":\"ImageObject\",\"inLanguage\":\"fr-FR\",\"@id\":\"http:\/\/www.photovoyage.fr\/blog\/#\/schema\/person\/image\/\",\"url\":\"http:\/\/www.photovoyage.fr\/blog\/wp-content\/uploads\/2018\/04\/cropped-cropped-logo3.jpg\",\"contentUrl\":\"http:\/\/www.photovoyage.fr\/blog\/wp-content\/uploads\/2018\/04\/cropped-cropped-logo3.jpg\",\"width\":873,\"height\":111,\"caption\":\"photovoyage\"},\"logo\":{\"@id\":\"http:\/\/www.photovoyage.fr\/blog\/#\/schema\/person\/image\/\"}}]}<\/script>\n<!-- \/ Yoast SEO plugin. -->","yoast_head_json":{"title":"Xerokampos : notre bout du monde - photovoyage.fr","description":"r\u00e9cit de voyage sur nos vacances \u00e0 Xerokampos dans l'extreme est de la Cr\u00e8te. photovoyage.fr Xerokampos : notre bout du monde Voyages","robots":{"index":"index","follow":"follow","max-snippet":"max-snippet:-1","max-image-preview":"max-image-preview:large","max-video-preview":"max-video-preview:-1"},"canonical":"http:\/\/www.photovoyage.fr\/blog\/xerokampos-notre-bout-du-monde\/","og_locale":"fr_FR","og_type":"article","og_title":"Xerokampos : notre bout du monde - photovoyage.fr","og_description":"r\u00e9cit de voyage sur nos vacances \u00e0 Xerokampos dans l'extreme est de la Cr\u00e8te. photovoyage.fr Xerokampos : notre bout du monde Voyages","og_url":"http:\/\/www.photovoyage.fr\/blog\/xerokampos-notre-bout-du-monde\/","og_site_name":"photovoyage.fr","article_published_time":"2018-09-30T20:39:44+00:00","article_modified_time":"2019-09-30T19:14:02+00:00","og_image":[{"width":800,"height":533,"url":"http:\/\/www.photovoyage.fr\/blog\/wp-content\/uploads\/ngg_featured\/MG_7862-Copier.jpg","type":"image\/jpeg"}],"author":"photovoyage","twitter_misc":{"\u00c9crit par":"photovoyage","Dur\u00e9e de lecture estim\u00e9e":"1 minute"},"schema":{"@context":"https:\/\/schema.org","@graph":[{"@type":"Article","@id":"http:\/\/www.photovoyage.fr\/blog\/xerokampos-notre-bout-du-monde\/#article","isPartOf":{"@id":"http:\/\/www.photovoyage.fr\/blog\/xerokampos-notre-bout-du-monde\/"},"author":{"name":"photovoyage","@id":"http:\/\/www.photovoyage.fr\/blog\/#\/schema\/person\/a6600656ccdd05f7a4132987c28fc4ac"},"headline":"Xerokampos : notre bout du monde","datePublished":"2018-09-30T20:39:44+00:00","dateModified":"2019-09-30T19:14:02+00:00","mainEntityOfPage":{"@id":"http:\/\/www.photovoyage.fr\/blog\/xerokampos-notre-bout-du-monde\/"},"wordCount":232,"commentCount":0,"publisher":{"@id":"http:\/\/www.photovoyage.fr\/blog\/#\/schema\/person\/a6600656ccdd05f7a4132987c28fc4ac"},"image":{"@id":"http:\/\/www.photovoyage.fr\/blog\/xerokampos-notre-bout-du-monde\/#primaryimage"},"thumbnailUrl":"http:\/\/www.photovoyage.fr\/blog\/wp-content\/uploads\/ngg_featured\/MG_7862-Copier.jpg","keywords":["Cr\u00eate"],"articleSection":["Voyages"],"inLanguage":"fr-FR","potentialAction":[{"@type":"CommentAction","name":"Comment","target":["http:\/\/www.photovoyage.fr\/blog\/xerokampos-notre-bout-du-monde\/#respond"]}]},{"@type":"WebPage","@id":"http:\/\/www.photovoyage.fr\/blog\/xerokampos-notre-bout-du-monde\/","url":"http:\/\/www.photovoyage.fr\/blog\/xerokampos-notre-bout-du-monde\/","name":"Xerokampos : notre bout du monde - photovoyage.fr","isPartOf":{"@id":"http:\/\/www.photovoyage.fr\/blog\/#website"},"primaryImageOfPage":{"@id":"http:\/\/www.photovoyage.fr\/blog\/xerokampos-notre-bout-du-monde\/#primaryimage"},"image":{"@id":"http:\/\/www.photovoyage.fr\/blog\/xerokampos-notre-bout-du-monde\/#primaryimage"},"thumbnailUrl":"http:\/\/www.photovoyage.fr\/blog\/wp-content\/uploads\/ngg_featured\/MG_7862-Copier.jpg","datePublished":"2018-09-30T20:39:44+00:00","dateModified":"2019-09-30T19:14:02+00:00","description":"r\u00e9cit de voyage sur nos vacances \u00e0 Xerokampos dans l'extreme est de la Cr\u00e8te. photovoyage.fr Xerokampos : notre bout du monde Voyages","breadcrumb":{"@id":"http:\/\/www.photovoyage.fr\/blog\/xerokampos-notre-bout-du-monde\/#breadcrumb"},"inLanguage":"fr-FR","potentialAction":[{"@type":"ReadAction","target":["http:\/\/www.photovoyage.fr\/blog\/xerokampos-notre-bout-du-monde\/"]}]},{"@type":"ImageObject","inLanguage":"fr-FR","@id":"http:\/\/www.photovoyage.fr\/blog\/xerokampos-notre-bout-du-monde\/#primaryimage","url":"http:\/\/www.photovoyage.fr\/blog\/wp-content\/uploads\/ngg_featured\/MG_7862-Copier.jpg","contentUrl":"http:\/\/www.photovoyage.fr\/blog\/wp-content\/uploads\/ngg_featured\/MG_7862-Copier.jpg","width":800,"height":533},{"@type":"BreadcrumbList","@id":"http:\/\/www.photovoyage.fr\/blog\/xerokampos-notre-bout-du-monde\/#breadcrumb","itemListElement":[{"@type":"ListItem","position":1,"name":"Accueil","item":"http:\/\/www.photovoyage.fr\/blog\/"},{"@type":"ListItem","position":2,"name":"Xerokampos : notre bout du monde"}]},{"@type":"WebSite","@id":"http:\/\/www.photovoyage.fr\/blog\/#website","url":"http:\/\/www.photovoyage.fr\/blog\/","name":"photovoyage.fr","description":"La passion de la photo et du voyage. Retrouvez ici nos r\u00e9cits de voyages et nos photos.","publisher":{"@id":"http:\/\/www.photovoyage.fr\/blog\/#\/schema\/person\/a6600656ccdd05f7a4132987c28fc4ac"},"potentialAction":[{"@type":"SearchAction","target":{"@type":"EntryPoint","urlTemplate":"http:\/\/www.photovoyage.fr\/blog\/?s={search_term_string}"},"query-input":{"@type":"PropertyValueSpecification","valueRequired":true,"valueName":"search_term_string"}}],"inLanguage":"fr-FR"},{"@type":["Person","Organization"],"@id":"http:\/\/www.photovoyage.fr\/blog\/#\/schema\/person\/a6600656ccdd05f7a4132987c28fc4ac","name":"photovoyage","image":{"@type":"ImageObject","inLanguage":"fr-FR","@id":"http:\/\/www.photovoyage.fr\/blog\/#\/schema\/person\/image\/","url":"http:\/\/www.photovoyage.fr\/blog\/wp-content\/uploads\/2018\/04\/cropped-cropped-logo3.jpg","contentUrl":"http:\/\/www.photovoyage.fr\/blog\/wp-content\/uploads\/2018\/04\/cropped-cropped-logo3.jpg","width":873,"height":111,"caption":"photovoyage"},"logo":{"@id":"http:\/\/www.photovoyage.fr\/blog\/#\/schema\/person\/image\/"}}]}},"_links":{"self":[{"href":"http:\/\/www.photovoyage.fr\/blog\/wp-json\/wp\/v2\/posts\/3582","targetHints":{"allow":["GET"]}}],"collection":[{"href":"http:\/\/www.photovoyage.fr\/blog\/wp-json\/wp\/v2\/posts"}],"about":[{"href":"http:\/\/www.photovoyage.fr\/blog\/wp-json\/wp\/v2\/types\/post"}],"author":[{"embeddable":true,"href":"http:\/\/www.photovoyage.fr\/blog\/wp-json\/wp\/v2\/users\/1"}],"replies":[{"embeddable":true,"href":"http:\/\/www.photovoyage.fr\/blog\/wp-json\/wp\/v2\/comments?post=3582"}],"version-history":[{"count":0,"href":"http:\/\/www.photovoyage.fr\/blog\/wp-json\/wp\/v2\/posts\/3582\/revisions"}],"wp:featuredmedia":[{"embeddable":true,"href":"http:\/\/www.photovoyage.fr\/blog\/wp-json\/wp\/v2\/media\/3720"}],"wp:attachment":[{"href":"http:\/\/www.photovoyage.fr\/blog\/wp-json\/wp\/v2\/media?parent=3582"}],"wp:term":[{"taxonomy":"category","embeddable":true,"href":"http:\/\/www.photovoyage.fr\/blog\/wp-json\/wp\/v2\/categories?post=3582"},{"taxonomy":"post_tag","embeddable":true,"href":"http:\/\/www.photovoyage.fr\/blog\/wp-json\/wp\/v2\/tags?post=3582"}],"curies":[{"name":"wp","href":"https:\/\/api.w.org\/{rel}","templated":true}]}}