{"id":40,"date":"2014-06-23T20:46:49","date_gmt":"2014-06-23T19:46:49","guid":{"rendered":"http:\/\/www.photovoyage.fr\/blog\/?p=40"},"modified":"2014-10-14T21:04:14","modified_gmt":"2014-10-14T20:04:14","slug":"mon-maillot-ma-serviette-et-mon-apn","status":"publish","type":"post","link":"http:\/\/www.photovoyage.fr\/blog\/mon-maillot-ma-serviette-et-mon-apn\/","title":{"rendered":"Mon maillot, ma serviette et mon APN"},"content":{"rendered":"<div class=\"yzp-no-index\"><\/div><p><em>ou la checklist du photographe en voyage&#8230;<\/em><\/p>\n<p>Vos valises sont pr\u00eates : vous avez pens\u00e9 \u00e0 prendre votre maillot de bain, vos tongues et votre serviette bain.<\/p>\n<p>Il est temps de pr\u00e9parer votre sac photo pour que vous puissiez\u00a0immortaliser votre visite du Taj Mahal ou votre ascension de la dune du Pyla.<br \/>\nC\u2019est l\u00e0 que des choix s\u2019imposent entre ce qui est indispensable, ce qui peut \u00e9ventuellement \u00eatre laiss\u00e9 \u00e0 la maison, et ce que vous voudriez prendre mais que votre femme (ou votre mari) risque de ne pas appr\u00e9cier\u2026<\/p>\n<figure id=\"attachment_417\" aria-describedby=\"caption-attachment-417\" style=\"width: 620px\" class=\"wp-caption alignnone\"><a href=\"http:\/\/www.photovoyage.fr\/blog\/wp-content\/uploads\/2014\/06\/zuma9-1.jpg\"><img loading=\"lazy\" decoding=\"async\" class=\"wp-image-417 size-full\" title=\"Checklist\" src=\"http:\/\/www.photovoyage.fr\/blog\/wp-content\/uploads\/2014\/06\/zuma9-1.jpg\" alt=\"Sac photo\" width=\"620\" height=\"819\" srcset=\"http:\/\/www.photovoyage.fr\/blog\/wp-content\/uploads\/2014\/06\/zuma9-1.jpg 620w, http:\/\/www.photovoyage.fr\/blog\/wp-content\/uploads\/2014\/06\/zuma9-1-300x396.jpg 300w, http:\/\/www.photovoyage.fr\/blog\/wp-content\/uploads\/2014\/06\/zuma9-1-227x300.jpg 227w\" sizes=\"auto, (max-width: 620px) 100vw, 620px\" \/><\/a><figcaption id=\"caption-attachment-417\" class=\"wp-caption-text\">Sac photo<\/figcaption><\/figure>\n<p><!--more--><br \/>\n<strong>Commen\u00e7ons par ce qui est indispensable :<\/strong><\/p>\n<ul>\n<li>Le boitier \u00e9videmment<\/li>\n<li>Une ou deux carte m\u00e9moire vides si possible<\/li>\n<li>Deux batteries sans oublier le chargeur et l&rsquo;adaptateur secteur<\/li>\n<li>Un chiffon et un sac plastique en cas de pluie<\/li>\n<\/ul>\n<p>Evidemment il faut un objectif mais l\u00e0 c\u2019est d\u00e9j\u00e0 plus difficile de faire un choix. Nous verrons cela un peu plus tard.<br \/>\n<strong>Passons maintenant \u00e0 ce qui peut \u00eatre tr\u00e8s utile mais qu\u2019on ne peut pas forcement emporter.<\/strong><\/p>\n<p>Si vous partez pour une semaine de randonn\u00e9e avec votre sac \u00e0 dos, je pense que vous pourrez vous passer de certains de ces accessoires. Par contre pour des vacances en famille, vous pouvez \u00e9ventuellement glisser cela dans vos valises :<\/p>\n<ul>\n<li>Un flash<\/li>\n<li>Un tr\u00e9pied : l\u00e0 c\u2019est d\u00e9j\u00e0 plus difficile mais il y a de petits pieds tr\u00e8s pratiques et qui ne prennent pas de place Gorilla pod.<\/li>\n<li>Des filtres (polarisant, ND,\u2026)<\/li>\n<li>Une t\u00e9l\u00e9commande<\/li>\n<li>Un petit compact aquatique peut aussi \u00eatre un bon compl\u00e9ment \u00e0 votre reflex.<\/li>\n<\/ul>\n<p><strong>Reste le principal probl\u00e8me : faire des choix dans les objectifs.<\/strong><\/p>\n<p>Parce que un 10-300mm 1.2 Macro n\u2019existe pas, il faut bien choisir ce qui est important et sera utile.<\/p>\n<p><strong>Plusieurs cas de figure :<\/strong><br \/>\nVous \u00eatre tr\u00e8s limit\u00e9 niveau place.<br \/>\nDans ce cas, vous prenez un objectif ultra polyvalent au d\u00e9triment de la qualit\u00e9 optique\u2026 Vous n\u2019aurez pas \u00e0 changer l\u2019objectif et r\u00e9pondrez \u00e0 la plupart des cas de figure.<\/p>\n<p>Vous \u00eates un peu plus \u00e0 l&rsquo;aise et pouvez vous faire plaisir :<br \/>\nJe conseillerais dans ce cas de prendre un UGA type 10-22mm pour les paysages et un zoom plus gros (jusqu\u2019\u00e0 300mm) pour les portraits ou les photos d\u2019animaux par exemple.<\/p>\n<p>Je n\u2019ai pas parl\u00e9 non plus d\u2019un \u00e9l\u00e9ment important : le sac.<\/p>\n<p>L\u00e0 aussi, \u00e0 vous de choisir entre le gros sac (genre sac \u00e0 dos) et la petite sacoche passe partout. Dans le premier cas, il faudra faire un choix entre votre mat\u00e9riel photo et le pique-nique par exemple\u2026 Dans le second, vous devrez surement vous passer de quelques accessoires et objectifs.<br \/>\nVous voil\u00e0 fin pr\u00eat pour partir.<\/p>\n<p>Bonne vacances.<\/p>\n","protected":false},"excerpt":{"rendered":"<p>ou la checklist du photographe en voyage&#8230; Vos valises sont pr\u00eates : vous avez pens\u00e9 \u00e0 prendre votre maillot de bain, vos tongues et votre serviette bain. Il est temps de pr\u00e9parer votre sac photo pour que vous puissiez\u00a0immortaliser votre visite du Taj Mahal ou votre ascension de la dune du Pyla. C\u2019est l\u00e0 que &hellip;<\/p>\n","protected":false},"author":1,"featured_media":418,"comment_status":"open","ping_status":"open","sticky":false,"template":"","format":"standard","meta":{"ngg_post_thumbnail":0,"footnotes":""},"categories":[7],"tags":[],"class_list":["post-40","post","type-post","status-publish","format-standard","has-post-thumbnail","hentry","category-materiel-photo","entry entry-center"],"yoast_head":"<!-- This site is optimized with the Yoast SEO plugin v24.1 - https:\/\/yoast.com\/wordpress\/plugins\/seo\/ -->\n<title>Mon maillot, ma serviette et mon APN - photovoyage.fr<\/title>\n<meta name=\"description\" content=\"Petite revue du mat\u00e9riel indispensable \u00e0 emmener avec vous en voyage. Choix des objectifs, des accessoires, ... Pour ne rien oublier dans votre checklist.\" \/>\n<meta name=\"robots\" content=\"index, follow, max-snippet:-1, max-image-preview:large, max-video-preview:-1\" \/>\n<link rel=\"canonical\" href=\"http:\/\/www.photovoyage.fr\/blog\/mon-maillot-ma-serviette-et-mon-apn\/\" \/>\n<meta property=\"og:locale\" content=\"fr_FR\" \/>\n<meta property=\"og:type\" content=\"article\" \/>\n<meta property=\"og:title\" content=\"Mon maillot, ma serviette et mon APN - photovoyage.fr\" \/>\n<meta property=\"og:description\" content=\"Petite revue du mat\u00e9riel indispensable \u00e0 emmener avec vous en voyage. Choix des objectifs, des accessoires, ... Pour ne rien oublier dans votre checklist.\" \/>\n<meta property=\"og:url\" content=\"http:\/\/www.photovoyage.fr\/blog\/mon-maillot-ma-serviette-et-mon-apn\/\" \/>\n<meta property=\"og:site_name\" content=\"photovoyage.fr\" \/>\n<meta property=\"article:published_time\" content=\"2014-06-23T19:46:49+00:00\" \/>\n<meta property=\"article:modified_time\" content=\"2014-10-14T20:04:14+00:00\" \/>\n<meta property=\"og:image\" content=\"http:\/\/www.photovoyage.fr\/blog\/wp-content\/uploads\/2014\/06\/appareil-photo-numerique-noir.jpg\" \/>\n\t<meta property=\"og:image:width\" content=\"700\" \/>\n\t<meta property=\"og:image:height\" content=\"700\" \/>\n\t<meta property=\"og:image:type\" content=\"image\/jpeg\" \/>\n<meta name=\"author\" content=\"photovoyage\" \/>\n<meta name=\"twitter:label1\" content=\"\u00c9crit par\" \/>\n\t<meta name=\"twitter:data1\" content=\"photovoyage\" \/>\n\t<meta name=\"twitter:label2\" content=\"Dur\u00e9e de lecture estim\u00e9e\" \/>\n\t<meta name=\"twitter:data2\" content=\"2 minutes\" \/>\n<script type=\"application\/ld+json\" class=\"yoast-schema-graph\">{\"@context\":\"https:\/\/schema.org\",\"@graph\":[{\"@type\":\"Article\",\"@id\":\"http:\/\/www.photovoyage.fr\/blog\/mon-maillot-ma-serviette-et-mon-apn\/#article\",\"isPartOf\":{\"@id\":\"http:\/\/www.photovoyage.fr\/blog\/mon-maillot-ma-serviette-et-mon-apn\/\"},\"author\":{\"name\":\"photovoyage\",\"@id\":\"http:\/\/www.photovoyage.fr\/blog\/#\/schema\/person\/a6600656ccdd05f7a4132987c28fc4ac\"},\"headline\":\"Mon maillot, ma serviette et mon APN\",\"datePublished\":\"2014-06-23T19:46:49+00:00\",\"dateModified\":\"2014-10-14T20:04:14+00:00\",\"mainEntityOfPage\":{\"@id\":\"http:\/\/www.photovoyage.fr\/blog\/mon-maillot-ma-serviette-et-mon-apn\/\"},\"wordCount\":470,\"commentCount\":0,\"publisher\":{\"@id\":\"http:\/\/www.photovoyage.fr\/blog\/#\/schema\/person\/a6600656ccdd05f7a4132987c28fc4ac\"},\"image\":{\"@id\":\"http:\/\/www.photovoyage.fr\/blog\/mon-maillot-ma-serviette-et-mon-apn\/#primaryimage\"},\"thumbnailUrl\":\"http:\/\/www.photovoyage.fr\/blog\/wp-content\/uploads\/2014\/06\/appareil-photo-numerique-noir.jpg\",\"articleSection\":[\"Mat\u00e9riel photo\"],\"inLanguage\":\"fr-FR\",\"potentialAction\":[{\"@type\":\"CommentAction\",\"name\":\"Comment\",\"target\":[\"http:\/\/www.photovoyage.fr\/blog\/mon-maillot-ma-serviette-et-mon-apn\/#respond\"]}]},{\"@type\":\"WebPage\",\"@id\":\"http:\/\/www.photovoyage.fr\/blog\/mon-maillot-ma-serviette-et-mon-apn\/\",\"url\":\"http:\/\/www.photovoyage.fr\/blog\/mon-maillot-ma-serviette-et-mon-apn\/\",\"name\":\"Mon maillot, ma serviette et mon APN - photovoyage.fr\",\"isPartOf\":{\"@id\":\"http:\/\/www.photovoyage.fr\/blog\/#website\"},\"primaryImageOfPage\":{\"@id\":\"http:\/\/www.photovoyage.fr\/blog\/mon-maillot-ma-serviette-et-mon-apn\/#primaryimage\"},\"image\":{\"@id\":\"http:\/\/www.photovoyage.fr\/blog\/mon-maillot-ma-serviette-et-mon-apn\/#primaryimage\"},\"thumbnailUrl\":\"http:\/\/www.photovoyage.fr\/blog\/wp-content\/uploads\/2014\/06\/appareil-photo-numerique-noir.jpg\",\"datePublished\":\"2014-06-23T19:46:49+00:00\",\"dateModified\":\"2014-10-14T20:04:14+00:00\",\"description\":\"Petite revue du mat\u00e9riel indispensable \u00e0 emmener avec vous en voyage. Choix des objectifs, des accessoires, ... Pour ne rien oublier dans votre checklist.\",\"breadcrumb\":{\"@id\":\"http:\/\/www.photovoyage.fr\/blog\/mon-maillot-ma-serviette-et-mon-apn\/#breadcrumb\"},\"inLanguage\":\"fr-FR\",\"potentialAction\":[{\"@type\":\"ReadAction\",\"target\":[\"http:\/\/www.photovoyage.fr\/blog\/mon-maillot-ma-serviette-et-mon-apn\/\"]}]},{\"@type\":\"ImageObject\",\"inLanguage\":\"fr-FR\",\"@id\":\"http:\/\/www.photovoyage.fr\/blog\/mon-maillot-ma-serviette-et-mon-apn\/#primaryimage\",\"url\":\"http:\/\/www.photovoyage.fr\/blog\/wp-content\/uploads\/2014\/06\/appareil-photo-numerique-noir.jpg\",\"contentUrl\":\"http:\/\/www.photovoyage.fr\/blog\/wp-content\/uploads\/2014\/06\/appareil-photo-numerique-noir.jpg\",\"width\":700,\"height\":700},{\"@type\":\"BreadcrumbList\",\"@id\":\"http:\/\/www.photovoyage.fr\/blog\/mon-maillot-ma-serviette-et-mon-apn\/#breadcrumb\",\"itemListElement\":[{\"@type\":\"ListItem\",\"position\":1,\"name\":\"Accueil\",\"item\":\"http:\/\/www.photovoyage.fr\/blog\/\"},{\"@type\":\"ListItem\",\"position\":2,\"name\":\"Mon maillot, ma serviette et mon APN\"}]},{\"@type\":\"WebSite\",\"@id\":\"http:\/\/www.photovoyage.fr\/blog\/#website\",\"url\":\"http:\/\/www.photovoyage.fr\/blog\/\",\"name\":\"photovoyage.fr\",\"description\":\"La passion de la photo et du voyage. Retrouvez ici nos r\u00e9cits de voyages et nos photos.\",\"publisher\":{\"@id\":\"http:\/\/www.photovoyage.fr\/blog\/#\/schema\/person\/a6600656ccdd05f7a4132987c28fc4ac\"},\"potentialAction\":[{\"@type\":\"SearchAction\",\"target\":{\"@type\":\"EntryPoint\",\"urlTemplate\":\"http:\/\/www.photovoyage.fr\/blog\/?s={search_term_string}\"},\"query-input\":{\"@type\":\"PropertyValueSpecification\",\"valueRequired\":true,\"valueName\":\"search_term_string\"}}],\"inLanguage\":\"fr-FR\"},{\"@type\":[\"Person\",\"Organization\"],\"@id\":\"http:\/\/www.photovoyage.fr\/blog\/#\/schema\/person\/a6600656ccdd05f7a4132987c28fc4ac\",\"name\":\"photovoyage\",\"image\":{\"@type\":\"ImageObject\",\"inLanguage\":\"fr-FR\",\"@id\":\"http:\/\/www.photovoyage.fr\/blog\/#\/schema\/person\/image\/\",\"url\":\"http:\/\/www.photovoyage.fr\/blog\/wp-content\/uploads\/2018\/04\/cropped-cropped-logo3.jpg\",\"contentUrl\":\"http:\/\/www.photovoyage.fr\/blog\/wp-content\/uploads\/2018\/04\/cropped-cropped-logo3.jpg\",\"width\":873,\"height\":111,\"caption\":\"photovoyage\"},\"logo\":{\"@id\":\"http:\/\/www.photovoyage.fr\/blog\/#\/schema\/person\/image\/\"}}]}<\/script>\n<!-- \/ Yoast SEO plugin. -->","yoast_head_json":{"title":"Mon maillot, ma serviette et mon APN - photovoyage.fr","description":"Petite revue du mat\u00e9riel indispensable \u00e0 emmener avec vous en voyage. Choix des objectifs, des accessoires, ... Pour ne rien oublier dans votre checklist.","robots":{"index":"index","follow":"follow","max-snippet":"max-snippet:-1","max-image-preview":"max-image-preview:large","max-video-preview":"max-video-preview:-1"},"canonical":"http:\/\/www.photovoyage.fr\/blog\/mon-maillot-ma-serviette-et-mon-apn\/","og_locale":"fr_FR","og_type":"article","og_title":"Mon maillot, ma serviette et mon APN - photovoyage.fr","og_description":"Petite revue du mat\u00e9riel indispensable \u00e0 emmener avec vous en voyage. Choix des objectifs, des accessoires, ... Pour ne rien oublier dans votre checklist.","og_url":"http:\/\/www.photovoyage.fr\/blog\/mon-maillot-ma-serviette-et-mon-apn\/","og_site_name":"photovoyage.fr","article_published_time":"2014-06-23T19:46:49+00:00","article_modified_time":"2014-10-14T20:04:14+00:00","og_image":[{"width":700,"height":700,"url":"http:\/\/www.photovoyage.fr\/blog\/wp-content\/uploads\/2014\/06\/appareil-photo-numerique-noir.jpg","type":"image\/jpeg"}],"author":"photovoyage","twitter_misc":{"\u00c9crit par":"photovoyage","Dur\u00e9e de lecture estim\u00e9e":"2 minutes"},"schema":{"@context":"https:\/\/schema.org","@graph":[{"@type":"Article","@id":"http:\/\/www.photovoyage.fr\/blog\/mon-maillot-ma-serviette-et-mon-apn\/#article","isPartOf":{"@id":"http:\/\/www.photovoyage.fr\/blog\/mon-maillot-ma-serviette-et-mon-apn\/"},"author":{"name":"photovoyage","@id":"http:\/\/www.photovoyage.fr\/blog\/#\/schema\/person\/a6600656ccdd05f7a4132987c28fc4ac"},"headline":"Mon maillot, ma serviette et mon APN","datePublished":"2014-06-23T19:46:49+00:00","dateModified":"2014-10-14T20:04:14+00:00","mainEntityOfPage":{"@id":"http:\/\/www.photovoyage.fr\/blog\/mon-maillot-ma-serviette-et-mon-apn\/"},"wordCount":470,"commentCount":0,"publisher":{"@id":"http:\/\/www.photovoyage.fr\/blog\/#\/schema\/person\/a6600656ccdd05f7a4132987c28fc4ac"},"image":{"@id":"http:\/\/www.photovoyage.fr\/blog\/mon-maillot-ma-serviette-et-mon-apn\/#primaryimage"},"thumbnailUrl":"http:\/\/www.photovoyage.fr\/blog\/wp-content\/uploads\/2014\/06\/appareil-photo-numerique-noir.jpg","articleSection":["Mat\u00e9riel photo"],"inLanguage":"fr-FR","potentialAction":[{"@type":"CommentAction","name":"Comment","target":["http:\/\/www.photovoyage.fr\/blog\/mon-maillot-ma-serviette-et-mon-apn\/#respond"]}]},{"@type":"WebPage","@id":"http:\/\/www.photovoyage.fr\/blog\/mon-maillot-ma-serviette-et-mon-apn\/","url":"http:\/\/www.photovoyage.fr\/blog\/mon-maillot-ma-serviette-et-mon-apn\/","name":"Mon maillot, ma serviette et mon APN - photovoyage.fr","isPartOf":{"@id":"http:\/\/www.photovoyage.fr\/blog\/#website"},"primaryImageOfPage":{"@id":"http:\/\/www.photovoyage.fr\/blog\/mon-maillot-ma-serviette-et-mon-apn\/#primaryimage"},"image":{"@id":"http:\/\/www.photovoyage.fr\/blog\/mon-maillot-ma-serviette-et-mon-apn\/#primaryimage"},"thumbnailUrl":"http:\/\/www.photovoyage.fr\/blog\/wp-content\/uploads\/2014\/06\/appareil-photo-numerique-noir.jpg","datePublished":"2014-06-23T19:46:49+00:00","dateModified":"2014-10-14T20:04:14+00:00","description":"Petite revue du mat\u00e9riel indispensable \u00e0 emmener avec vous en voyage. Choix des objectifs, des accessoires, ... Pour ne rien oublier dans votre checklist.","breadcrumb":{"@id":"http:\/\/www.photovoyage.fr\/blog\/mon-maillot-ma-serviette-et-mon-apn\/#breadcrumb"},"inLanguage":"fr-FR","potentialAction":[{"@type":"ReadAction","target":["http:\/\/www.photovoyage.fr\/blog\/mon-maillot-ma-serviette-et-mon-apn\/"]}]},{"@type":"ImageObject","inLanguage":"fr-FR","@id":"http:\/\/www.photovoyage.fr\/blog\/mon-maillot-ma-serviette-et-mon-apn\/#primaryimage","url":"http:\/\/www.photovoyage.fr\/blog\/wp-content\/uploads\/2014\/06\/appareil-photo-numerique-noir.jpg","contentUrl":"http:\/\/www.photovoyage.fr\/blog\/wp-content\/uploads\/2014\/06\/appareil-photo-numerique-noir.jpg","width":700,"height":700},{"@type":"BreadcrumbList","@id":"http:\/\/www.photovoyage.fr\/blog\/mon-maillot-ma-serviette-et-mon-apn\/#breadcrumb","itemListElement":[{"@type":"ListItem","position":1,"name":"Accueil","item":"http:\/\/www.photovoyage.fr\/blog\/"},{"@type":"ListItem","position":2,"name":"Mon maillot, ma serviette et mon APN"}]},{"@type":"WebSite","@id":"http:\/\/www.photovoyage.fr\/blog\/#website","url":"http:\/\/www.photovoyage.fr\/blog\/","name":"photovoyage.fr","description":"La passion de la photo et du voyage. Retrouvez ici nos r\u00e9cits de voyages et nos photos.","publisher":{"@id":"http:\/\/www.photovoyage.fr\/blog\/#\/schema\/person\/a6600656ccdd05f7a4132987c28fc4ac"},"potentialAction":[{"@type":"SearchAction","target":{"@type":"EntryPoint","urlTemplate":"http:\/\/www.photovoyage.fr\/blog\/?s={search_term_string}"},"query-input":{"@type":"PropertyValueSpecification","valueRequired":true,"valueName":"search_term_string"}}],"inLanguage":"fr-FR"},{"@type":["Person","Organization"],"@id":"http:\/\/www.photovoyage.fr\/blog\/#\/schema\/person\/a6600656ccdd05f7a4132987c28fc4ac","name":"photovoyage","image":{"@type":"ImageObject","inLanguage":"fr-FR","@id":"http:\/\/www.photovoyage.fr\/blog\/#\/schema\/person\/image\/","url":"http:\/\/www.photovoyage.fr\/blog\/wp-content\/uploads\/2018\/04\/cropped-cropped-logo3.jpg","contentUrl":"http:\/\/www.photovoyage.fr\/blog\/wp-content\/uploads\/2018\/04\/cropped-cropped-logo3.jpg","width":873,"height":111,"caption":"photovoyage"},"logo":{"@id":"http:\/\/www.photovoyage.fr\/blog\/#\/schema\/person\/image\/"}}]}},"_links":{"self":[{"href":"http:\/\/www.photovoyage.fr\/blog\/wp-json\/wp\/v2\/posts\/40","targetHints":{"allow":["GET"]}}],"collection":[{"href":"http:\/\/www.photovoyage.fr\/blog\/wp-json\/wp\/v2\/posts"}],"about":[{"href":"http:\/\/www.photovoyage.fr\/blog\/wp-json\/wp\/v2\/types\/post"}],"author":[{"embeddable":true,"href":"http:\/\/www.photovoyage.fr\/blog\/wp-json\/wp\/v2\/users\/1"}],"replies":[{"embeddable":true,"href":"http:\/\/www.photovoyage.fr\/blog\/wp-json\/wp\/v2\/comments?post=40"}],"version-history":[{"count":0,"href":"http:\/\/www.photovoyage.fr\/blog\/wp-json\/wp\/v2\/posts\/40\/revisions"}],"wp:featuredmedia":[{"embeddable":true,"href":"http:\/\/www.photovoyage.fr\/blog\/wp-json\/wp\/v2\/media\/418"}],"wp:attachment":[{"href":"http:\/\/www.photovoyage.fr\/blog\/wp-json\/wp\/v2\/media?parent=40"}],"wp:term":[{"taxonomy":"category","embeddable":true,"href":"http:\/\/www.photovoyage.fr\/blog\/wp-json\/wp\/v2\/categories?post=40"},{"taxonomy":"post_tag","embeddable":true,"href":"http:\/\/www.photovoyage.fr\/blog\/wp-json\/wp\/v2\/tags?post=40"}],"curies":[{"name":"wp","href":"https:\/\/api.w.org\/{rel}","templated":true}]}}