{"id":4011,"date":"2019-06-01T17:14:06","date_gmt":"2019-06-01T16:14:06","guid":{"rendered":"http:\/\/www.photovoyage.fr\/blog\/?p=4011"},"modified":"2019-06-03T20:32:19","modified_gmt":"2019-06-03T19:32:19","slug":"champ-de-coquelicots","status":"publish","type":"post","link":"http:\/\/www.photovoyage.fr\/blog\/champ-de-coquelicots\/","title":{"rendered":"Champ de coquelicots"},"content":{"rendered":"<div class=\"yzp-no-index\"><\/div>\n<figure class=\"wp-block-image\"><img decoding=\"async\" src=\"http:\/\/www.photovoyage.fr\/blog\/wp-content\/gallery\/Fleurs-de-Chens\/web__MG_1065-Panorama.jpg\" alt=\"\"\/><\/figure>\n\n\n\n<p>C&rsquo;est dans le domaine de Ripaille \u00e0 Thonon que nous avons eu la chance de d\u00e9couvrir ce champ de coquelicots. Magnifiques couleurs printanni\u00e8res ! On vous fait partager cela. <\/p>\n\n\n\n<p><a href=\"http:\/\/www.photovoyage.fr\/blog\/wp-content\/gallery\/Fleurs-de-Chens\/web__MG_1065-Panorama.jpg\">En grand ici<\/a><\/p>\n\n\n\n<p>Pour le cot\u00e9 technique, ce panorama a \u00e9t\u00e9 fait \u00e0 partir de 4 photographies. Il montre bien l&rsquo;\u00e9tendue de ce champ et la quantit\u00e9 de fleurs qui parsemait ce champ.<\/p>\n\n\n\n<figure class=\"wp-block-image\"><img loading=\"lazy\" decoding=\"async\" width=\"1024\" height=\"682\" src=\"http:\/\/www.photovoyage.fr\/blog\/wp-content\/uploads\/2019\/06\/web__MG_1069-1024x682.jpg\" alt=\"\" class=\"wp-image-4013\" srcset=\"http:\/\/www.photovoyage.fr\/blog\/wp-content\/uploads\/2019\/06\/web__MG_1069-1024x682.jpg 1024w, http:\/\/www.photovoyage.fr\/blog\/wp-content\/uploads\/2019\/06\/web__MG_1069-300x200.jpg 300w, http:\/\/www.photovoyage.fr\/blog\/wp-content\/uploads\/2019\/06\/web__MG_1069-768x512.jpg 768w, http:\/\/www.photovoyage.fr\/blog\/wp-content\/uploads\/2019\/06\/web__MG_1069-600x400.jpg 600w, http:\/\/www.photovoyage.fr\/blog\/wp-content\/uploads\/2019\/06\/web__MG_1069.jpg 2000w\" sizes=\"auto, (max-width: 1024px) 100vw, 1024px\" \/><\/figure>\n\n\n","protected":false},"excerpt":{"rendered":"<p>C&rsquo;est dans le domaine de Ripaille \u00e0 Thonon que nous avons eu la chance de d\u00e9couvrir ce champ de coquelicots. Magnifiques couleurs printanni\u00e8res ! On vous fait partager cela. En grand ici Pour le cot\u00e9 technique, ce panorama a \u00e9t\u00e9 fait \u00e0 partir de 4 photographies. Il montre bien l&rsquo;\u00e9tendue de ce champ et la &hellip;<\/p>\n","protected":false},"author":1,"featured_media":4013,"comment_status":"open","ping_status":"open","sticky":false,"template":"","format":"standard","meta":{"ngg_post_thumbnail":0,"footnotes":""},"categories":[47],"tags":[],"class_list":["post-4011","post","type-post","status-publish","format-standard","has-post-thumbnail","hentry","category-autour-de-chez-nous","entry entry-center"],"yoast_head":"<!-- This site is optimized with the Yoast SEO plugin v24.1 - https:\/\/yoast.com\/wordpress\/plugins\/seo\/ -->\n<title>Champ de coquelicots - photovoyage.fr<\/title>\n<meta name=\"robots\" content=\"index, follow, max-snippet:-1, max-image-preview:large, max-video-preview:-1\" \/>\n<link rel=\"canonical\" href=\"http:\/\/www.photovoyage.fr\/blog\/champ-de-coquelicots\/\" \/>\n<meta property=\"og:locale\" content=\"fr_FR\" \/>\n<meta property=\"og:type\" content=\"article\" \/>\n<meta property=\"og:title\" content=\"Champ de coquelicots - photovoyage.fr\" \/>\n<meta property=\"og:description\" content=\"C&rsquo;est dans le domaine de Ripaille \u00e0 Thonon que nous avons eu la chance de d\u00e9couvrir ce champ de coquelicots. Magnifiques couleurs printanni\u00e8res ! On vous fait partager cela. En grand ici Pour le cot\u00e9 technique, ce panorama a \u00e9t\u00e9 fait \u00e0 partir de 4 photographies. Il montre bien l&rsquo;\u00e9tendue de ce champ et la &hellip;\" \/>\n<meta property=\"og:url\" content=\"http:\/\/www.photovoyage.fr\/blog\/champ-de-coquelicots\/\" \/>\n<meta property=\"og:site_name\" content=\"photovoyage.fr\" \/>\n<meta property=\"article:published_time\" content=\"2019-06-01T16:14:06+00:00\" \/>\n<meta property=\"article:modified_time\" content=\"2019-06-03T19:32:19+00:00\" \/>\n<meta property=\"og:image\" content=\"http:\/\/www.photovoyage.fr\/blog\/wp-content\/uploads\/2019\/06\/web__MG_1069.jpg\" \/>\n\t<meta property=\"og:image:width\" content=\"2000\" \/>\n\t<meta property=\"og:image:height\" content=\"1333\" \/>\n\t<meta property=\"og:image:type\" content=\"image\/jpeg\" \/>\n<meta name=\"author\" content=\"photovoyage\" \/>\n<meta name=\"twitter:label1\" content=\"\u00c9crit par\" \/>\n\t<meta name=\"twitter:data1\" content=\"photovoyage\" \/>\n<script type=\"application\/ld+json\" class=\"yoast-schema-graph\">{\"@context\":\"https:\/\/schema.org\",\"@graph\":[{\"@type\":\"Article\",\"@id\":\"http:\/\/www.photovoyage.fr\/blog\/champ-de-coquelicots\/#article\",\"isPartOf\":{\"@id\":\"http:\/\/www.photovoyage.fr\/blog\/champ-de-coquelicots\/\"},\"author\":{\"name\":\"photovoyage\",\"@id\":\"http:\/\/www.photovoyage.fr\/blog\/#\/schema\/person\/a6600656ccdd05f7a4132987c28fc4ac\"},\"headline\":\"Champ de coquelicots\",\"datePublished\":\"2019-06-01T16:14:06+00:00\",\"dateModified\":\"2019-06-03T19:32:19+00:00\",\"mainEntityOfPage\":{\"@id\":\"http:\/\/www.photovoyage.fr\/blog\/champ-de-coquelicots\/\"},\"wordCount\":64,\"commentCount\":0,\"publisher\":{\"@id\":\"http:\/\/www.photovoyage.fr\/blog\/#\/schema\/person\/a6600656ccdd05f7a4132987c28fc4ac\"},\"image\":{\"@id\":\"http:\/\/www.photovoyage.fr\/blog\/champ-de-coquelicots\/#primaryimage\"},\"thumbnailUrl\":\"http:\/\/www.photovoyage.fr\/blog\/wp-content\/uploads\/2019\/06\/web__MG_1069.jpg\",\"articleSection\":[\"Autour de chez nous\"],\"inLanguage\":\"fr-FR\",\"potentialAction\":[{\"@type\":\"CommentAction\",\"name\":\"Comment\",\"target\":[\"http:\/\/www.photovoyage.fr\/blog\/champ-de-coquelicots\/#respond\"]}]},{\"@type\":\"WebPage\",\"@id\":\"http:\/\/www.photovoyage.fr\/blog\/champ-de-coquelicots\/\",\"url\":\"http:\/\/www.photovoyage.fr\/blog\/champ-de-coquelicots\/\",\"name\":\"Champ de coquelicots - photovoyage.fr\",\"isPartOf\":{\"@id\":\"http:\/\/www.photovoyage.fr\/blog\/#website\"},\"primaryImageOfPage\":{\"@id\":\"http:\/\/www.photovoyage.fr\/blog\/champ-de-coquelicots\/#primaryimage\"},\"image\":{\"@id\":\"http:\/\/www.photovoyage.fr\/blog\/champ-de-coquelicots\/#primaryimage\"},\"thumbnailUrl\":\"http:\/\/www.photovoyage.fr\/blog\/wp-content\/uploads\/2019\/06\/web__MG_1069.jpg\",\"datePublished\":\"2019-06-01T16:14:06+00:00\",\"dateModified\":\"2019-06-03T19:32:19+00:00\",\"breadcrumb\":{\"@id\":\"http:\/\/www.photovoyage.fr\/blog\/champ-de-coquelicots\/#breadcrumb\"},\"inLanguage\":\"fr-FR\",\"potentialAction\":[{\"@type\":\"ReadAction\",\"target\":[\"http:\/\/www.photovoyage.fr\/blog\/champ-de-coquelicots\/\"]}]},{\"@type\":\"ImageObject\",\"inLanguage\":\"fr-FR\",\"@id\":\"http:\/\/www.photovoyage.fr\/blog\/champ-de-coquelicots\/#primaryimage\",\"url\":\"http:\/\/www.photovoyage.fr\/blog\/wp-content\/uploads\/2019\/06\/web__MG_1069.jpg\",\"contentUrl\":\"http:\/\/www.photovoyage.fr\/blog\/wp-content\/uploads\/2019\/06\/web__MG_1069.jpg\",\"width\":2000,\"height\":1333},{\"@type\":\"BreadcrumbList\",\"@id\":\"http:\/\/www.photovoyage.fr\/blog\/champ-de-coquelicots\/#breadcrumb\",\"itemListElement\":[{\"@type\":\"ListItem\",\"position\":1,\"name\":\"Accueil\",\"item\":\"http:\/\/www.photovoyage.fr\/blog\/\"},{\"@type\":\"ListItem\",\"position\":2,\"name\":\"Champ de coquelicots\"}]},{\"@type\":\"WebSite\",\"@id\":\"http:\/\/www.photovoyage.fr\/blog\/#website\",\"url\":\"http:\/\/www.photovoyage.fr\/blog\/\",\"name\":\"photovoyage.fr\",\"description\":\"La passion de la photo et du voyage. Retrouvez ici nos r\u00e9cits de voyages et nos photos.\",\"publisher\":{\"@id\":\"http:\/\/www.photovoyage.fr\/blog\/#\/schema\/person\/a6600656ccdd05f7a4132987c28fc4ac\"},\"potentialAction\":[{\"@type\":\"SearchAction\",\"target\":{\"@type\":\"EntryPoint\",\"urlTemplate\":\"http:\/\/www.photovoyage.fr\/blog\/?s={search_term_string}\"},\"query-input\":{\"@type\":\"PropertyValueSpecification\",\"valueRequired\":true,\"valueName\":\"search_term_string\"}}],\"inLanguage\":\"fr-FR\"},{\"@type\":[\"Person\",\"Organization\"],\"@id\":\"http:\/\/www.photovoyage.fr\/blog\/#\/schema\/person\/a6600656ccdd05f7a4132987c28fc4ac\",\"name\":\"photovoyage\",\"image\":{\"@type\":\"ImageObject\",\"inLanguage\":\"fr-FR\",\"@id\":\"http:\/\/www.photovoyage.fr\/blog\/#\/schema\/person\/image\/\",\"url\":\"http:\/\/www.photovoyage.fr\/blog\/wp-content\/uploads\/2018\/04\/cropped-cropped-logo3.jpg\",\"contentUrl\":\"http:\/\/www.photovoyage.fr\/blog\/wp-content\/uploads\/2018\/04\/cropped-cropped-logo3.jpg\",\"width\":873,\"height\":111,\"caption\":\"photovoyage\"},\"logo\":{\"@id\":\"http:\/\/www.photovoyage.fr\/blog\/#\/schema\/person\/image\/\"}}]}<\/script>\n<!-- \/ Yoast SEO plugin. -->","yoast_head_json":{"title":"Champ de coquelicots - photovoyage.fr","robots":{"index":"index","follow":"follow","max-snippet":"max-snippet:-1","max-image-preview":"max-image-preview:large","max-video-preview":"max-video-preview:-1"},"canonical":"http:\/\/www.photovoyage.fr\/blog\/champ-de-coquelicots\/","og_locale":"fr_FR","og_type":"article","og_title":"Champ de coquelicots - photovoyage.fr","og_description":"C&rsquo;est dans le domaine de Ripaille \u00e0 Thonon que nous avons eu la chance de d\u00e9couvrir ce champ de coquelicots. Magnifiques couleurs printanni\u00e8res ! On vous fait partager cela. En grand ici Pour le cot\u00e9 technique, ce panorama a \u00e9t\u00e9 fait \u00e0 partir de 4 photographies. Il montre bien l&rsquo;\u00e9tendue de ce champ et la &hellip;","og_url":"http:\/\/www.photovoyage.fr\/blog\/champ-de-coquelicots\/","og_site_name":"photovoyage.fr","article_published_time":"2019-06-01T16:14:06+00:00","article_modified_time":"2019-06-03T19:32:19+00:00","og_image":[{"width":2000,"height":1333,"url":"http:\/\/www.photovoyage.fr\/blog\/wp-content\/uploads\/2019\/06\/web__MG_1069.jpg","type":"image\/jpeg"}],"author":"photovoyage","twitter_misc":{"\u00c9crit par":"photovoyage"},"schema":{"@context":"https:\/\/schema.org","@graph":[{"@type":"Article","@id":"http:\/\/www.photovoyage.fr\/blog\/champ-de-coquelicots\/#article","isPartOf":{"@id":"http:\/\/www.photovoyage.fr\/blog\/champ-de-coquelicots\/"},"author":{"name":"photovoyage","@id":"http:\/\/www.photovoyage.fr\/blog\/#\/schema\/person\/a6600656ccdd05f7a4132987c28fc4ac"},"headline":"Champ de coquelicots","datePublished":"2019-06-01T16:14:06+00:00","dateModified":"2019-06-03T19:32:19+00:00","mainEntityOfPage":{"@id":"http:\/\/www.photovoyage.fr\/blog\/champ-de-coquelicots\/"},"wordCount":64,"commentCount":0,"publisher":{"@id":"http:\/\/www.photovoyage.fr\/blog\/#\/schema\/person\/a6600656ccdd05f7a4132987c28fc4ac"},"image":{"@id":"http:\/\/www.photovoyage.fr\/blog\/champ-de-coquelicots\/#primaryimage"},"thumbnailUrl":"http:\/\/www.photovoyage.fr\/blog\/wp-content\/uploads\/2019\/06\/web__MG_1069.jpg","articleSection":["Autour de chez nous"],"inLanguage":"fr-FR","potentialAction":[{"@type":"CommentAction","name":"Comment","target":["http:\/\/www.photovoyage.fr\/blog\/champ-de-coquelicots\/#respond"]}]},{"@type":"WebPage","@id":"http:\/\/www.photovoyage.fr\/blog\/champ-de-coquelicots\/","url":"http:\/\/www.photovoyage.fr\/blog\/champ-de-coquelicots\/","name":"Champ de coquelicots - photovoyage.fr","isPartOf":{"@id":"http:\/\/www.photovoyage.fr\/blog\/#website"},"primaryImageOfPage":{"@id":"http:\/\/www.photovoyage.fr\/blog\/champ-de-coquelicots\/#primaryimage"},"image":{"@id":"http:\/\/www.photovoyage.fr\/blog\/champ-de-coquelicots\/#primaryimage"},"thumbnailUrl":"http:\/\/www.photovoyage.fr\/blog\/wp-content\/uploads\/2019\/06\/web__MG_1069.jpg","datePublished":"2019-06-01T16:14:06+00:00","dateModified":"2019-06-03T19:32:19+00:00","breadcrumb":{"@id":"http:\/\/www.photovoyage.fr\/blog\/champ-de-coquelicots\/#breadcrumb"},"inLanguage":"fr-FR","potentialAction":[{"@type":"ReadAction","target":["http:\/\/www.photovoyage.fr\/blog\/champ-de-coquelicots\/"]}]},{"@type":"ImageObject","inLanguage":"fr-FR","@id":"http:\/\/www.photovoyage.fr\/blog\/champ-de-coquelicots\/#primaryimage","url":"http:\/\/www.photovoyage.fr\/blog\/wp-content\/uploads\/2019\/06\/web__MG_1069.jpg","contentUrl":"http:\/\/www.photovoyage.fr\/blog\/wp-content\/uploads\/2019\/06\/web__MG_1069.jpg","width":2000,"height":1333},{"@type":"BreadcrumbList","@id":"http:\/\/www.photovoyage.fr\/blog\/champ-de-coquelicots\/#breadcrumb","itemListElement":[{"@type":"ListItem","position":1,"name":"Accueil","item":"http:\/\/www.photovoyage.fr\/blog\/"},{"@type":"ListItem","position":2,"name":"Champ de coquelicots"}]},{"@type":"WebSite","@id":"http:\/\/www.photovoyage.fr\/blog\/#website","url":"http:\/\/www.photovoyage.fr\/blog\/","name":"photovoyage.fr","description":"La passion de la photo et du voyage. Retrouvez ici nos r\u00e9cits de voyages et nos photos.","publisher":{"@id":"http:\/\/www.photovoyage.fr\/blog\/#\/schema\/person\/a6600656ccdd05f7a4132987c28fc4ac"},"potentialAction":[{"@type":"SearchAction","target":{"@type":"EntryPoint","urlTemplate":"http:\/\/www.photovoyage.fr\/blog\/?s={search_term_string}"},"query-input":{"@type":"PropertyValueSpecification","valueRequired":true,"valueName":"search_term_string"}}],"inLanguage":"fr-FR"},{"@type":["Person","Organization"],"@id":"http:\/\/www.photovoyage.fr\/blog\/#\/schema\/person\/a6600656ccdd05f7a4132987c28fc4ac","name":"photovoyage","image":{"@type":"ImageObject","inLanguage":"fr-FR","@id":"http:\/\/www.photovoyage.fr\/blog\/#\/schema\/person\/image\/","url":"http:\/\/www.photovoyage.fr\/blog\/wp-content\/uploads\/2018\/04\/cropped-cropped-logo3.jpg","contentUrl":"http:\/\/www.photovoyage.fr\/blog\/wp-content\/uploads\/2018\/04\/cropped-cropped-logo3.jpg","width":873,"height":111,"caption":"photovoyage"},"logo":{"@id":"http:\/\/www.photovoyage.fr\/blog\/#\/schema\/person\/image\/"}}]}},"_links":{"self":[{"href":"http:\/\/www.photovoyage.fr\/blog\/wp-json\/wp\/v2\/posts\/4011","targetHints":{"allow":["GET"]}}],"collection":[{"href":"http:\/\/www.photovoyage.fr\/blog\/wp-json\/wp\/v2\/posts"}],"about":[{"href":"http:\/\/www.photovoyage.fr\/blog\/wp-json\/wp\/v2\/types\/post"}],"author":[{"embeddable":true,"href":"http:\/\/www.photovoyage.fr\/blog\/wp-json\/wp\/v2\/users\/1"}],"replies":[{"embeddable":true,"href":"http:\/\/www.photovoyage.fr\/blog\/wp-json\/wp\/v2\/comments?post=4011"}],"version-history":[{"count":0,"href":"http:\/\/www.photovoyage.fr\/blog\/wp-json\/wp\/v2\/posts\/4011\/revisions"}],"wp:featuredmedia":[{"embeddable":true,"href":"http:\/\/www.photovoyage.fr\/blog\/wp-json\/wp\/v2\/media\/4013"}],"wp:attachment":[{"href":"http:\/\/www.photovoyage.fr\/blog\/wp-json\/wp\/v2\/media?parent=4011"}],"wp:term":[{"taxonomy":"category","embeddable":true,"href":"http:\/\/www.photovoyage.fr\/blog\/wp-json\/wp\/v2\/categories?post=4011"},{"taxonomy":"post_tag","embeddable":true,"href":"http:\/\/www.photovoyage.fr\/blog\/wp-json\/wp\/v2\/tags?post=4011"}],"curies":[{"name":"wp","href":"https:\/\/api.w.org\/{rel}","templated":true}]}}