{"id":4045,"date":"2019-06-25T19:19:31","date_gmt":"2019-06-25T18:19:31","guid":{"rendered":"http:\/\/www.photovoyage.fr\/blog\/?p=4045"},"modified":"2019-06-25T19:19:34","modified_gmt":"2019-06-25T18:19:34","slug":"week-end-aux-bains-de-saillon","status":"publish","type":"post","link":"http:\/\/www.photovoyage.fr\/blog\/week-end-aux-bains-de-saillon\/","title":{"rendered":"Week End  aux bains de  Saillon"},"content":{"rendered":"<div class=\"yzp-no-index\"><\/div>\n<p>Nous vous emmenons en week-end dans la tr\u00e8s belle r\u00e9gion du Valais en Suisse, et plus particuli\u00e8rement aux bains de  Saillon.  A quelques kilom\u00e8tres de Martigny, Saillon est un petit village entour\u00e9 de vignes et de montagnes.<\/p>\n\n\n\n<h2 class=\"wp-block-heading\">Les bains de Saillon<\/h2>\n\n\n\n<p>Un super plan pour se d\u00e9tendre et se reposer. Rivi\u00e8re, piscines chauff\u00e9es \u00e0 35%, hammam, sauna&#8230; et toboggans pour les enfants. A Saillon parents et enfants  y trouvent leur compte&#8230; <\/p>\n\n\n\n<p>On connaissait les bains de Lavey, ceux de Fribourg, et bien maintenant nous connaissons aussi ceux de Saillon. Les bains ne sont pas immenses mais le site est magnifique et superbement fleuri. Les  roses sont magnifiques. Petit conseil : n&rsquo;y allez pas en plein \u00e9t\u00e9 mais profitez plut\u00f4t des bains en d\u00e9but de printemps. Vous appr\u00e9cierez mieux les piscines chauff\u00e9es si la temp\u00e9rature ext\u00e9rieure n&rsquo;est pas trop haute.<\/p>\n\n\n\n<figure class=\"wp-block-image\"><img loading=\"lazy\" decoding=\"async\" width=\"800\" height=\"533\" src=\"http:\/\/www.photovoyage.fr\/blog\/wp-content\/uploads\/2019\/06\/web_MG_1184.jpg\" alt=\"\" class=\"wp-image-4058\" srcset=\"http:\/\/www.photovoyage.fr\/blog\/wp-content\/uploads\/2019\/06\/web_MG_1184.jpg 800w, http:\/\/www.photovoyage.fr\/blog\/wp-content\/uploads\/2019\/06\/web_MG_1184-300x200.jpg 300w, http:\/\/www.photovoyage.fr\/blog\/wp-content\/uploads\/2019\/06\/web_MG_1184-768x512.jpg 768w, http:\/\/www.photovoyage.fr\/blog\/wp-content\/uploads\/2019\/06\/web_MG_1184-600x400.jpg 600w\" sizes=\"auto, (max-width: 800px) 100vw, 800px\" \/><figcaption>Les bains de Saillon<\/figcaption><\/figure>\n\n\n\n<h2 class=\"wp-block-heading\">L&rsquo;h\u00f4tel des bains<\/h2>\n\n\n\n<p>Quand \u00e0 l&rsquo;h\u00f4tel, le grand confort ! Chambre spacieuse et d\u00e9cor\u00e9e avec g\u00f4ut, petit d\u00e9jeuner extra et surtout un acc\u00e8s illimit\u00e9 aux bains ! Que demander de mieux ? J&rsquo;ai oubli\u00e9 de vous dire que plusieurs restaurants sont \u00e9galement l\u00e0 pour vous proposer des plats vari\u00e9s.  (Raclette \u00e0 volont\u00e9e, pizza et p\u00e2te, burger, brasserie, bowls&#8230;)<\/p>\n\n\n\n<p>Je suis s\u00fbr que vous mourrez d\u00e9j\u00e0 d&rsquo;y aller. <\/p>\n\n\n\n<figure class=\"wp-block-image\"><img loading=\"lazy\" decoding=\"async\" width=\"800\" height=\"533\" src=\"http:\/\/www.photovoyage.fr\/blog\/wp-content\/uploads\/2019\/06\/web_MG_1181.jpg\" alt=\"\" class=\"wp-image-4057\" srcset=\"http:\/\/www.photovoyage.fr\/blog\/wp-content\/uploads\/2019\/06\/web_MG_1181.jpg 800w, http:\/\/www.photovoyage.fr\/blog\/wp-content\/uploads\/2019\/06\/web_MG_1181-300x200.jpg 300w, http:\/\/www.photovoyage.fr\/blog\/wp-content\/uploads\/2019\/06\/web_MG_1181-768x512.jpg 768w, http:\/\/www.photovoyage.fr\/blog\/wp-content\/uploads\/2019\/06\/web_MG_1181-600x400.jpg 600w\" sizes=\"auto, (max-width: 800px) 100vw, 800px\" \/><figcaption>L&rsquo;h\u00f4tel des bains<\/figcaption><\/figure>\n\n\n\n<p><a href=\"https:\/\/www.booking.com\/hotel\/ch\/des-bains-de-saillon-saillon.fr.html?aid=1221594;sid=38f6e05fc10eed23fe6ac749ea6e6613;dist=0&amp;group_adults=1&amp;keep_landing=1&amp;no_rooms=1&amp;sb_price_type=total&amp;type=total&amp;\">R\u00e9servez votre h\u00f4tel&#8230;<\/a><\/p>\n\n\n\n<h2 class=\"wp-block-heading\">Balade \u00e0 la t\u00eate du G\u00e9ant<\/h2>\n\n\n\n<p>Depuis l&rsquo;h\u00f4tel, ne ratez pas la tr\u00e8s belle balade jusqu&rsquo;au G\u00e9ant. Une petite balade qui vous ammenera \u00e0 la Source et \u00e0 la t\u00eate du G\u00e9ant. C&rsquo;est de toute beaut\u00e9 ! Le site a m\u00eame \u00e9t\u00e9 peint par Gustave Courbet&#8230;  Depuis l&rsquo;h\u00f4tel, la balade fait seulement 30 minutes.<\/p>\n\n\n\n<figure class=\"wp-block-image\"><img loading=\"lazy\" decoding=\"async\" width=\"683\" height=\"1024\" src=\"http:\/\/www.photovoyage.fr\/blog\/wp-content\/uploads\/2019\/06\/web_MG_1161-2-683x1024.jpg\" alt=\"\" class=\"wp-image-4059\" srcset=\"http:\/\/www.photovoyage.fr\/blog\/wp-content\/uploads\/2019\/06\/web_MG_1161-2-683x1024.jpg 683w, http:\/\/www.photovoyage.fr\/blog\/wp-content\/uploads\/2019\/06\/web_MG_1161-2-200x300.jpg 200w, http:\/\/www.photovoyage.fr\/blog\/wp-content\/uploads\/2019\/06\/web_MG_1161-2-768x1152.jpg 768w, http:\/\/www.photovoyage.fr\/blog\/wp-content\/uploads\/2019\/06\/web_MG_1161-2-600x900.jpg 600w, http:\/\/www.photovoyage.fr\/blog\/wp-content\/uploads\/2019\/06\/web_MG_1161-2.jpg 800w\" sizes=\"auto, (max-width: 683px) 100vw, 683px\" \/><figcaption>La t\u00eate du G\u00e9ant<\/figcaption><\/figure>\n\n\n\n<p>Lien : <a href=\"https:\/\/www.bainsdesaillon.ch\">bain de Saillon<\/a><\/p>\n\n\n\nngg_shortcode_0_placeholder\n","protected":false},"excerpt":{"rendered":"<p>Nous vous emmenons en week-end dans la tr\u00e8s belle r\u00e9gion du Valais en Suisse, et plus particuli\u00e8rement aux bains de Saillon. A quelques kilom\u00e8tres de Martigny, Saillon est un petit village entour\u00e9 de vignes et de montagnes. Les bains de Saillon Un super plan pour se d\u00e9tendre et se reposer. Rivi\u00e8re, piscines chauff\u00e9es \u00e0 35%, &hellip;<\/p>\n","protected":false},"author":1,"featured_media":4061,"comment_status":"open","ping_status":"open","sticky":false,"template":"","format":"standard","meta":{"ngg_post_thumbnail":809,"footnotes":""},"categories":[47,11],"tags":[25,200],"class_list":["post-4045","post","type-post","status-publish","format-standard","has-post-thumbnail","hentry","category-autour-de-chez-nous","category-escapades","tag-suisse","tag-valais","entry entry-center"],"yoast_head":"<!-- This site is optimized with the Yoast SEO plugin v24.1 - https:\/\/yoast.com\/wordpress\/plugins\/seo\/ -->\n<title>Week End aux bains de Saillon - photovoyage.fr<\/title>\n<meta name=\"description\" content=\"Saillon est une destination id\u00e9ale pour passer un Week end de d\u00e9tente et profiter des bains de Saillon. C&#039;est aussi l&#039;occasion de d\u00e9couvrir le site de la t\u00eate du G\u00e9ant.\" \/>\n<meta name=\"robots\" content=\"index, follow, max-snippet:-1, max-image-preview:large, max-video-preview:-1\" \/>\n<link rel=\"canonical\" href=\"http:\/\/www.photovoyage.fr\/blog\/week-end-aux-bains-de-saillon\/\" \/>\n<meta property=\"og:locale\" content=\"fr_FR\" \/>\n<meta property=\"og:type\" content=\"article\" \/>\n<meta property=\"og:title\" content=\"Week End aux bains de Saillon - photovoyage.fr\" \/>\n<meta property=\"og:description\" content=\"Saillon est une destination id\u00e9ale pour passer un Week end de d\u00e9tente et profiter des bains de Saillon. C&#039;est aussi l&#039;occasion de d\u00e9couvrir le site de la t\u00eate du G\u00e9ant.\" \/>\n<meta property=\"og:url\" content=\"http:\/\/www.photovoyage.fr\/blog\/week-end-aux-bains-de-saillon\/\" \/>\n<meta property=\"og:site_name\" content=\"photovoyage.fr\" \/>\n<meta property=\"article:published_time\" content=\"2019-06-25T18:19:31+00:00\" \/>\n<meta property=\"article:modified_time\" content=\"2019-06-25T18:19:34+00:00\" \/>\n<meta property=\"og:image\" content=\"http:\/\/www.photovoyage.fr\/blog\/wp-content\/uploads\/2019\/06\/web_MG_1179-2.jpg\" \/>\n\t<meta property=\"og:image:width\" content=\"800\" \/>\n\t<meta property=\"og:image:height\" content=\"533\" \/>\n\t<meta property=\"og:image:type\" content=\"image\/jpeg\" \/>\n<meta name=\"author\" content=\"photovoyage\" \/>\n<meta name=\"twitter:label1\" content=\"\u00c9crit par\" \/>\n\t<meta name=\"twitter:data1\" content=\"photovoyage\" \/>\n\t<meta name=\"twitter:label2\" content=\"Dur\u00e9e de lecture estim\u00e9e\" \/>\n\t<meta name=\"twitter:data2\" content=\"2 minutes\" \/>\n<script type=\"application\/ld+json\" class=\"yoast-schema-graph\">{\"@context\":\"https:\/\/schema.org\",\"@graph\":[{\"@type\":\"Article\",\"@id\":\"http:\/\/www.photovoyage.fr\/blog\/week-end-aux-bains-de-saillon\/#article\",\"isPartOf\":{\"@id\":\"http:\/\/www.photovoyage.fr\/blog\/week-end-aux-bains-de-saillon\/\"},\"author\":{\"name\":\"photovoyage\",\"@id\":\"http:\/\/www.photovoyage.fr\/blog\/#\/schema\/person\/a6600656ccdd05f7a4132987c28fc4ac\"},\"headline\":\"Week End aux bains de Saillon\",\"datePublished\":\"2019-06-25T18:19:31+00:00\",\"dateModified\":\"2019-06-25T18:19:34+00:00\",\"mainEntityOfPage\":{\"@id\":\"http:\/\/www.photovoyage.fr\/blog\/week-end-aux-bains-de-saillon\/\"},\"wordCount\":317,\"commentCount\":0,\"publisher\":{\"@id\":\"http:\/\/www.photovoyage.fr\/blog\/#\/schema\/person\/a6600656ccdd05f7a4132987c28fc4ac\"},\"image\":{\"@id\":\"http:\/\/www.photovoyage.fr\/blog\/week-end-aux-bains-de-saillon\/#primaryimage\"},\"thumbnailUrl\":\"http:\/\/www.photovoyage.fr\/blog\/wp-content\/uploads\/2019\/06\/web_MG_1179-2.jpg\",\"keywords\":[\"Suisse\",\"Valais\"],\"articleSection\":[\"Autour de chez nous\",\"Escapades\"],\"inLanguage\":\"fr-FR\",\"potentialAction\":[{\"@type\":\"CommentAction\",\"name\":\"Comment\",\"target\":[\"http:\/\/www.photovoyage.fr\/blog\/week-end-aux-bains-de-saillon\/#respond\"]}]},{\"@type\":\"WebPage\",\"@id\":\"http:\/\/www.photovoyage.fr\/blog\/week-end-aux-bains-de-saillon\/\",\"url\":\"http:\/\/www.photovoyage.fr\/blog\/week-end-aux-bains-de-saillon\/\",\"name\":\"Week End aux bains de Saillon - photovoyage.fr\",\"isPartOf\":{\"@id\":\"http:\/\/www.photovoyage.fr\/blog\/#website\"},\"primaryImageOfPage\":{\"@id\":\"http:\/\/www.photovoyage.fr\/blog\/week-end-aux-bains-de-saillon\/#primaryimage\"},\"image\":{\"@id\":\"http:\/\/www.photovoyage.fr\/blog\/week-end-aux-bains-de-saillon\/#primaryimage\"},\"thumbnailUrl\":\"http:\/\/www.photovoyage.fr\/blog\/wp-content\/uploads\/2019\/06\/web_MG_1179-2.jpg\",\"datePublished\":\"2019-06-25T18:19:31+00:00\",\"dateModified\":\"2019-06-25T18:19:34+00:00\",\"description\":\"Saillon est une destination id\u00e9ale pour passer un Week end de d\u00e9tente et profiter des bains de Saillon. C'est aussi l'occasion de d\u00e9couvrir le site de la t\u00eate du G\u00e9ant.\",\"breadcrumb\":{\"@id\":\"http:\/\/www.photovoyage.fr\/blog\/week-end-aux-bains-de-saillon\/#breadcrumb\"},\"inLanguage\":\"fr-FR\",\"potentialAction\":[{\"@type\":\"ReadAction\",\"target\":[\"http:\/\/www.photovoyage.fr\/blog\/week-end-aux-bains-de-saillon\/\"]}]},{\"@type\":\"ImageObject\",\"inLanguage\":\"fr-FR\",\"@id\":\"http:\/\/www.photovoyage.fr\/blog\/week-end-aux-bains-de-saillon\/#primaryimage\",\"url\":\"http:\/\/www.photovoyage.fr\/blog\/wp-content\/uploads\/2019\/06\/web_MG_1179-2.jpg\",\"contentUrl\":\"http:\/\/www.photovoyage.fr\/blog\/wp-content\/uploads\/2019\/06\/web_MG_1179-2.jpg\",\"width\":800,\"height\":533},{\"@type\":\"BreadcrumbList\",\"@id\":\"http:\/\/www.photovoyage.fr\/blog\/week-end-aux-bains-de-saillon\/#breadcrumb\",\"itemListElement\":[{\"@type\":\"ListItem\",\"position\":1,\"name\":\"Accueil\",\"item\":\"http:\/\/www.photovoyage.fr\/blog\/\"},{\"@type\":\"ListItem\",\"position\":2,\"name\":\"Week End aux bains de Saillon\"}]},{\"@type\":\"WebSite\",\"@id\":\"http:\/\/www.photovoyage.fr\/blog\/#website\",\"url\":\"http:\/\/www.photovoyage.fr\/blog\/\",\"name\":\"photovoyage.fr\",\"description\":\"La passion de la photo et du voyage. Retrouvez ici nos r\u00e9cits de voyages et nos photos.\",\"publisher\":{\"@id\":\"http:\/\/www.photovoyage.fr\/blog\/#\/schema\/person\/a6600656ccdd05f7a4132987c28fc4ac\"},\"potentialAction\":[{\"@type\":\"SearchAction\",\"target\":{\"@type\":\"EntryPoint\",\"urlTemplate\":\"http:\/\/www.photovoyage.fr\/blog\/?s={search_term_string}\"},\"query-input\":{\"@type\":\"PropertyValueSpecification\",\"valueRequired\":true,\"valueName\":\"search_term_string\"}}],\"inLanguage\":\"fr-FR\"},{\"@type\":[\"Person\",\"Organization\"],\"@id\":\"http:\/\/www.photovoyage.fr\/blog\/#\/schema\/person\/a6600656ccdd05f7a4132987c28fc4ac\",\"name\":\"photovoyage\",\"image\":{\"@type\":\"ImageObject\",\"inLanguage\":\"fr-FR\",\"@id\":\"http:\/\/www.photovoyage.fr\/blog\/#\/schema\/person\/image\/\",\"url\":\"http:\/\/www.photovoyage.fr\/blog\/wp-content\/uploads\/2018\/04\/cropped-cropped-logo3.jpg\",\"contentUrl\":\"http:\/\/www.photovoyage.fr\/blog\/wp-content\/uploads\/2018\/04\/cropped-cropped-logo3.jpg\",\"width\":873,\"height\":111,\"caption\":\"photovoyage\"},\"logo\":{\"@id\":\"http:\/\/www.photovoyage.fr\/blog\/#\/schema\/person\/image\/\"}}]}<\/script>\n<!-- \/ Yoast SEO plugin. -->","yoast_head_json":{"title":"Week End aux bains de Saillon - photovoyage.fr","description":"Saillon est une destination id\u00e9ale pour passer un Week end de d\u00e9tente et profiter des bains de Saillon. C'est aussi l'occasion de d\u00e9couvrir le site de la t\u00eate du G\u00e9ant.","robots":{"index":"index","follow":"follow","max-snippet":"max-snippet:-1","max-image-preview":"max-image-preview:large","max-video-preview":"max-video-preview:-1"},"canonical":"http:\/\/www.photovoyage.fr\/blog\/week-end-aux-bains-de-saillon\/","og_locale":"fr_FR","og_type":"article","og_title":"Week End aux bains de Saillon - photovoyage.fr","og_description":"Saillon est une destination id\u00e9ale pour passer un Week end de d\u00e9tente et profiter des bains de Saillon. C'est aussi l'occasion de d\u00e9couvrir le site de la t\u00eate du G\u00e9ant.","og_url":"http:\/\/www.photovoyage.fr\/blog\/week-end-aux-bains-de-saillon\/","og_site_name":"photovoyage.fr","article_published_time":"2019-06-25T18:19:31+00:00","article_modified_time":"2019-06-25T18:19:34+00:00","og_image":[{"width":800,"height":533,"url":"http:\/\/www.photovoyage.fr\/blog\/wp-content\/uploads\/2019\/06\/web_MG_1179-2.jpg","type":"image\/jpeg"}],"author":"photovoyage","twitter_misc":{"\u00c9crit par":"photovoyage","Dur\u00e9e de lecture estim\u00e9e":"2 minutes"},"schema":{"@context":"https:\/\/schema.org","@graph":[{"@type":"Article","@id":"http:\/\/www.photovoyage.fr\/blog\/week-end-aux-bains-de-saillon\/#article","isPartOf":{"@id":"http:\/\/www.photovoyage.fr\/blog\/week-end-aux-bains-de-saillon\/"},"author":{"name":"photovoyage","@id":"http:\/\/www.photovoyage.fr\/blog\/#\/schema\/person\/a6600656ccdd05f7a4132987c28fc4ac"},"headline":"Week End aux bains de Saillon","datePublished":"2019-06-25T18:19:31+00:00","dateModified":"2019-06-25T18:19:34+00:00","mainEntityOfPage":{"@id":"http:\/\/www.photovoyage.fr\/blog\/week-end-aux-bains-de-saillon\/"},"wordCount":317,"commentCount":0,"publisher":{"@id":"http:\/\/www.photovoyage.fr\/blog\/#\/schema\/person\/a6600656ccdd05f7a4132987c28fc4ac"},"image":{"@id":"http:\/\/www.photovoyage.fr\/blog\/week-end-aux-bains-de-saillon\/#primaryimage"},"thumbnailUrl":"http:\/\/www.photovoyage.fr\/blog\/wp-content\/uploads\/2019\/06\/web_MG_1179-2.jpg","keywords":["Suisse","Valais"],"articleSection":["Autour de chez nous","Escapades"],"inLanguage":"fr-FR","potentialAction":[{"@type":"CommentAction","name":"Comment","target":["http:\/\/www.photovoyage.fr\/blog\/week-end-aux-bains-de-saillon\/#respond"]}]},{"@type":"WebPage","@id":"http:\/\/www.photovoyage.fr\/blog\/week-end-aux-bains-de-saillon\/","url":"http:\/\/www.photovoyage.fr\/blog\/week-end-aux-bains-de-saillon\/","name":"Week End aux bains de Saillon - photovoyage.fr","isPartOf":{"@id":"http:\/\/www.photovoyage.fr\/blog\/#website"},"primaryImageOfPage":{"@id":"http:\/\/www.photovoyage.fr\/blog\/week-end-aux-bains-de-saillon\/#primaryimage"},"image":{"@id":"http:\/\/www.photovoyage.fr\/blog\/week-end-aux-bains-de-saillon\/#primaryimage"},"thumbnailUrl":"http:\/\/www.photovoyage.fr\/blog\/wp-content\/uploads\/2019\/06\/web_MG_1179-2.jpg","datePublished":"2019-06-25T18:19:31+00:00","dateModified":"2019-06-25T18:19:34+00:00","description":"Saillon est une destination id\u00e9ale pour passer un Week end de d\u00e9tente et profiter des bains de Saillon. C'est aussi l'occasion de d\u00e9couvrir le site de la t\u00eate du G\u00e9ant.","breadcrumb":{"@id":"http:\/\/www.photovoyage.fr\/blog\/week-end-aux-bains-de-saillon\/#breadcrumb"},"inLanguage":"fr-FR","potentialAction":[{"@type":"ReadAction","target":["http:\/\/www.photovoyage.fr\/blog\/week-end-aux-bains-de-saillon\/"]}]},{"@type":"ImageObject","inLanguage":"fr-FR","@id":"http:\/\/www.photovoyage.fr\/blog\/week-end-aux-bains-de-saillon\/#primaryimage","url":"http:\/\/www.photovoyage.fr\/blog\/wp-content\/uploads\/2019\/06\/web_MG_1179-2.jpg","contentUrl":"http:\/\/www.photovoyage.fr\/blog\/wp-content\/uploads\/2019\/06\/web_MG_1179-2.jpg","width":800,"height":533},{"@type":"BreadcrumbList","@id":"http:\/\/www.photovoyage.fr\/blog\/week-end-aux-bains-de-saillon\/#breadcrumb","itemListElement":[{"@type":"ListItem","position":1,"name":"Accueil","item":"http:\/\/www.photovoyage.fr\/blog\/"},{"@type":"ListItem","position":2,"name":"Week End aux bains de Saillon"}]},{"@type":"WebSite","@id":"http:\/\/www.photovoyage.fr\/blog\/#website","url":"http:\/\/www.photovoyage.fr\/blog\/","name":"photovoyage.fr","description":"La passion de la photo et du voyage. Retrouvez ici nos r\u00e9cits de voyages et nos photos.","publisher":{"@id":"http:\/\/www.photovoyage.fr\/blog\/#\/schema\/person\/a6600656ccdd05f7a4132987c28fc4ac"},"potentialAction":[{"@type":"SearchAction","target":{"@type":"EntryPoint","urlTemplate":"http:\/\/www.photovoyage.fr\/blog\/?s={search_term_string}"},"query-input":{"@type":"PropertyValueSpecification","valueRequired":true,"valueName":"search_term_string"}}],"inLanguage":"fr-FR"},{"@type":["Person","Organization"],"@id":"http:\/\/www.photovoyage.fr\/blog\/#\/schema\/person\/a6600656ccdd05f7a4132987c28fc4ac","name":"photovoyage","image":{"@type":"ImageObject","inLanguage":"fr-FR","@id":"http:\/\/www.photovoyage.fr\/blog\/#\/schema\/person\/image\/","url":"http:\/\/www.photovoyage.fr\/blog\/wp-content\/uploads\/2018\/04\/cropped-cropped-logo3.jpg","contentUrl":"http:\/\/www.photovoyage.fr\/blog\/wp-content\/uploads\/2018\/04\/cropped-cropped-logo3.jpg","width":873,"height":111,"caption":"photovoyage"},"logo":{"@id":"http:\/\/www.photovoyage.fr\/blog\/#\/schema\/person\/image\/"}}]}},"_links":{"self":[{"href":"http:\/\/www.photovoyage.fr\/blog\/wp-json\/wp\/v2\/posts\/4045","targetHints":{"allow":["GET"]}}],"collection":[{"href":"http:\/\/www.photovoyage.fr\/blog\/wp-json\/wp\/v2\/posts"}],"about":[{"href":"http:\/\/www.photovoyage.fr\/blog\/wp-json\/wp\/v2\/types\/post"}],"author":[{"embeddable":true,"href":"http:\/\/www.photovoyage.fr\/blog\/wp-json\/wp\/v2\/users\/1"}],"replies":[{"embeddable":true,"href":"http:\/\/www.photovoyage.fr\/blog\/wp-json\/wp\/v2\/comments?post=4045"}],"version-history":[{"count":0,"href":"http:\/\/www.photovoyage.fr\/blog\/wp-json\/wp\/v2\/posts\/4045\/revisions"}],"wp:featuredmedia":[{"embeddable":true,"href":"http:\/\/www.photovoyage.fr\/blog\/wp-json\/wp\/v2\/media\/4061"}],"wp:attachment":[{"href":"http:\/\/www.photovoyage.fr\/blog\/wp-json\/wp\/v2\/media?parent=4045"}],"wp:term":[{"taxonomy":"category","embeddable":true,"href":"http:\/\/www.photovoyage.fr\/blog\/wp-json\/wp\/v2\/categories?post=4045"},{"taxonomy":"post_tag","embeddable":true,"href":"http:\/\/www.photovoyage.fr\/blog\/wp-json\/wp\/v2\/tags?post=4045"}],"curies":[{"name":"wp","href":"https:\/\/api.w.org\/{rel}","templated":true}]}}