{"id":406,"date":"2014-06-16T12:38:57","date_gmt":"2014-06-16T11:38:57","guid":{"rendered":"http:\/\/www.photovoyage.fr\/blog\/?p=406"},"modified":"2014-06-16T12:38:57","modified_gmt":"2014-06-16T11:38:57","slug":"la-riviera-suisse","status":"publish","type":"post","link":"http:\/\/www.photovoyage.fr\/blog\/la-riviera-suisse\/","title":{"rendered":"La Riviera Suisse"},"content":{"rendered":"<div class=\"yzp-no-index\"><\/div><p>Nous vous emmenons d\u00e9couvrir la tr\u00e8s belle r\u00e9gion de Montreux, sur les bords du lac L\u00e9man.\u00a0 Cette jolie petite ville m\u00e9rite le d\u00e9tour. Vous y d\u00e9couvrirez notamment le ch\u00e2teau de Chillon, et pourrez monter en train \u00e0 cr\u00e9maill\u00e8re vers le Rocher de Naye. De l\u00e0 haut, la vue sur le lac L\u00e9man est imprenable !<\/p>\n<p><a href=\"http:\/\/www.photovoyage.fr\/blog\/wp-content\/uploads\/2014\/06\/9472778153_2b30530be2_c.jpg\"><img loading=\"lazy\" decoding=\"async\" class=\"alignnone size-full wp-image-409\" src=\"http:\/\/www.photovoyage.fr\/blog\/wp-content\/uploads\/2014\/06\/9472778153_2b30530be2_c.jpg\" alt=\"Ch\u00e2teau de Chillon\" width=\"800\" height=\"534\" srcset=\"http:\/\/www.photovoyage.fr\/blog\/wp-content\/uploads\/2014\/06\/9472778153_2b30530be2_c.jpg 800w, http:\/\/www.photovoyage.fr\/blog\/wp-content\/uploads\/2014\/06\/9472778153_2b30530be2_c-300x200.jpg 300w\" sizes=\"auto, (max-width: 800px) 100vw, 800px\" \/><\/a><\/p>\n<p><!--more--><\/p>\n<p>Un peu plus loin, en direction de Lausanne, le pays de Lavaux et ses vignes \u00e0 flanc de montagne offre \u00e9galement des paysages exceptionnels. En face, sur la rive fran\u00e7aise, les montagnes du Chablais apportent encore une dimension suppl\u00e9mentaire.<\/p>\n<p><!-- index.php -->\n<div\n\tclass=\"ngg-galleryoverview\n\t ngg-ajax-pagination-none\t\"\n\tid=\"ngg-gallery-e4d3a1bc8ac5b32c36a8f08f41634b6d-1\">\n\n\t\t<div class=\"slideshowlink\">\n\t\t<a href='http:\/\/www.photovoyage.fr\/blog\/la-riviera-suisse\/nggallery\/slideshow'>[Show slideshow]<\/a>\n\t\t\n\t<\/div>\n\t\t\t<!-- Thumbnails -->\n\t\t\t\t<div id=\"ngg-image-0\" class=\"ngg-gallery-thumbnail-box\" \n\t\t\t\t\t\t\t\t\t\t\t>\n\t\t\t\t\t\t<div class=\"ngg-gallery-thumbnail\">\n\t\t\t<a href=\"http:\/\/www.photovoyage.fr\/blog\/wp-content\/gallery\/riviera-suisse\/9472778153_2b30530be2_c.jpg\"\n\t\t\t\ttitle=\"\"\n\t\t\t\tdata-src=\"http:\/\/www.photovoyage.fr\/blog\/wp-content\/gallery\/riviera-suisse\/9472778153_2b30530be2_c.jpg\"\n\t\t\t\tdata-thumbnail=\"http:\/\/www.photovoyage.fr\/blog\/wp-content\/gallery\/riviera-suisse\/thumbs\/thumbs_9472778153_2b30530be2_c.jpg\"\n\t\t\t\tdata-image-id=\"100\"\n\t\t\t\tdata-title=\"9472778153_2b30530be2_c\"\n\t\t\t\tdata-description=\"\"\n\t\t\t\tdata-image-slug=\"9472778153_2b30530be2_c-1\"\n\t\t\t\tclass=\"ngg-fancybox\" rel=\"e4d3a1bc8ac5b32c36a8f08f41634b6d\">\n\t\t\t\t<img\n\t\t\t\t\ttitle=\"9472778153_2b30530be2_c\"\n\t\t\t\t\talt=\"9472778153_2b30530be2_c\"\n\t\t\t\t\tsrc=\"http:\/\/www.photovoyage.fr\/blog\/wp-content\/gallery\/riviera-suisse\/thumbs\/thumbs_9472778153_2b30530be2_c.jpg\"\n\t\t\t\t\twidth=\"120\"\n\t\t\t\t\theight=\"90\"\n\t\t\t\t\tstyle=\"max-width:100%;\"\n\t\t\t\t\/>\n\t\t\t<\/a>\n\t\t<\/div>\n\t\t\t\t\t\t\t<\/div> \n\t\t\t\n\t\t\n\t\t\t\t<div id=\"ngg-image-1\" class=\"ngg-gallery-thumbnail-box\" \n\t\t\t\t\t\t\t\t\t\t\t>\n\t\t\t\t\t\t<div class=\"ngg-gallery-thumbnail\">\n\t\t\t<a href=\"http:\/\/www.photovoyage.fr\/blog\/wp-content\/gallery\/riviera-suisse\/9472781993_ed59819b6a_c.jpg\"\n\t\t\t\ttitle=\"\"\n\t\t\t\tdata-src=\"http:\/\/www.photovoyage.fr\/blog\/wp-content\/gallery\/riviera-suisse\/9472781993_ed59819b6a_c.jpg\"\n\t\t\t\tdata-thumbnail=\"http:\/\/www.photovoyage.fr\/blog\/wp-content\/gallery\/riviera-suisse\/thumbs\/thumbs_9472781993_ed59819b6a_c.jpg\"\n\t\t\t\tdata-image-id=\"101\"\n\t\t\t\tdata-title=\"9472781993_ed59819b6a_c\"\n\t\t\t\tdata-description=\"\"\n\t\t\t\tdata-image-slug=\"9472781993_ed59819b6a_c-1\"\n\t\t\t\tclass=\"ngg-fancybox\" rel=\"e4d3a1bc8ac5b32c36a8f08f41634b6d\">\n\t\t\t\t<img\n\t\t\t\t\ttitle=\"9472781993_ed59819b6a_c\"\n\t\t\t\t\talt=\"9472781993_ed59819b6a_c\"\n\t\t\t\t\tsrc=\"http:\/\/www.photovoyage.fr\/blog\/wp-content\/gallery\/riviera-suisse\/thumbs\/thumbs_9472781993_ed59819b6a_c.jpg\"\n\t\t\t\t\twidth=\"120\"\n\t\t\t\t\theight=\"90\"\n\t\t\t\t\tstyle=\"max-width:100%;\"\n\t\t\t\t\/>\n\t\t\t<\/a>\n\t\t<\/div>\n\t\t\t\t\t\t\t<\/div> \n\t\t\t\n\t\t\n\t\t\t\t<div id=\"ngg-image-2\" class=\"ngg-gallery-thumbnail-box\" \n\t\t\t\t\t\t\t\t\t\t\t>\n\t\t\t\t\t\t<div class=\"ngg-gallery-thumbnail\">\n\t\t\t<a href=\"http:\/\/www.photovoyage.fr\/blog\/wp-content\/gallery\/riviera-suisse\/9472794101_1be97a4412_c.jpg\"\n\t\t\t\ttitle=\"\"\n\t\t\t\tdata-src=\"http:\/\/www.photovoyage.fr\/blog\/wp-content\/gallery\/riviera-suisse\/9472794101_1be97a4412_c.jpg\"\n\t\t\t\tdata-thumbnail=\"http:\/\/www.photovoyage.fr\/blog\/wp-content\/gallery\/riviera-suisse\/thumbs\/thumbs_9472794101_1be97a4412_c.jpg\"\n\t\t\t\tdata-image-id=\"102\"\n\t\t\t\tdata-title=\"9472794101_1be97a4412_c\"\n\t\t\t\tdata-description=\"\"\n\t\t\t\tdata-image-slug=\"9472794101_1be97a4412_c-1\"\n\t\t\t\tclass=\"ngg-fancybox\" rel=\"e4d3a1bc8ac5b32c36a8f08f41634b6d\">\n\t\t\t\t<img\n\t\t\t\t\ttitle=\"9472794101_1be97a4412_c\"\n\t\t\t\t\talt=\"9472794101_1be97a4412_c\"\n\t\t\t\t\tsrc=\"http:\/\/www.photovoyage.fr\/blog\/wp-content\/gallery\/riviera-suisse\/thumbs\/thumbs_9472794101_1be97a4412_c.jpg\"\n\t\t\t\t\twidth=\"120\"\n\t\t\t\t\theight=\"90\"\n\t\t\t\t\tstyle=\"max-width:100%;\"\n\t\t\t\t\/>\n\t\t\t<\/a>\n\t\t<\/div>\n\t\t\t\t\t\t\t<\/div> \n\t\t\t\n\t\t\n\t\t\t\t<div id=\"ngg-image-3\" class=\"ngg-gallery-thumbnail-box\" \n\t\t\t\t\t\t\t\t\t\t\t>\n\t\t\t\t\t\t<div class=\"ngg-gallery-thumbnail\">\n\t\t\t<a href=\"http:\/\/www.photovoyage.fr\/blog\/wp-content\/gallery\/riviera-suisse\/9472797797_ba17c00425_c.jpg\"\n\t\t\t\ttitle=\"\"\n\t\t\t\tdata-src=\"http:\/\/www.photovoyage.fr\/blog\/wp-content\/gallery\/riviera-suisse\/9472797797_ba17c00425_c.jpg\"\n\t\t\t\tdata-thumbnail=\"http:\/\/www.photovoyage.fr\/blog\/wp-content\/gallery\/riviera-suisse\/thumbs\/thumbs_9472797797_ba17c00425_c.jpg\"\n\t\t\t\tdata-image-id=\"103\"\n\t\t\t\tdata-title=\"9472797797_ba17c00425_c\"\n\t\t\t\tdata-description=\"\"\n\t\t\t\tdata-image-slug=\"9472797797_ba17c00425_c-1\"\n\t\t\t\tclass=\"ngg-fancybox\" rel=\"e4d3a1bc8ac5b32c36a8f08f41634b6d\">\n\t\t\t\t<img\n\t\t\t\t\ttitle=\"9472797797_ba17c00425_c\"\n\t\t\t\t\talt=\"9472797797_ba17c00425_c\"\n\t\t\t\t\tsrc=\"http:\/\/www.photovoyage.fr\/blog\/wp-content\/gallery\/riviera-suisse\/thumbs\/thumbs_9472797797_ba17c00425_c.jpg\"\n\t\t\t\t\twidth=\"120\"\n\t\t\t\t\theight=\"90\"\n\t\t\t\t\tstyle=\"max-width:100%;\"\n\t\t\t\t\/>\n\t\t\t<\/a>\n\t\t<\/div>\n\t\t\t\t\t\t\t<\/div> \n\t\t\t\n\t\t\n\t\t\t\t<div id=\"ngg-image-4\" class=\"ngg-gallery-thumbnail-box\" \n\t\t\t\t\t\t\t\t\t\t\t>\n\t\t\t\t\t\t<div class=\"ngg-gallery-thumbnail\">\n\t\t\t<a href=\"http:\/\/www.photovoyage.fr\/blog\/wp-content\/gallery\/riviera-suisse\/9472801685_971d18c465_c.jpg\"\n\t\t\t\ttitle=\"\"\n\t\t\t\tdata-src=\"http:\/\/www.photovoyage.fr\/blog\/wp-content\/gallery\/riviera-suisse\/9472801685_971d18c465_c.jpg\"\n\t\t\t\tdata-thumbnail=\"http:\/\/www.photovoyage.fr\/blog\/wp-content\/gallery\/riviera-suisse\/thumbs\/thumbs_9472801685_971d18c465_c.jpg\"\n\t\t\t\tdata-image-id=\"104\"\n\t\t\t\tdata-title=\"9472801685_971d18c465_c\"\n\t\t\t\tdata-description=\"\"\n\t\t\t\tdata-image-slug=\"9472801685_971d18c465_c-1\"\n\t\t\t\tclass=\"ngg-fancybox\" rel=\"e4d3a1bc8ac5b32c36a8f08f41634b6d\">\n\t\t\t\t<img\n\t\t\t\t\ttitle=\"9472801685_971d18c465_c\"\n\t\t\t\t\talt=\"9472801685_971d18c465_c\"\n\t\t\t\t\tsrc=\"http:\/\/www.photovoyage.fr\/blog\/wp-content\/gallery\/riviera-suisse\/thumbs\/thumbs_9472801685_971d18c465_c.jpg\"\n\t\t\t\t\twidth=\"120\"\n\t\t\t\t\theight=\"90\"\n\t\t\t\t\tstyle=\"max-width:100%;\"\n\t\t\t\t\/>\n\t\t\t<\/a>\n\t\t<\/div>\n\t\t\t\t\t\t\t<\/div> \n\t\t\t\n\t\t\n\t\t\t\t<div id=\"ngg-image-5\" class=\"ngg-gallery-thumbnail-box\" \n\t\t\t\t\t\t\t\t\t\t\t>\n\t\t\t\t\t\t<div class=\"ngg-gallery-thumbnail\">\n\t\t\t<a href=\"http:\/\/www.photovoyage.fr\/blog\/wp-content\/gallery\/riviera-suisse\/9472804949_d451d5ec1f_c.jpg\"\n\t\t\t\ttitle=\"\"\n\t\t\t\tdata-src=\"http:\/\/www.photovoyage.fr\/blog\/wp-content\/gallery\/riviera-suisse\/9472804949_d451d5ec1f_c.jpg\"\n\t\t\t\tdata-thumbnail=\"http:\/\/www.photovoyage.fr\/blog\/wp-content\/gallery\/riviera-suisse\/thumbs\/thumbs_9472804949_d451d5ec1f_c.jpg\"\n\t\t\t\tdata-image-id=\"105\"\n\t\t\t\tdata-title=\"9472804949_d451d5ec1f_c\"\n\t\t\t\tdata-description=\"\"\n\t\t\t\tdata-image-slug=\"9472804949_d451d5ec1f_c-1\"\n\t\t\t\tclass=\"ngg-fancybox\" rel=\"e4d3a1bc8ac5b32c36a8f08f41634b6d\">\n\t\t\t\t<img\n\t\t\t\t\ttitle=\"9472804949_d451d5ec1f_c\"\n\t\t\t\t\talt=\"9472804949_d451d5ec1f_c\"\n\t\t\t\t\tsrc=\"http:\/\/www.photovoyage.fr\/blog\/wp-content\/gallery\/riviera-suisse\/thumbs\/thumbs_9472804949_d451d5ec1f_c.jpg\"\n\t\t\t\t\twidth=\"120\"\n\t\t\t\t\theight=\"90\"\n\t\t\t\t\tstyle=\"max-width:100%;\"\n\t\t\t\t\/>\n\t\t\t<\/a>\n\t\t<\/div>\n\t\t\t\t\t\t\t<\/div> \n\t\t\t\n\t\t\n\t\t\t\t<div id=\"ngg-image-6\" class=\"ngg-gallery-thumbnail-box\" \n\t\t\t\t\t\t\t\t\t\t\t>\n\t\t\t\t\t\t<div class=\"ngg-gallery-thumbnail\">\n\t\t\t<a href=\"http:\/\/www.photovoyage.fr\/blog\/wp-content\/gallery\/riviera-suisse\/9475565062_3c421f3a90_c.jpg\"\n\t\t\t\ttitle=\"\"\n\t\t\t\tdata-src=\"http:\/\/www.photovoyage.fr\/blog\/wp-content\/gallery\/riviera-suisse\/9475565062_3c421f3a90_c.jpg\"\n\t\t\t\tdata-thumbnail=\"http:\/\/www.photovoyage.fr\/blog\/wp-content\/gallery\/riviera-suisse\/thumbs\/thumbs_9475565062_3c421f3a90_c.jpg\"\n\t\t\t\tdata-image-id=\"106\"\n\t\t\t\tdata-title=\"9475565062_3c421f3a90_c\"\n\t\t\t\tdata-description=\"\"\n\t\t\t\tdata-image-slug=\"9475565062_3c421f3a90_c-1\"\n\t\t\t\tclass=\"ngg-fancybox\" rel=\"e4d3a1bc8ac5b32c36a8f08f41634b6d\">\n\t\t\t\t<img\n\t\t\t\t\ttitle=\"9475565062_3c421f3a90_c\"\n\t\t\t\t\talt=\"9475565062_3c421f3a90_c\"\n\t\t\t\t\tsrc=\"http:\/\/www.photovoyage.fr\/blog\/wp-content\/gallery\/riviera-suisse\/thumbs\/thumbs_9475565062_3c421f3a90_c.jpg\"\n\t\t\t\t\twidth=\"120\"\n\t\t\t\t\theight=\"90\"\n\t\t\t\t\tstyle=\"max-width:100%;\"\n\t\t\t\t\/>\n\t\t\t<\/a>\n\t\t<\/div>\n\t\t\t\t\t\t\t<\/div> \n\t\t\t\n\t\t\n\t\t\n\t\t<!-- Pagination -->\n\t\t<div class='ngg-clear'><\/div>\t<\/div>\n<\/p>\n<p>&nbsp;<\/p>\n","protected":false},"excerpt":{"rendered":"<p>Nous vous emmenons d\u00e9couvrir la tr\u00e8s belle r\u00e9gion de Montreux, sur les bords du lac L\u00e9man.\u00a0 Cette jolie petite ville m\u00e9rite le d\u00e9tour. Vous y d\u00e9couvrirez notamment le ch\u00e2teau de Chillon, et pourrez monter en train \u00e0 cr\u00e9maill\u00e8re vers le Rocher de Naye. De l\u00e0 haut, la vue sur le lac L\u00e9man est imprenable !<\/p>\n","protected":false},"author":1,"featured_media":407,"comment_status":"open","ping_status":"open","sticky":false,"template":"","format":"standard","meta":{"ngg_post_thumbnail":0,"footnotes":""},"categories":[11],"tags":[24,25],"class_list":["post-406","post","type-post","status-publish","format-standard","has-post-thumbnail","hentry","category-escapades","tag-leman","tag-suisse","entry entry-center"],"yoast_head":"<!-- This site is optimized with the Yoast SEO plugin v24.1 - https:\/\/yoast.com\/wordpress\/plugins\/seo\/ -->\n<title>La Riviera Suisse - photovoyage.fr<\/title>\n<meta name=\"robots\" content=\"index, follow, max-snippet:-1, max-image-preview:large, max-video-preview:-1\" \/>\n<link rel=\"canonical\" href=\"http:\/\/www.photovoyage.fr\/blog\/la-riviera-suisse\/\" \/>\n<meta property=\"og:locale\" content=\"fr_FR\" \/>\n<meta property=\"og:type\" content=\"article\" \/>\n<meta property=\"og:title\" content=\"La Riviera Suisse - photovoyage.fr\" \/>\n<meta property=\"og:description\" content=\"Nous vous emmenons d\u00e9couvrir la tr\u00e8s belle r\u00e9gion de Montreux, sur les bords du lac L\u00e9man.\u00a0 Cette jolie petite ville m\u00e9rite le d\u00e9tour. Vous y d\u00e9couvrirez notamment le ch\u00e2teau de Chillon, et pourrez monter en train \u00e0 cr\u00e9maill\u00e8re vers le Rocher de Naye. De l\u00e0 haut, la vue sur le lac L\u00e9man est imprenable !\" \/>\n<meta property=\"og:url\" content=\"http:\/\/www.photovoyage.fr\/blog\/la-riviera-suisse\/\" \/>\n<meta property=\"og:site_name\" content=\"photovoyage.fr\" \/>\n<meta property=\"article:published_time\" content=\"2014-06-16T11:38:57+00:00\" \/>\n<meta property=\"og:image\" content=\"http:\/\/www.photovoyage.fr\/blog\/wp-content\/uploads\/2014\/06\/9475565062_3c421f3a90_c.jpg\" \/>\n\t<meta property=\"og:image:width\" content=\"800\" \/>\n\t<meta property=\"og:image:height\" content=\"534\" \/>\n\t<meta property=\"og:image:type\" content=\"image\/jpeg\" \/>\n<meta name=\"author\" content=\"photovoyage\" \/>\n<meta name=\"twitter:label1\" content=\"\u00c9crit par\" \/>\n\t<meta name=\"twitter:data1\" content=\"photovoyage\" \/>\n\t<meta name=\"twitter:label2\" content=\"Dur\u00e9e de lecture estim\u00e9e\" \/>\n\t<meta name=\"twitter:data2\" content=\"1 minute\" \/>\n<script type=\"application\/ld+json\" class=\"yoast-schema-graph\">{\"@context\":\"https:\/\/schema.org\",\"@graph\":[{\"@type\":\"Article\",\"@id\":\"http:\/\/www.photovoyage.fr\/blog\/la-riviera-suisse\/#article\",\"isPartOf\":{\"@id\":\"http:\/\/www.photovoyage.fr\/blog\/la-riviera-suisse\/\"},\"author\":{\"name\":\"photovoyage\",\"@id\":\"http:\/\/www.photovoyage.fr\/blog\/#\/schema\/person\/a6600656ccdd05f7a4132987c28fc4ac\"},\"headline\":\"La Riviera Suisse\",\"datePublished\":\"2014-06-16T11:38:57+00:00\",\"dateModified\":\"2014-06-16T11:38:57+00:00\",\"mainEntityOfPage\":{\"@id\":\"http:\/\/www.photovoyage.fr\/blog\/la-riviera-suisse\/\"},\"wordCount\":108,\"commentCount\":0,\"publisher\":{\"@id\":\"http:\/\/www.photovoyage.fr\/blog\/#\/schema\/person\/a6600656ccdd05f7a4132987c28fc4ac\"},\"image\":{\"@id\":\"http:\/\/www.photovoyage.fr\/blog\/la-riviera-suisse\/#primaryimage\"},\"thumbnailUrl\":\"http:\/\/www.photovoyage.fr\/blog\/wp-content\/uploads\/2014\/06\/9475565062_3c421f3a90_c.jpg\",\"keywords\":[\"L\u00e9man\",\"Suisse\"],\"articleSection\":[\"Escapades\"],\"inLanguage\":\"fr-FR\",\"potentialAction\":[{\"@type\":\"CommentAction\",\"name\":\"Comment\",\"target\":[\"http:\/\/www.photovoyage.fr\/blog\/la-riviera-suisse\/#respond\"]}]},{\"@type\":\"WebPage\",\"@id\":\"http:\/\/www.photovoyage.fr\/blog\/la-riviera-suisse\/\",\"url\":\"http:\/\/www.photovoyage.fr\/blog\/la-riviera-suisse\/\",\"name\":\"La Riviera Suisse - photovoyage.fr\",\"isPartOf\":{\"@id\":\"http:\/\/www.photovoyage.fr\/blog\/#website\"},\"primaryImageOfPage\":{\"@id\":\"http:\/\/www.photovoyage.fr\/blog\/la-riviera-suisse\/#primaryimage\"},\"image\":{\"@id\":\"http:\/\/www.photovoyage.fr\/blog\/la-riviera-suisse\/#primaryimage\"},\"thumbnailUrl\":\"http:\/\/www.photovoyage.fr\/blog\/wp-content\/uploads\/2014\/06\/9475565062_3c421f3a90_c.jpg\",\"datePublished\":\"2014-06-16T11:38:57+00:00\",\"dateModified\":\"2014-06-16T11:38:57+00:00\",\"breadcrumb\":{\"@id\":\"http:\/\/www.photovoyage.fr\/blog\/la-riviera-suisse\/#breadcrumb\"},\"inLanguage\":\"fr-FR\",\"potentialAction\":[{\"@type\":\"ReadAction\",\"target\":[\"http:\/\/www.photovoyage.fr\/blog\/la-riviera-suisse\/\"]}]},{\"@type\":\"ImageObject\",\"inLanguage\":\"fr-FR\",\"@id\":\"http:\/\/www.photovoyage.fr\/blog\/la-riviera-suisse\/#primaryimage\",\"url\":\"http:\/\/www.photovoyage.fr\/blog\/wp-content\/uploads\/2014\/06\/9475565062_3c421f3a90_c.jpg\",\"contentUrl\":\"http:\/\/www.photovoyage.fr\/blog\/wp-content\/uploads\/2014\/06\/9475565062_3c421f3a90_c.jpg\",\"width\":800,\"height\":534},{\"@type\":\"BreadcrumbList\",\"@id\":\"http:\/\/www.photovoyage.fr\/blog\/la-riviera-suisse\/#breadcrumb\",\"itemListElement\":[{\"@type\":\"ListItem\",\"position\":1,\"name\":\"Accueil\",\"item\":\"http:\/\/www.photovoyage.fr\/blog\/\"},{\"@type\":\"ListItem\",\"position\":2,\"name\":\"La Riviera Suisse\"}]},{\"@type\":\"WebSite\",\"@id\":\"http:\/\/www.photovoyage.fr\/blog\/#website\",\"url\":\"http:\/\/www.photovoyage.fr\/blog\/\",\"name\":\"photovoyage.fr\",\"description\":\"La passion de la photo et du voyage. Retrouvez ici nos r\u00e9cits de voyages et nos photos.\",\"publisher\":{\"@id\":\"http:\/\/www.photovoyage.fr\/blog\/#\/schema\/person\/a6600656ccdd05f7a4132987c28fc4ac\"},\"potentialAction\":[{\"@type\":\"SearchAction\",\"target\":{\"@type\":\"EntryPoint\",\"urlTemplate\":\"http:\/\/www.photovoyage.fr\/blog\/?s={search_term_string}\"},\"query-input\":{\"@type\":\"PropertyValueSpecification\",\"valueRequired\":true,\"valueName\":\"search_term_string\"}}],\"inLanguage\":\"fr-FR\"},{\"@type\":[\"Person\",\"Organization\"],\"@id\":\"http:\/\/www.photovoyage.fr\/blog\/#\/schema\/person\/a6600656ccdd05f7a4132987c28fc4ac\",\"name\":\"photovoyage\",\"image\":{\"@type\":\"ImageObject\",\"inLanguage\":\"fr-FR\",\"@id\":\"http:\/\/www.photovoyage.fr\/blog\/#\/schema\/person\/image\/\",\"url\":\"http:\/\/www.photovoyage.fr\/blog\/wp-content\/uploads\/2018\/04\/cropped-cropped-logo3.jpg\",\"contentUrl\":\"http:\/\/www.photovoyage.fr\/blog\/wp-content\/uploads\/2018\/04\/cropped-cropped-logo3.jpg\",\"width\":873,\"height\":111,\"caption\":\"photovoyage\"},\"logo\":{\"@id\":\"http:\/\/www.photovoyage.fr\/blog\/#\/schema\/person\/image\/\"}}]}<\/script>\n<!-- \/ Yoast SEO plugin. -->","yoast_head_json":{"title":"La Riviera Suisse - photovoyage.fr","robots":{"index":"index","follow":"follow","max-snippet":"max-snippet:-1","max-image-preview":"max-image-preview:large","max-video-preview":"max-video-preview:-1"},"canonical":"http:\/\/www.photovoyage.fr\/blog\/la-riviera-suisse\/","og_locale":"fr_FR","og_type":"article","og_title":"La Riviera Suisse - photovoyage.fr","og_description":"Nous vous emmenons d\u00e9couvrir la tr\u00e8s belle r\u00e9gion de Montreux, sur les bords du lac L\u00e9man.\u00a0 Cette jolie petite ville m\u00e9rite le d\u00e9tour. Vous y d\u00e9couvrirez notamment le ch\u00e2teau de Chillon, et pourrez monter en train \u00e0 cr\u00e9maill\u00e8re vers le Rocher de Naye. De l\u00e0 haut, la vue sur le lac L\u00e9man est imprenable !","og_url":"http:\/\/www.photovoyage.fr\/blog\/la-riviera-suisse\/","og_site_name":"photovoyage.fr","article_published_time":"2014-06-16T11:38:57+00:00","og_image":[{"width":800,"height":534,"url":"http:\/\/www.photovoyage.fr\/blog\/wp-content\/uploads\/2014\/06\/9475565062_3c421f3a90_c.jpg","type":"image\/jpeg"}],"author":"photovoyage","twitter_misc":{"\u00c9crit par":"photovoyage","Dur\u00e9e de lecture estim\u00e9e":"1 minute"},"schema":{"@context":"https:\/\/schema.org","@graph":[{"@type":"Article","@id":"http:\/\/www.photovoyage.fr\/blog\/la-riviera-suisse\/#article","isPartOf":{"@id":"http:\/\/www.photovoyage.fr\/blog\/la-riviera-suisse\/"},"author":{"name":"photovoyage","@id":"http:\/\/www.photovoyage.fr\/blog\/#\/schema\/person\/a6600656ccdd05f7a4132987c28fc4ac"},"headline":"La Riviera Suisse","datePublished":"2014-06-16T11:38:57+00:00","dateModified":"2014-06-16T11:38:57+00:00","mainEntityOfPage":{"@id":"http:\/\/www.photovoyage.fr\/blog\/la-riviera-suisse\/"},"wordCount":108,"commentCount":0,"publisher":{"@id":"http:\/\/www.photovoyage.fr\/blog\/#\/schema\/person\/a6600656ccdd05f7a4132987c28fc4ac"},"image":{"@id":"http:\/\/www.photovoyage.fr\/blog\/la-riviera-suisse\/#primaryimage"},"thumbnailUrl":"http:\/\/www.photovoyage.fr\/blog\/wp-content\/uploads\/2014\/06\/9475565062_3c421f3a90_c.jpg","keywords":["L\u00e9man","Suisse"],"articleSection":["Escapades"],"inLanguage":"fr-FR","potentialAction":[{"@type":"CommentAction","name":"Comment","target":["http:\/\/www.photovoyage.fr\/blog\/la-riviera-suisse\/#respond"]}]},{"@type":"WebPage","@id":"http:\/\/www.photovoyage.fr\/blog\/la-riviera-suisse\/","url":"http:\/\/www.photovoyage.fr\/blog\/la-riviera-suisse\/","name":"La Riviera Suisse - photovoyage.fr","isPartOf":{"@id":"http:\/\/www.photovoyage.fr\/blog\/#website"},"primaryImageOfPage":{"@id":"http:\/\/www.photovoyage.fr\/blog\/la-riviera-suisse\/#primaryimage"},"image":{"@id":"http:\/\/www.photovoyage.fr\/blog\/la-riviera-suisse\/#primaryimage"},"thumbnailUrl":"http:\/\/www.photovoyage.fr\/blog\/wp-content\/uploads\/2014\/06\/9475565062_3c421f3a90_c.jpg","datePublished":"2014-06-16T11:38:57+00:00","dateModified":"2014-06-16T11:38:57+00:00","breadcrumb":{"@id":"http:\/\/www.photovoyage.fr\/blog\/la-riviera-suisse\/#breadcrumb"},"inLanguage":"fr-FR","potentialAction":[{"@type":"ReadAction","target":["http:\/\/www.photovoyage.fr\/blog\/la-riviera-suisse\/"]}]},{"@type":"ImageObject","inLanguage":"fr-FR","@id":"http:\/\/www.photovoyage.fr\/blog\/la-riviera-suisse\/#primaryimage","url":"http:\/\/www.photovoyage.fr\/blog\/wp-content\/uploads\/2014\/06\/9475565062_3c421f3a90_c.jpg","contentUrl":"http:\/\/www.photovoyage.fr\/blog\/wp-content\/uploads\/2014\/06\/9475565062_3c421f3a90_c.jpg","width":800,"height":534},{"@type":"BreadcrumbList","@id":"http:\/\/www.photovoyage.fr\/blog\/la-riviera-suisse\/#breadcrumb","itemListElement":[{"@type":"ListItem","position":1,"name":"Accueil","item":"http:\/\/www.photovoyage.fr\/blog\/"},{"@type":"ListItem","position":2,"name":"La Riviera Suisse"}]},{"@type":"WebSite","@id":"http:\/\/www.photovoyage.fr\/blog\/#website","url":"http:\/\/www.photovoyage.fr\/blog\/","name":"photovoyage.fr","description":"La passion de la photo et du voyage. Retrouvez ici nos r\u00e9cits de voyages et nos photos.","publisher":{"@id":"http:\/\/www.photovoyage.fr\/blog\/#\/schema\/person\/a6600656ccdd05f7a4132987c28fc4ac"},"potentialAction":[{"@type":"SearchAction","target":{"@type":"EntryPoint","urlTemplate":"http:\/\/www.photovoyage.fr\/blog\/?s={search_term_string}"},"query-input":{"@type":"PropertyValueSpecification","valueRequired":true,"valueName":"search_term_string"}}],"inLanguage":"fr-FR"},{"@type":["Person","Organization"],"@id":"http:\/\/www.photovoyage.fr\/blog\/#\/schema\/person\/a6600656ccdd05f7a4132987c28fc4ac","name":"photovoyage","image":{"@type":"ImageObject","inLanguage":"fr-FR","@id":"http:\/\/www.photovoyage.fr\/blog\/#\/schema\/person\/image\/","url":"http:\/\/www.photovoyage.fr\/blog\/wp-content\/uploads\/2018\/04\/cropped-cropped-logo3.jpg","contentUrl":"http:\/\/www.photovoyage.fr\/blog\/wp-content\/uploads\/2018\/04\/cropped-cropped-logo3.jpg","width":873,"height":111,"caption":"photovoyage"},"logo":{"@id":"http:\/\/www.photovoyage.fr\/blog\/#\/schema\/person\/image\/"}}]}},"_links":{"self":[{"href":"http:\/\/www.photovoyage.fr\/blog\/wp-json\/wp\/v2\/posts\/406","targetHints":{"allow":["GET"]}}],"collection":[{"href":"http:\/\/www.photovoyage.fr\/blog\/wp-json\/wp\/v2\/posts"}],"about":[{"href":"http:\/\/www.photovoyage.fr\/blog\/wp-json\/wp\/v2\/types\/post"}],"author":[{"embeddable":true,"href":"http:\/\/www.photovoyage.fr\/blog\/wp-json\/wp\/v2\/users\/1"}],"replies":[{"embeddable":true,"href":"http:\/\/www.photovoyage.fr\/blog\/wp-json\/wp\/v2\/comments?post=406"}],"version-history":[{"count":0,"href":"http:\/\/www.photovoyage.fr\/blog\/wp-json\/wp\/v2\/posts\/406\/revisions"}],"wp:featuredmedia":[{"embeddable":true,"href":"http:\/\/www.photovoyage.fr\/blog\/wp-json\/wp\/v2\/media\/407"}],"wp:attachment":[{"href":"http:\/\/www.photovoyage.fr\/blog\/wp-json\/wp\/v2\/media?parent=406"}],"wp:term":[{"taxonomy":"category","embeddable":true,"href":"http:\/\/www.photovoyage.fr\/blog\/wp-json\/wp\/v2\/categories?post=406"},{"taxonomy":"post_tag","embeddable":true,"href":"http:\/\/www.photovoyage.fr\/blog\/wp-json\/wp\/v2\/tags?post=406"}],"curies":[{"name":"wp","href":"https:\/\/api.w.org\/{rel}","templated":true}]}}