{"id":4254,"date":"2020-05-21T19:52:08","date_gmt":"2020-05-21T18:52:08","guid":{"rendered":"http:\/\/www.photovoyage.fr\/blog\/?p=4254"},"modified":"2020-05-21T21:35:20","modified_gmt":"2020-05-21T20:35:20","slug":"randonnee-le-lac-darvouin","status":"publish","type":"post","link":"http:\/\/www.photovoyage.fr\/blog\/randonnee-le-lac-darvouin\/","title":{"rendered":"Randonn\u00e9e : le lac d&rsquo;Arvouin"},"content":{"rendered":"<div class=\"yzp-no-index\"><\/div>\n<h2 class=\"wp-block-heading\">Direction le lac d&rsquo;Arvouin !<\/h2>\n\n\n\n<p>Apr\u00e8s ces deux mois de confinement, rien de mieux que les balades en montagne pour se ressourcer et faire un peu d&rsquo;exercice. Nous prenons la direction de la vall\u00e9e d&rsquo;Abondance pour une randonn\u00e9e qui va nous emmener au lac d&rsquo;Arvouin, un petit lac naturel d&rsquo;origine glaciaire. Une balade tr\u00e8s sympa pour commencer en douceur cette saison.<\/p>\n\n\n\n<figure class=\"wp-block-image size-large is-resized\"><img loading=\"lazy\" decoding=\"async\" src=\"http:\/\/www.photovoyage.fr\/blog\/wp-content\/uploads\/2020\/05\/MG_2408-683x1024.jpg\" alt=\"Mont\u00e9e dans les bois\" class=\"wp-image-4292\" width=\"224\" height=\"336\" srcset=\"http:\/\/www.photovoyage.fr\/blog\/wp-content\/uploads\/2020\/05\/MG_2408-683x1024.jpg 683w, http:\/\/www.photovoyage.fr\/blog\/wp-content\/uploads\/2020\/05\/MG_2408-200x300.jpg 200w, http:\/\/www.photovoyage.fr\/blog\/wp-content\/uploads\/2020\/05\/MG_2408-768x1152.jpg 768w, http:\/\/www.photovoyage.fr\/blog\/wp-content\/uploads\/2020\/05\/MG_2408-1024x1536.jpg 1024w, http:\/\/www.photovoyage.fr\/blog\/wp-content\/uploads\/2020\/05\/MG_2408-1365x2048.jpg 1365w, http:\/\/www.photovoyage.fr\/blog\/wp-content\/uploads\/2020\/05\/MG_2408-1600x2400.jpg 1600w, http:\/\/www.photovoyage.fr\/blog\/wp-content\/uploads\/2020\/05\/MG_2408-780x1170.jpg 780w, http:\/\/www.photovoyage.fr\/blog\/wp-content\/uploads\/2020\/05\/MG_2408-scaled.jpg 1707w\" sizes=\"auto, (max-width: 224px) 100vw, 224px\" \/><figcaption>Mont\u00e9e dans les bois<\/figcaption><\/figure>\n\n\n\n<p> <\/p>\n\n\n\n<figure class=\"wp-block-image size-large\"><img loading=\"lazy\" decoding=\"async\" width=\"1024\" height=\"683\" src=\"http:\/\/www.photovoyage.fr\/blog\/wp-content\/uploads\/2020\/05\/MG_2409-1024x683.jpg\" alt=\"Magnifique vue\" class=\"wp-image-4293\" srcset=\"http:\/\/www.photovoyage.fr\/blog\/wp-content\/uploads\/2020\/05\/MG_2409-1024x683.jpg 1024w, http:\/\/www.photovoyage.fr\/blog\/wp-content\/uploads\/2020\/05\/MG_2409-300x200.jpg 300w, http:\/\/www.photovoyage.fr\/blog\/wp-content\/uploads\/2020\/05\/MG_2409-768x512.jpg 768w, http:\/\/www.photovoyage.fr\/blog\/wp-content\/uploads\/2020\/05\/MG_2409-1536x1024.jpg 1536w, http:\/\/www.photovoyage.fr\/blog\/wp-content\/uploads\/2020\/05\/MG_2409-2048x1365.jpg 2048w, http:\/\/www.photovoyage.fr\/blog\/wp-content\/uploads\/2020\/05\/MG_2409-1600x1067.jpg 1600w, http:\/\/www.photovoyage.fr\/blog\/wp-content\/uploads\/2020\/05\/MG_2409-780x520.jpg 780w\" sizes=\"auto, (max-width: 1024px) 100vw, 1024px\" \/><\/figure>\n\n\n\n<p>Le d\u00e9part s\u2019effectue au parking du lieu-dit Sevan devant. En venant d\u2019Abondance, emprunter la route \u00e0 gauche \u00e0 la sortie de La Chapelle-d\u2019Abondance et la suivre jusqu\u2019au terminus. Nous avons pour notre part pris le d\u00e9part un peu avant, au niveau de la pancarte qui indique 1H20 pour le lac.<\/p>\n\n\n\n<figure class=\"wp-block-image size-large\"><img loading=\"lazy\" decoding=\"async\" width=\"1000\" height=\"667\" src=\"http:\/\/www.photovoyage.fr\/blog\/wp-content\/uploads\/2020\/05\/small-2413.jpg\" alt=\"Lac d'Arvouin\" class=\"wp-image-4290\" srcset=\"http:\/\/www.photovoyage.fr\/blog\/wp-content\/uploads\/2020\/05\/small-2413.jpg 1000w, http:\/\/www.photovoyage.fr\/blog\/wp-content\/uploads\/2020\/05\/small-2413-300x200.jpg 300w, http:\/\/www.photovoyage.fr\/blog\/wp-content\/uploads\/2020\/05\/small-2413-768x512.jpg 768w, http:\/\/www.photovoyage.fr\/blog\/wp-content\/uploads\/2020\/05\/small-2413-780x520.jpg 780w\" sizes=\"auto, (max-width: 1000px) 100vw, 1000px\" \/><\/figure>\n\n\n\n<p>Pour le retour nous avons choisi de passer par Sevan puis de regagner la voiture en prenant la route. Cet itin\u00e9raire nous a permis de voir un tr\u00e8s beau panorama sur les Dents du Midi.<\/p>\n\n\n\n<figure class=\"wp-block-image size-large\"><img loading=\"lazy\" decoding=\"async\" width=\"1000\" height=\"363\" src=\"http:\/\/www.photovoyage.fr\/blog\/wp-content\/uploads\/2020\/05\/small-.jpg\" alt=\"\" class=\"wp-image-4275\" srcset=\"http:\/\/www.photovoyage.fr\/blog\/wp-content\/uploads\/2020\/05\/small-.jpg 1000w, http:\/\/www.photovoyage.fr\/blog\/wp-content\/uploads\/2020\/05\/small--300x109.jpg 300w, http:\/\/www.photovoyage.fr\/blog\/wp-content\/uploads\/2020\/05\/small--768x279.jpg 768w, http:\/\/www.photovoyage.fr\/blog\/wp-content\/uploads\/2020\/05\/small--780x283.jpg 780w\" sizes=\"auto, (max-width: 1000px) 100vw, 1000px\" \/><\/figure>\n\n\n\n<p><\/p>\n\n\n\n<p><strong>Coordonn\u00e9es GPS (WGS 84) du d\u00e9part<\/strong>&nbsp;:&nbsp;<a rel=\"noreferrer noopener\" href=\"https:\/\/goo.gl\/maps\/YAndkp1qEvUrGQzx6\" target=\"_blank\">46.305809, 6.818590<\/a><\/p>\n\n\n\n<p>L&rsquo;itin\u00e9raire :D\u00e9couvrez le d\u00e9tail de cette randonn\u00e9e pour la pointe et le lac d&rsquo;Arvouin : <a href=\"https:\/\/www.randos-montblanc.com\/facile\/pointe-de-vernaz-par-lac-arvouin.htmlhttps:\/\/www.randos-montblanc.com\/facile\/arvouin.html\">ici<\/a><\/p>\n\n\n\n<h2 class=\"wp-block-heading\">A faire dans les environs<\/h2>\n\n\n\nngg_shortcode_0_placeholder\n\n\n\n<p>Sur le chemin du retour, arr\u00eatez vous \u00e0 la fruiti\u00e8re de la Chapelle d&rsquo;Abondance (<a href=\"https:\/\/www.fruitiere-des-neiges.com\/fr\/\">https:\/\/www.fruitiere-des-neiges.com\/fr\/<\/a>) pour acheter le fameux fromage d&rsquo;Abondance AOP.<\/p>\n\n\n\n<p>Si vous cherchez d&rsquo;autres randonn\u00e9es dans ce secteur, vous trouverez ci-dessous nos randonn\u00e9es favorites :<\/p>\n\n\n\n<p>Le lac de Tavaneuse :<\/p>\n\n\n\n<p>Les Cornettes de Bise :<\/p>\n\n\n\n<h2 class=\"wp-block-heading\">Notre bonne adresse :<\/h2>\n\n\n\n<p>Et si vous cherchez un h\u00f4tel dans le coin pour d\u00e9couvrir la jolie vall\u00e9e d&rsquo;Abondance, pourquoi ne pas r\u00e9server au <a href=\"https:\/\/www.booking.com\/hotel\/fr\/le-marie-lydie.en.html?aid=1221594&amp;no_rooms=1&amp;group_adults=2\">Marie Lydie<\/a>. Un beau chalet, bien situ\u00e9 et ou vous pourrez \u00e9galement bien manger.<\/p>\n\n\n\n<figure class=\"wp-block-image size-large\"><img loading=\"lazy\" decoding=\"async\" width=\"821\" height=\"547\" src=\"http:\/\/www.photovoyage.fr\/blog\/wp-content\/uploads\/2020\/05\/popupTableDHotes.bandeau_photos_table.IMG_46091.jpg\" alt=\"\" class=\"wp-image-4258\" srcset=\"http:\/\/www.photovoyage.fr\/blog\/wp-content\/uploads\/2020\/05\/popupTableDHotes.bandeau_photos_table.IMG_46091.jpg 821w, http:\/\/www.photovoyage.fr\/blog\/wp-content\/uploads\/2020\/05\/popupTableDHotes.bandeau_photos_table.IMG_46091-300x200.jpg 300w, http:\/\/www.photovoyage.fr\/blog\/wp-content\/uploads\/2020\/05\/popupTableDHotes.bandeau_photos_table.IMG_46091-768x512.jpg 768w\" sizes=\"auto, (max-width: 821px) 100vw, 821px\" \/><\/figure>\n\n\n\n<p><\/p>\n","protected":false},"excerpt":{"rendered":"<p>Direction le lac d&rsquo;Arvouin ! Apr\u00e8s ces deux mois de confinement, rien de mieux que les balades en montagne pour se ressourcer et faire un peu d&rsquo;exercice. Nous prenons la direction de la vall\u00e9e d&rsquo;Abondance pour une randonn\u00e9e qui va nous emmener au lac d&rsquo;Arvouin, un petit lac naturel d&rsquo;origine glaciaire. Une balade tr\u00e8s sympa &hellip;<\/p>\n","protected":false},"author":1,"featured_media":4290,"comment_status":"open","ping_status":"open","sticky":false,"template":"","format":"standard","meta":{"ngg_post_thumbnail":0,"footnotes":""},"categories":[47,11],"tags":[209,93,151],"class_list":["post-4254","post","type-post","status-publish","format-standard","has-post-thumbnail","hentry","category-autour-de-chez-nous","category-escapades","tag-alpes","tag-montagne","tag-randonnee","entry entry-center"],"yoast_head":"<!-- This site is optimized with the Yoast SEO plugin v24.1 - https:\/\/yoast.com\/wordpress\/plugins\/seo\/ -->\n<title>Randonn\u00e9e : le lac d&#039;Arvouin - photovoyage.fr<\/title>\n<meta name=\"description\" content=\"Une tr\u00e8s belle balade \u00e0 faire en famille jusqu&#039;au lac naturel d&#039;Arvouin dans le massif de Bise au coeur de la vall\u00e9e d&#039;Abondance\" \/>\n<meta name=\"robots\" content=\"index, follow, max-snippet:-1, max-image-preview:large, max-video-preview:-1\" \/>\n<link rel=\"canonical\" href=\"http:\/\/www.photovoyage.fr\/blog\/randonnee-le-lac-darvouin\/\" \/>\n<meta property=\"og:locale\" content=\"fr_FR\" \/>\n<meta property=\"og:type\" content=\"article\" \/>\n<meta property=\"og:title\" content=\"Randonn\u00e9e : le lac d&#039;Arvouin - photovoyage.fr\" \/>\n<meta property=\"og:description\" content=\"Une tr\u00e8s belle balade \u00e0 faire en famille jusqu&#039;au lac naturel d&#039;Arvouin dans le massif de Bise au coeur de la vall\u00e9e d&#039;Abondance\" \/>\n<meta property=\"og:url\" content=\"http:\/\/www.photovoyage.fr\/blog\/randonnee-le-lac-darvouin\/\" \/>\n<meta property=\"og:site_name\" content=\"photovoyage.fr\" \/>\n<meta property=\"article:published_time\" content=\"2020-05-21T18:52:08+00:00\" \/>\n<meta property=\"article:modified_time\" content=\"2020-05-21T20:35:20+00:00\" \/>\n<meta property=\"og:image\" content=\"http:\/\/www.photovoyage.fr\/blog\/wp-content\/uploads\/2020\/05\/small-2413.jpg\" \/>\n\t<meta property=\"og:image:width\" content=\"1000\" \/>\n\t<meta property=\"og:image:height\" content=\"667\" \/>\n\t<meta property=\"og:image:type\" content=\"image\/jpeg\" \/>\n<meta name=\"author\" content=\"photovoyage\" \/>\n<meta name=\"twitter:label1\" content=\"\u00c9crit par\" \/>\n\t<meta name=\"twitter:data1\" content=\"photovoyage\" \/>\n\t<meta name=\"twitter:label2\" content=\"Dur\u00e9e de lecture estim\u00e9e\" \/>\n\t<meta name=\"twitter:data2\" content=\"1 minute\" \/>\n<script type=\"application\/ld+json\" class=\"yoast-schema-graph\">{\"@context\":\"https:\/\/schema.org\",\"@graph\":[{\"@type\":\"Article\",\"@id\":\"http:\/\/www.photovoyage.fr\/blog\/randonnee-le-lac-darvouin\/#article\",\"isPartOf\":{\"@id\":\"http:\/\/www.photovoyage.fr\/blog\/randonnee-le-lac-darvouin\/\"},\"author\":{\"name\":\"photovoyage\",\"@id\":\"http:\/\/www.photovoyage.fr\/blog\/#\/schema\/person\/a6600656ccdd05f7a4132987c28fc4ac\"},\"headline\":\"Randonn\u00e9e : le lac d&rsquo;Arvouin\",\"datePublished\":\"2020-05-21T18:52:08+00:00\",\"dateModified\":\"2020-05-21T20:35:20+00:00\",\"mainEntityOfPage\":{\"@id\":\"http:\/\/www.photovoyage.fr\/blog\/randonnee-le-lac-darvouin\/\"},\"wordCount\":299,\"commentCount\":0,\"publisher\":{\"@id\":\"http:\/\/www.photovoyage.fr\/blog\/#\/schema\/person\/a6600656ccdd05f7a4132987c28fc4ac\"},\"image\":{\"@id\":\"http:\/\/www.photovoyage.fr\/blog\/randonnee-le-lac-darvouin\/#primaryimage\"},\"thumbnailUrl\":\"http:\/\/www.photovoyage.fr\/blog\/wp-content\/uploads\/2020\/05\/small-2413.jpg\",\"keywords\":[\"Alpes\",\"Montagne\",\"Randonn\u00e9e\"],\"articleSection\":[\"Autour de chez nous\",\"Escapades\"],\"inLanguage\":\"fr-FR\",\"potentialAction\":[{\"@type\":\"CommentAction\",\"name\":\"Comment\",\"target\":[\"http:\/\/www.photovoyage.fr\/blog\/randonnee-le-lac-darvouin\/#respond\"]}]},{\"@type\":\"WebPage\",\"@id\":\"http:\/\/www.photovoyage.fr\/blog\/randonnee-le-lac-darvouin\/\",\"url\":\"http:\/\/www.photovoyage.fr\/blog\/randonnee-le-lac-darvouin\/\",\"name\":\"Randonn\u00e9e : le lac d'Arvouin - photovoyage.fr\",\"isPartOf\":{\"@id\":\"http:\/\/www.photovoyage.fr\/blog\/#website\"},\"primaryImageOfPage\":{\"@id\":\"http:\/\/www.photovoyage.fr\/blog\/randonnee-le-lac-darvouin\/#primaryimage\"},\"image\":{\"@id\":\"http:\/\/www.photovoyage.fr\/blog\/randonnee-le-lac-darvouin\/#primaryimage\"},\"thumbnailUrl\":\"http:\/\/www.photovoyage.fr\/blog\/wp-content\/uploads\/2020\/05\/small-2413.jpg\",\"datePublished\":\"2020-05-21T18:52:08+00:00\",\"dateModified\":\"2020-05-21T20:35:20+00:00\",\"description\":\"Une tr\u00e8s belle balade \u00e0 faire en famille jusqu'au lac naturel d'Arvouin dans le massif de Bise au coeur de la vall\u00e9e d'Abondance\",\"breadcrumb\":{\"@id\":\"http:\/\/www.photovoyage.fr\/blog\/randonnee-le-lac-darvouin\/#breadcrumb\"},\"inLanguage\":\"fr-FR\",\"potentialAction\":[{\"@type\":\"ReadAction\",\"target\":[\"http:\/\/www.photovoyage.fr\/blog\/randonnee-le-lac-darvouin\/\"]}]},{\"@type\":\"ImageObject\",\"inLanguage\":\"fr-FR\",\"@id\":\"http:\/\/www.photovoyage.fr\/blog\/randonnee-le-lac-darvouin\/#primaryimage\",\"url\":\"http:\/\/www.photovoyage.fr\/blog\/wp-content\/uploads\/2020\/05\/small-2413.jpg\",\"contentUrl\":\"http:\/\/www.photovoyage.fr\/blog\/wp-content\/uploads\/2020\/05\/small-2413.jpg\",\"width\":1000,\"height\":667,\"caption\":\"Lac d'Arvouin\"},{\"@type\":\"BreadcrumbList\",\"@id\":\"http:\/\/www.photovoyage.fr\/blog\/randonnee-le-lac-darvouin\/#breadcrumb\",\"itemListElement\":[{\"@type\":\"ListItem\",\"position\":1,\"name\":\"Accueil\",\"item\":\"http:\/\/www.photovoyage.fr\/blog\/\"},{\"@type\":\"ListItem\",\"position\":2,\"name\":\"Randonn\u00e9e : le lac d&rsquo;Arvouin\"}]},{\"@type\":\"WebSite\",\"@id\":\"http:\/\/www.photovoyage.fr\/blog\/#website\",\"url\":\"http:\/\/www.photovoyage.fr\/blog\/\",\"name\":\"photovoyage.fr\",\"description\":\"La passion de la photo et du voyage. Retrouvez ici nos r\u00e9cits de voyages et nos photos.\",\"publisher\":{\"@id\":\"http:\/\/www.photovoyage.fr\/blog\/#\/schema\/person\/a6600656ccdd05f7a4132987c28fc4ac\"},\"potentialAction\":[{\"@type\":\"SearchAction\",\"target\":{\"@type\":\"EntryPoint\",\"urlTemplate\":\"http:\/\/www.photovoyage.fr\/blog\/?s={search_term_string}\"},\"query-input\":{\"@type\":\"PropertyValueSpecification\",\"valueRequired\":true,\"valueName\":\"search_term_string\"}}],\"inLanguage\":\"fr-FR\"},{\"@type\":[\"Person\",\"Organization\"],\"@id\":\"http:\/\/www.photovoyage.fr\/blog\/#\/schema\/person\/a6600656ccdd05f7a4132987c28fc4ac\",\"name\":\"photovoyage\",\"image\":{\"@type\":\"ImageObject\",\"inLanguage\":\"fr-FR\",\"@id\":\"http:\/\/www.photovoyage.fr\/blog\/#\/schema\/person\/image\/\",\"url\":\"http:\/\/www.photovoyage.fr\/blog\/wp-content\/uploads\/2018\/04\/cropped-cropped-logo3.jpg\",\"contentUrl\":\"http:\/\/www.photovoyage.fr\/blog\/wp-content\/uploads\/2018\/04\/cropped-cropped-logo3.jpg\",\"width\":873,\"height\":111,\"caption\":\"photovoyage\"},\"logo\":{\"@id\":\"http:\/\/www.photovoyage.fr\/blog\/#\/schema\/person\/image\/\"}}]}<\/script>\n<!-- \/ Yoast SEO plugin. -->","yoast_head_json":{"title":"Randonn\u00e9e : le lac d'Arvouin - photovoyage.fr","description":"Une tr\u00e8s belle balade \u00e0 faire en famille jusqu'au lac naturel d'Arvouin dans le massif de Bise au coeur de la vall\u00e9e d'Abondance","robots":{"index":"index","follow":"follow","max-snippet":"max-snippet:-1","max-image-preview":"max-image-preview:large","max-video-preview":"max-video-preview:-1"},"canonical":"http:\/\/www.photovoyage.fr\/blog\/randonnee-le-lac-darvouin\/","og_locale":"fr_FR","og_type":"article","og_title":"Randonn\u00e9e : le lac d'Arvouin - photovoyage.fr","og_description":"Une tr\u00e8s belle balade \u00e0 faire en famille jusqu'au lac naturel d'Arvouin dans le massif de Bise au coeur de la vall\u00e9e d'Abondance","og_url":"http:\/\/www.photovoyage.fr\/blog\/randonnee-le-lac-darvouin\/","og_site_name":"photovoyage.fr","article_published_time":"2020-05-21T18:52:08+00:00","article_modified_time":"2020-05-21T20:35:20+00:00","og_image":[{"width":1000,"height":667,"url":"http:\/\/www.photovoyage.fr\/blog\/wp-content\/uploads\/2020\/05\/small-2413.jpg","type":"image\/jpeg"}],"author":"photovoyage","twitter_misc":{"\u00c9crit par":"photovoyage","Dur\u00e9e de lecture estim\u00e9e":"1 minute"},"schema":{"@context":"https:\/\/schema.org","@graph":[{"@type":"Article","@id":"http:\/\/www.photovoyage.fr\/blog\/randonnee-le-lac-darvouin\/#article","isPartOf":{"@id":"http:\/\/www.photovoyage.fr\/blog\/randonnee-le-lac-darvouin\/"},"author":{"name":"photovoyage","@id":"http:\/\/www.photovoyage.fr\/blog\/#\/schema\/person\/a6600656ccdd05f7a4132987c28fc4ac"},"headline":"Randonn\u00e9e : le lac d&rsquo;Arvouin","datePublished":"2020-05-21T18:52:08+00:00","dateModified":"2020-05-21T20:35:20+00:00","mainEntityOfPage":{"@id":"http:\/\/www.photovoyage.fr\/blog\/randonnee-le-lac-darvouin\/"},"wordCount":299,"commentCount":0,"publisher":{"@id":"http:\/\/www.photovoyage.fr\/blog\/#\/schema\/person\/a6600656ccdd05f7a4132987c28fc4ac"},"image":{"@id":"http:\/\/www.photovoyage.fr\/blog\/randonnee-le-lac-darvouin\/#primaryimage"},"thumbnailUrl":"http:\/\/www.photovoyage.fr\/blog\/wp-content\/uploads\/2020\/05\/small-2413.jpg","keywords":["Alpes","Montagne","Randonn\u00e9e"],"articleSection":["Autour de chez nous","Escapades"],"inLanguage":"fr-FR","potentialAction":[{"@type":"CommentAction","name":"Comment","target":["http:\/\/www.photovoyage.fr\/blog\/randonnee-le-lac-darvouin\/#respond"]}]},{"@type":"WebPage","@id":"http:\/\/www.photovoyage.fr\/blog\/randonnee-le-lac-darvouin\/","url":"http:\/\/www.photovoyage.fr\/blog\/randonnee-le-lac-darvouin\/","name":"Randonn\u00e9e : le lac d'Arvouin - photovoyage.fr","isPartOf":{"@id":"http:\/\/www.photovoyage.fr\/blog\/#website"},"primaryImageOfPage":{"@id":"http:\/\/www.photovoyage.fr\/blog\/randonnee-le-lac-darvouin\/#primaryimage"},"image":{"@id":"http:\/\/www.photovoyage.fr\/blog\/randonnee-le-lac-darvouin\/#primaryimage"},"thumbnailUrl":"http:\/\/www.photovoyage.fr\/blog\/wp-content\/uploads\/2020\/05\/small-2413.jpg","datePublished":"2020-05-21T18:52:08+00:00","dateModified":"2020-05-21T20:35:20+00:00","description":"Une tr\u00e8s belle balade \u00e0 faire en famille jusqu'au lac naturel d'Arvouin dans le massif de Bise au coeur de la vall\u00e9e d'Abondance","breadcrumb":{"@id":"http:\/\/www.photovoyage.fr\/blog\/randonnee-le-lac-darvouin\/#breadcrumb"},"inLanguage":"fr-FR","potentialAction":[{"@type":"ReadAction","target":["http:\/\/www.photovoyage.fr\/blog\/randonnee-le-lac-darvouin\/"]}]},{"@type":"ImageObject","inLanguage":"fr-FR","@id":"http:\/\/www.photovoyage.fr\/blog\/randonnee-le-lac-darvouin\/#primaryimage","url":"http:\/\/www.photovoyage.fr\/blog\/wp-content\/uploads\/2020\/05\/small-2413.jpg","contentUrl":"http:\/\/www.photovoyage.fr\/blog\/wp-content\/uploads\/2020\/05\/small-2413.jpg","width":1000,"height":667,"caption":"Lac d'Arvouin"},{"@type":"BreadcrumbList","@id":"http:\/\/www.photovoyage.fr\/blog\/randonnee-le-lac-darvouin\/#breadcrumb","itemListElement":[{"@type":"ListItem","position":1,"name":"Accueil","item":"http:\/\/www.photovoyage.fr\/blog\/"},{"@type":"ListItem","position":2,"name":"Randonn\u00e9e : le lac d&rsquo;Arvouin"}]},{"@type":"WebSite","@id":"http:\/\/www.photovoyage.fr\/blog\/#website","url":"http:\/\/www.photovoyage.fr\/blog\/","name":"photovoyage.fr","description":"La passion de la photo et du voyage. Retrouvez ici nos r\u00e9cits de voyages et nos photos.","publisher":{"@id":"http:\/\/www.photovoyage.fr\/blog\/#\/schema\/person\/a6600656ccdd05f7a4132987c28fc4ac"},"potentialAction":[{"@type":"SearchAction","target":{"@type":"EntryPoint","urlTemplate":"http:\/\/www.photovoyage.fr\/blog\/?s={search_term_string}"},"query-input":{"@type":"PropertyValueSpecification","valueRequired":true,"valueName":"search_term_string"}}],"inLanguage":"fr-FR"},{"@type":["Person","Organization"],"@id":"http:\/\/www.photovoyage.fr\/blog\/#\/schema\/person\/a6600656ccdd05f7a4132987c28fc4ac","name":"photovoyage","image":{"@type":"ImageObject","inLanguage":"fr-FR","@id":"http:\/\/www.photovoyage.fr\/blog\/#\/schema\/person\/image\/","url":"http:\/\/www.photovoyage.fr\/blog\/wp-content\/uploads\/2018\/04\/cropped-cropped-logo3.jpg","contentUrl":"http:\/\/www.photovoyage.fr\/blog\/wp-content\/uploads\/2018\/04\/cropped-cropped-logo3.jpg","width":873,"height":111,"caption":"photovoyage"},"logo":{"@id":"http:\/\/www.photovoyage.fr\/blog\/#\/schema\/person\/image\/"}}]}},"_links":{"self":[{"href":"http:\/\/www.photovoyage.fr\/blog\/wp-json\/wp\/v2\/posts\/4254","targetHints":{"allow":["GET"]}}],"collection":[{"href":"http:\/\/www.photovoyage.fr\/blog\/wp-json\/wp\/v2\/posts"}],"about":[{"href":"http:\/\/www.photovoyage.fr\/blog\/wp-json\/wp\/v2\/types\/post"}],"author":[{"embeddable":true,"href":"http:\/\/www.photovoyage.fr\/blog\/wp-json\/wp\/v2\/users\/1"}],"replies":[{"embeddable":true,"href":"http:\/\/www.photovoyage.fr\/blog\/wp-json\/wp\/v2\/comments?post=4254"}],"version-history":[{"count":12,"href":"http:\/\/www.photovoyage.fr\/blog\/wp-json\/wp\/v2\/posts\/4254\/revisions"}],"predecessor-version":[{"id":4298,"href":"http:\/\/www.photovoyage.fr\/blog\/wp-json\/wp\/v2\/posts\/4254\/revisions\/4298"}],"wp:featuredmedia":[{"embeddable":true,"href":"http:\/\/www.photovoyage.fr\/blog\/wp-json\/wp\/v2\/media\/4290"}],"wp:attachment":[{"href":"http:\/\/www.photovoyage.fr\/blog\/wp-json\/wp\/v2\/media?parent=4254"}],"wp:term":[{"taxonomy":"category","embeddable":true,"href":"http:\/\/www.photovoyage.fr\/blog\/wp-json\/wp\/v2\/categories?post=4254"},{"taxonomy":"post_tag","embeddable":true,"href":"http:\/\/www.photovoyage.fr\/blog\/wp-json\/wp\/v2\/tags?post=4254"}],"curies":[{"name":"wp","href":"https:\/\/api.w.org\/{rel}","templated":true}]}}