{"id":428,"date":"2014-08-30T19:13:31","date_gmt":"2014-08-30T18:13:31","guid":{"rendered":"http:\/\/www.photovoyage.fr\/blog\/?p=428"},"modified":"2015-12-05T14:51:29","modified_gmt":"2015-12-05T13:51:29","slug":"la-riviera-du-levant-et-les-5-terres","status":"publish","type":"post","link":"http:\/\/www.photovoyage.fr\/blog\/la-riviera-du-levant-et-les-5-terres\/","title":{"rendered":"La Riviera du Levant et les Cinque Terre"},"content":{"rendered":"<div class=\"yzp-no-index\"><\/div><p>Nouvel \u00e9pisode dans notre s\u00e9rie d&rsquo;escapades en Italie. Cette ann\u00e9e, nous avons mis le cap sur une r\u00e9gion de la c\u00f4te ligure : la riviera du Levant. C&rsquo;est la partie de la c\u00f4te situ\u00e9e apr\u00e8s G\u00e8nes. Cette magnifique r\u00e9gion poss\u00e8de des villages de toute beaut\u00e9 comme le plus illustre d&rsquo;entre eux : Portofino<\/p>\n<figure id=\"attachment_445\" aria-describedby=\"caption-attachment-445\" style=\"width: 2048px\" class=\"wp-caption alignnone\"><a href=\"http:\/\/www.photovoyage.fr\/blog\/wp-content\/uploads\/2014\/08\/14982770945_005b8b8963_k.jpg\"><img loading=\"lazy\" decoding=\"async\" class=\"wp-image-445 size-full\" title=\"Portofino\" src=\"http:\/\/www.photovoyage.fr\/blog\/wp-content\/uploads\/2014\/08\/14982770945_005b8b8963_k.jpg\" alt=\"Panorama de Portofino\" width=\"2048\" height=\"804\" srcset=\"http:\/\/www.photovoyage.fr\/blog\/wp-content\/uploads\/2014\/08\/14982770945_005b8b8963_k.jpg 2048w, http:\/\/www.photovoyage.fr\/blog\/wp-content\/uploads\/2014\/08\/14982770945_005b8b8963_k-300x117.jpg 300w, http:\/\/www.photovoyage.fr\/blog\/wp-content\/uploads\/2014\/08\/14982770945_005b8b8963_k-1024x402.jpg 1024w\" sizes=\"auto, (max-width: 2048px) 100vw, 2048px\" \/><\/a><figcaption id=\"caption-attachment-445\" class=\"wp-caption-text\">Panorama de Portofino<\/figcaption><\/figure>\n<p>Pr\u00eat \u00e0 nous suivre dans notre d\u00e9couverte de cette partie de l&rsquo;Italie ?<\/p>\n<p>Nous avons fait notre premi\u00e8re halte aux portes du parc naturel de Portofino, dans le village de Camogli. Ce village de p\u00eacheurs est un tr\u00e8s joli village, authentique, et beaucoup moins pris\u00e9 que son prestigieux voisin, \u00a0d&rsquo;o\u00f9 il est possible de faire des excursions vers Portofino. Il est possible ainsi de se rendre en moins d&rsquo;une heure \u00e0 Punta Chappa.<\/p>\n<figure style=\"width: 800px\" class=\"wp-caption alignnone\"><img loading=\"lazy\" decoding=\"async\" class=\"ngg-singlepic ngg-none\" title=\"Plage de Camogli\" src=\"http:\/\/www.photovoyage.fr\/blog\/wp-content\/gallery\/riviera-du-ponant\/MG_2780_ret-Copier.jpg\" alt=\"Plage de Camogli\" width=\"800\" height=\"516\" \/><figcaption class=\"wp-caption-text\">Une vue plongeante sur la plage de Camogli<\/figcaption><\/figure>\n<p><!--more--><\/p>\n<p>Ensuite, nous avons pass\u00e9 notre premi\u00e8re nuit \u00e0 Chiavari. Cette petite ville assez proche de Portofino est un bon point d&rsquo;ancrage pour visiter la r\u00e9gion. Nous avons ainsi pu nous rendre assez facilement \u00e0 Portofino, gr\u00e2ce \u00e0 la navette du B&amp;B o\u00f9 nous avons s\u00e9journ\u00e9.<\/p>\n<p>Nous sommes pass\u00e9s d&rsquo;abord par Santa Margherita. Cette petite ville est tr\u00e8s fr\u00e9quent\u00e9e et elle est un point de passage oblig\u00e9 pour se rendre \u00e0 Portofino. Ce village de p\u00e9cheurs mondialement connu est beaucoup plus petit. Les gros yachts qui y sont appont\u00e9s \u00a0paraissent m\u00eame disproportionn\u00e9s et g\u00e2chent un peu le charme de ce village aux facades color\u00e9es. La promenade qui nous am\u00e8ne au ch\u00e2teau puis sur les hauteurs de Portofino est tr\u00e8s agr\u00e9able.<\/p>\n<figure style=\"width: 800px\" class=\"wp-caption alignnone\"><img loading=\"lazy\" decoding=\"async\" class=\"ngg-singlepic ngg-none\" title=\"Hauteurs de Portofino\" src=\"http:\/\/www.photovoyage.fr\/blog\/wp-content\/gallery\/riviera-du-ponant\/MG_2833_ret-Copier.jpg\" alt=\"Portofino 2\" width=\"800\" height=\"533\" \/><figcaption class=\"wp-caption-text\">Vue de Portofino<\/figcaption><\/figure>\n<p>Pour la suite de nos vacances, nous avons ensuite \u00e9tabli notre \u00ab\u00a0camp de base\u00a0\u00bb \u00e0 Lerici. Cette petite ville est id\u00e9alement situ\u00e9e dans le golfe des Po\u00e8tes, face au village de Porto V\u00e9n\u00e9r\u00e9 class\u00e9 au patrimoine de l&rsquo;Unesco. La m\u00e9t\u00e9o ne nous a malheureusement pas permis de nous y rendre. En effet, les b\u00e2teaux ne naviguent pas lorsque la mer est trop forte. Peut \u00eatre est il judicieux de se renseigner la veille.<\/p>\n<p>Nous avons donc laiss\u00e9 le bateau pour visiter les 5 Terres (Cinque Terre) en train. Au d\u00e9part \u00e0 la Spezia nous ne sommes malheureusement pas les seuls. Il faut dire que cette r\u00e9gion est superbe. Les montagnes, parsem\u00e9es de vignes tombent litt\u00e9ralement dans la M\u00e9diterran\u00e9e. Diss\u00e9min\u00e9s ici et l\u00e0, des villages aux facades color\u00e9es, et aux volets verts apportent une dimension suppl\u00e9mentaire. Riomaggiore, Manarola, Monterosso, Vernazza et Corniglia.<\/p>\n<p>Ces 5 villages, ces 5 \u00ab\u00a0terres\u00a0\u00bb ont chacun leur\u00a0caract\u00e8re. Nous n&rsquo;avons malheureusement pas eu le temps pour tous les visiter. Nous avons commenc\u00e9 par Riomaggiore. Ce village de p\u00eacheurs construit \u00e0 flanc de colline est un peu la \u00ab\u00a0capitale de 5 Terres, et un passage oblig\u00e9. Pourtant ce n&rsquo;est pas notre pr\u00e9f\u00e9r\u00e9. Il faut avouer que pour mieux appr\u00e9hender Riomaggiore, il vaut mieux arriver en bateau.<\/p>\n<figure style=\"width: 800px\" class=\"wp-caption alignnone\"><img loading=\"lazy\" decoding=\"async\" class=\"ngg-singlepic ngg-none\" title=\"Village de Riomaggiore\" src=\"http:\/\/www.photovoyage.fr\/blog\/wp-content\/gallery\/riviera-du-ponant\/MG_3248-Copier.JPG\" alt=\"Riomaggiore\" width=\"800\" height=\"533\" \/><figcaption class=\"wp-caption-text\">Riomaggiore dans les 5 Terres<\/figcaption><\/figure>\n<p>Nous avons pr\u00e9f\u00e9r\u00e9 pour notre part le voisin Manarola. En montant sur les hauteurs, on a une tr\u00e8s jolie vue sur le village et les vignes avoisinantes.<\/p>\n<figure style=\"width: 800px\" class=\"wp-caption alignnone\"><img loading=\"lazy\" decoding=\"async\" class=\"ngg-singlepic ngg-none\" title=\"Village de Manarola\" src=\"http:\/\/www.photovoyage.fr\/blog\/wp-content\/gallery\/riviera-du-ponant\/MG_3282-Copier.JPG\" alt=\"Manarola\" width=\"800\" height=\"533\" \/><figcaption class=\"wp-caption-text\">Manarola dans les 5 Terres<\/figcaption><\/figure>\n<p>Le dernier village que vous avons visit\u00e9 fut Vernazza. Tr\u00e8s endommag\u00e9 en 2011 lors des coul\u00e9es de boue, il garde quand m\u00eame son charme, avec ses maisons color\u00e9es autour d&rsquo;une petite anse avec son port. On a beaucoup aim\u00e9 et on ne peut que regretter de ne pas avoir pu visiter Corniglia et Monterosso.<\/p>\n<p><!-- index.php -->\n<div\n\tclass=\"ngg-galleryoverview\n\t ngg-ajax-pagination-none\t\"\n\tid=\"ngg-gallery-e796d22af87d995d1c5d65c322af3842-1\">\n\n\t\t<div class=\"slideshowlink\">\n\t\t<a href='http:\/\/www.photovoyage.fr\/blog\/la-riviera-du-levant-et-les-5-terres\/nggallery\/slideshow'>[Show slideshow]<\/a>\n\t\t\n\t<\/div>\n\t\t\t<!-- Thumbnails -->\n\t\t\t\t<div id=\"ngg-image-0\" class=\"ngg-gallery-thumbnail-box\" \n\t\t\t\t\t\t\t\t\t\t\t>\n\t\t\t\t\t\t<div class=\"ngg-gallery-thumbnail\">\n\t\t\t<a href=\"http:\/\/www.photovoyage.fr\/blog\/wp-content\/gallery\/riviera-du-ponant\/MG_2775-Copier.JPG\"\n\t\t\t\ttitle=\"\"\n\t\t\t\tdata-src=\"http:\/\/www.photovoyage.fr\/blog\/wp-content\/gallery\/riviera-du-ponant\/MG_2775-Copier.JPG\"\n\t\t\t\tdata-thumbnail=\"http:\/\/www.photovoyage.fr\/blog\/wp-content\/gallery\/riviera-du-ponant\/thumbs\/thumbs_MG_2775-Copier.JPG\"\n\t\t\t\tdata-image-id=\"107\"\n\t\t\t\tdata-title=\"Camogli\"\n\t\t\t\tdata-description=\"\"\n\t\t\t\tdata-image-slug=\"camogli-4\"\n\t\t\t\tclass=\"ngg-fancybox\" rel=\"e796d22af87d995d1c5d65c322af3842\">\n\t\t\t\t<img\n\t\t\t\t\ttitle=\"Camogli\"\n\t\t\t\t\talt=\"Camogli\"\n\t\t\t\t\tsrc=\"http:\/\/www.photovoyage.fr\/blog\/wp-content\/gallery\/riviera-du-ponant\/thumbs\/thumbs_MG_2775-Copier.JPG\"\n\t\t\t\t\twidth=\"120\"\n\t\t\t\t\theight=\"90\"\n\t\t\t\t\tstyle=\"max-width:100%;\"\n\t\t\t\t\/>\n\t\t\t<\/a>\n\t\t<\/div>\n\t\t\t\t\t\t\t<\/div> \n\t\t\t\n\t\t\n\t\t\t\t<div id=\"ngg-image-1\" class=\"ngg-gallery-thumbnail-box\" \n\t\t\t\t\t\t\t\t\t\t\t>\n\t\t\t\t\t\t<div class=\"ngg-gallery-thumbnail\">\n\t\t\t<a href=\"http:\/\/www.photovoyage.fr\/blog\/wp-content\/gallery\/riviera-du-ponant\/MG_2780_ret-Copier.jpg\"\n\t\t\t\ttitle=\"\"\n\t\t\t\tdata-src=\"http:\/\/www.photovoyage.fr\/blog\/wp-content\/gallery\/riviera-du-ponant\/MG_2780_ret-Copier.jpg\"\n\t\t\t\tdata-thumbnail=\"http:\/\/www.photovoyage.fr\/blog\/wp-content\/gallery\/riviera-du-ponant\/thumbs\/thumbs_MG_2780_ret-Copier.jpg\"\n\t\t\t\tdata-image-id=\"108\"\n\t\t\t\tdata-title=\"Plage de Camogli\"\n\t\t\t\tdata-description=\"\"\n\t\t\t\tdata-image-slug=\"plage-de-camogli-4\"\n\t\t\t\tclass=\"ngg-fancybox\" rel=\"e796d22af87d995d1c5d65c322af3842\">\n\t\t\t\t<img\n\t\t\t\t\ttitle=\"Plage de Camogli\"\n\t\t\t\t\talt=\"Plage de Camogli\"\n\t\t\t\t\tsrc=\"http:\/\/www.photovoyage.fr\/blog\/wp-content\/gallery\/riviera-du-ponant\/thumbs\/thumbs_MG_2780_ret-Copier.jpg\"\n\t\t\t\t\twidth=\"120\"\n\t\t\t\t\theight=\"90\"\n\t\t\t\t\tstyle=\"max-width:100%;\"\n\t\t\t\t\/>\n\t\t\t<\/a>\n\t\t<\/div>\n\t\t\t\t\t\t\t<\/div> \n\t\t\t\n\t\t\n\t\t\t\t<div id=\"ngg-image-2\" class=\"ngg-gallery-thumbnail-box\" \n\t\t\t\t\t\t\t\t\t\t\t>\n\t\t\t\t\t\t<div class=\"ngg-gallery-thumbnail\">\n\t\t\t<a href=\"http:\/\/www.photovoyage.fr\/blog\/wp-content\/gallery\/riviera-du-ponant\/MG_2832_ret-Copier.jpg\"\n\t\t\t\ttitle=\"\"\n\t\t\t\tdata-src=\"http:\/\/www.photovoyage.fr\/blog\/wp-content\/gallery\/riviera-du-ponant\/MG_2832_ret-Copier.jpg\"\n\t\t\t\tdata-thumbnail=\"http:\/\/www.photovoyage.fr\/blog\/wp-content\/gallery\/riviera-du-ponant\/thumbs\/thumbs_MG_2832_ret-Copier.jpg\"\n\t\t\t\tdata-image-id=\"109\"\n\t\t\t\tdata-title=\"Portofino\"\n\t\t\t\tdata-description=\"\"\n\t\t\t\tdata-image-slug=\"portofino-7\"\n\t\t\t\tclass=\"ngg-fancybox\" rel=\"e796d22af87d995d1c5d65c322af3842\">\n\t\t\t\t<img\n\t\t\t\t\ttitle=\"Portofino\"\n\t\t\t\t\talt=\"Portofino\"\n\t\t\t\t\tsrc=\"http:\/\/www.photovoyage.fr\/blog\/wp-content\/gallery\/riviera-du-ponant\/thumbs\/thumbs_MG_2832_ret-Copier.jpg\"\n\t\t\t\t\twidth=\"120\"\n\t\t\t\t\theight=\"90\"\n\t\t\t\t\tstyle=\"max-width:100%;\"\n\t\t\t\t\/>\n\t\t\t<\/a>\n\t\t<\/div>\n\t\t\t\t\t\t\t<\/div> \n\t\t\t\n\t\t\n\t\t\t\t<div id=\"ngg-image-3\" class=\"ngg-gallery-thumbnail-box\" \n\t\t\t\t\t\t\t\t\t\t\t>\n\t\t\t\t\t\t<div class=\"ngg-gallery-thumbnail\">\n\t\t\t<a href=\"http:\/\/www.photovoyage.fr\/blog\/wp-content\/gallery\/riviera-du-ponant\/MG_2833_ret-Copier.jpg\"\n\t\t\t\ttitle=\"\"\n\t\t\t\tdata-src=\"http:\/\/www.photovoyage.fr\/blog\/wp-content\/gallery\/riviera-du-ponant\/MG_2833_ret-Copier.jpg\"\n\t\t\t\tdata-thumbnail=\"http:\/\/www.photovoyage.fr\/blog\/wp-content\/gallery\/riviera-du-ponant\/thumbs\/thumbs_MG_2833_ret-Copier.jpg\"\n\t\t\t\tdata-image-id=\"110\"\n\t\t\t\tdata-title=\"Portofino 2\"\n\t\t\t\tdata-description=\"\"\n\t\t\t\tdata-image-slug=\"portofino-2-4\"\n\t\t\t\tclass=\"ngg-fancybox\" rel=\"e796d22af87d995d1c5d65c322af3842\">\n\t\t\t\t<img\n\t\t\t\t\ttitle=\"Portofino 2\"\n\t\t\t\t\talt=\"Portofino 2\"\n\t\t\t\t\tsrc=\"http:\/\/www.photovoyage.fr\/blog\/wp-content\/gallery\/riviera-du-ponant\/thumbs\/thumbs_MG_2833_ret-Copier.jpg\"\n\t\t\t\t\twidth=\"120\"\n\t\t\t\t\theight=\"90\"\n\t\t\t\t\tstyle=\"max-width:100%;\"\n\t\t\t\t\/>\n\t\t\t<\/a>\n\t\t<\/div>\n\t\t\t\t\t\t\t<\/div> \n\t\t\t\n\t\t\n\t\t\t\t<div id=\"ngg-image-4\" class=\"ngg-gallery-thumbnail-box\" \n\t\t\t\t\t\t\t\t\t\t\t>\n\t\t\t\t\t\t<div class=\"ngg-gallery-thumbnail\">\n\t\t\t<a href=\"http:\/\/www.photovoyage.fr\/blog\/wp-content\/gallery\/riviera-du-ponant\/MG_3248-Copier.JPG\"\n\t\t\t\ttitle=\"\"\n\t\t\t\tdata-src=\"http:\/\/www.photovoyage.fr\/blog\/wp-content\/gallery\/riviera-du-ponant\/MG_3248-Copier.JPG\"\n\t\t\t\tdata-thumbnail=\"http:\/\/www.photovoyage.fr\/blog\/wp-content\/gallery\/riviera-du-ponant\/thumbs\/thumbs_MG_3248-Copier.JPG\"\n\t\t\t\tdata-image-id=\"111\"\n\t\t\t\tdata-title=\"Riomaggiore\"\n\t\t\t\tdata-description=\"\"\n\t\t\t\tdata-image-slug=\"riomaggiore-7\"\n\t\t\t\tclass=\"ngg-fancybox\" rel=\"e796d22af87d995d1c5d65c322af3842\">\n\t\t\t\t<img\n\t\t\t\t\ttitle=\"Riomaggiore\"\n\t\t\t\t\talt=\"Riomaggiore\"\n\t\t\t\t\tsrc=\"http:\/\/www.photovoyage.fr\/blog\/wp-content\/gallery\/riviera-du-ponant\/thumbs\/thumbs_MG_3248-Copier.JPG\"\n\t\t\t\t\twidth=\"120\"\n\t\t\t\t\theight=\"90\"\n\t\t\t\t\tstyle=\"max-width:100%;\"\n\t\t\t\t\/>\n\t\t\t<\/a>\n\t\t<\/div>\n\t\t\t\t\t\t\t<\/div> \n\t\t\t\n\t\t\n\t\t\t\t<div id=\"ngg-image-5\" class=\"ngg-gallery-thumbnail-box\" \n\t\t\t\t\t\t\t\t\t\t\t>\n\t\t\t\t\t\t<div class=\"ngg-gallery-thumbnail\">\n\t\t\t<a href=\"http:\/\/www.photovoyage.fr\/blog\/wp-content\/gallery\/riviera-du-ponant\/MG_3279-Copier.JPG\"\n\t\t\t\ttitle=\"\"\n\t\t\t\tdata-src=\"http:\/\/www.photovoyage.fr\/blog\/wp-content\/gallery\/riviera-du-ponant\/MG_3279-Copier.JPG\"\n\t\t\t\tdata-thumbnail=\"http:\/\/www.photovoyage.fr\/blog\/wp-content\/gallery\/riviera-du-ponant\/thumbs\/thumbs_MG_3279-Copier.JPG\"\n\t\t\t\tdata-image-id=\"112\"\n\t\t\t\tdata-title=\"Riomaggiore 2\"\n\t\t\t\tdata-description=\"\"\n\t\t\t\tdata-image-slug=\"riomaggiore-2-4\"\n\t\t\t\tclass=\"ngg-fancybox\" rel=\"e796d22af87d995d1c5d65c322af3842\">\n\t\t\t\t<img\n\t\t\t\t\ttitle=\"Riomaggiore 2\"\n\t\t\t\t\talt=\"Riomaggiore 2\"\n\t\t\t\t\tsrc=\"http:\/\/www.photovoyage.fr\/blog\/wp-content\/gallery\/riviera-du-ponant\/thumbs\/thumbs_MG_3279-Copier.JPG\"\n\t\t\t\t\twidth=\"120\"\n\t\t\t\t\theight=\"90\"\n\t\t\t\t\tstyle=\"max-width:100%;\"\n\t\t\t\t\/>\n\t\t\t<\/a>\n\t\t<\/div>\n\t\t\t\t\t\t\t<\/div> \n\t\t\t\n\t\t\n\t\t\t\t<div id=\"ngg-image-6\" class=\"ngg-gallery-thumbnail-box\" \n\t\t\t\t\t\t\t\t\t\t\t>\n\t\t\t\t\t\t<div class=\"ngg-gallery-thumbnail\">\n\t\t\t<a href=\"http:\/\/www.photovoyage.fr\/blog\/wp-content\/gallery\/riviera-du-ponant\/MG_3282-Copier.JPG\"\n\t\t\t\ttitle=\"\"\n\t\t\t\tdata-src=\"http:\/\/www.photovoyage.fr\/blog\/wp-content\/gallery\/riviera-du-ponant\/MG_3282-Copier.JPG\"\n\t\t\t\tdata-thumbnail=\"http:\/\/www.photovoyage.fr\/blog\/wp-content\/gallery\/riviera-du-ponant\/thumbs\/thumbs_MG_3282-Copier.JPG\"\n\t\t\t\tdata-image-id=\"113\"\n\t\t\t\tdata-title=\"Manarola\"\n\t\t\t\tdata-description=\"\"\n\t\t\t\tdata-image-slug=\"manarola-8\"\n\t\t\t\tclass=\"ngg-fancybox\" rel=\"e796d22af87d995d1c5d65c322af3842\">\n\t\t\t\t<img\n\t\t\t\t\ttitle=\"Manarola\"\n\t\t\t\t\talt=\"Manarola\"\n\t\t\t\t\tsrc=\"http:\/\/www.photovoyage.fr\/blog\/wp-content\/gallery\/riviera-du-ponant\/thumbs\/thumbs_MG_3282-Copier.JPG\"\n\t\t\t\t\twidth=\"120\"\n\t\t\t\t\theight=\"90\"\n\t\t\t\t\tstyle=\"max-width:100%;\"\n\t\t\t\t\/>\n\t\t\t<\/a>\n\t\t<\/div>\n\t\t\t\t\t\t\t<\/div> \n\t\t\t\n\t\t\n\t\t\t\t<div id=\"ngg-image-7\" class=\"ngg-gallery-thumbnail-box\" \n\t\t\t\t\t\t\t\t\t\t\t>\n\t\t\t\t\t\t<div class=\"ngg-gallery-thumbnail\">\n\t\t\t<a href=\"http:\/\/www.photovoyage.fr\/blog\/wp-content\/gallery\/riviera-du-ponant\/MG_3294-Copier.JPG\"\n\t\t\t\ttitle=\"\"\n\t\t\t\tdata-src=\"http:\/\/www.photovoyage.fr\/blog\/wp-content\/gallery\/riviera-du-ponant\/MG_3294-Copier.JPG\"\n\t\t\t\tdata-thumbnail=\"http:\/\/www.photovoyage.fr\/blog\/wp-content\/gallery\/riviera-du-ponant\/thumbs\/thumbs_MG_3294-Copier.JPG\"\n\t\t\t\tdata-image-id=\"114\"\n\t\t\t\tdata-title=\"Manarola 2\"\n\t\t\t\tdata-description=\"\"\n\t\t\t\tdata-image-slug=\"manarola-2-4\"\n\t\t\t\tclass=\"ngg-fancybox\" rel=\"e796d22af87d995d1c5d65c322af3842\">\n\t\t\t\t<img\n\t\t\t\t\ttitle=\"Manarola 2\"\n\t\t\t\t\talt=\"Manarola 2\"\n\t\t\t\t\tsrc=\"http:\/\/www.photovoyage.fr\/blog\/wp-content\/gallery\/riviera-du-ponant\/thumbs\/thumbs_MG_3294-Copier.JPG\"\n\t\t\t\t\twidth=\"120\"\n\t\t\t\t\theight=\"90\"\n\t\t\t\t\tstyle=\"max-width:100%;\"\n\t\t\t\t\/>\n\t\t\t<\/a>\n\t\t<\/div>\n\t\t\t\t\t\t\t<\/div> \n\t\t\t\n\t\t\n\t\t\t\t<div id=\"ngg-image-8\" class=\"ngg-gallery-thumbnail-box\" \n\t\t\t\t\t\t\t\t\t\t\t>\n\t\t\t\t\t\t<div class=\"ngg-gallery-thumbnail\">\n\t\t\t<a href=\"http:\/\/www.photovoyage.fr\/blog\/wp-content\/gallery\/riviera-du-ponant\/MG_3306-Copier.JPG\"\n\t\t\t\ttitle=\"\"\n\t\t\t\tdata-src=\"http:\/\/www.photovoyage.fr\/blog\/wp-content\/gallery\/riviera-du-ponant\/MG_3306-Copier.JPG\"\n\t\t\t\tdata-thumbnail=\"http:\/\/www.photovoyage.fr\/blog\/wp-content\/gallery\/riviera-du-ponant\/thumbs\/thumbs_MG_3306-Copier.JPG\"\n\t\t\t\tdata-image-id=\"115\"\n\t\t\t\tdata-title=\"Manarola 3\"\n\t\t\t\tdata-description=\"\"\n\t\t\t\tdata-image-slug=\"manarola-3-4\"\n\t\t\t\tclass=\"ngg-fancybox\" rel=\"e796d22af87d995d1c5d65c322af3842\">\n\t\t\t\t<img\n\t\t\t\t\ttitle=\"Manarola 3\"\n\t\t\t\t\talt=\"Manarola 3\"\n\t\t\t\t\tsrc=\"http:\/\/www.photovoyage.fr\/blog\/wp-content\/gallery\/riviera-du-ponant\/thumbs\/thumbs_MG_3306-Copier.JPG\"\n\t\t\t\t\twidth=\"120\"\n\t\t\t\t\theight=\"90\"\n\t\t\t\t\tstyle=\"max-width:100%;\"\n\t\t\t\t\/>\n\t\t\t<\/a>\n\t\t<\/div>\n\t\t\t\t\t\t\t<\/div> \n\t\t\t\n\t\t\n\t\t\t\t<div id=\"ngg-image-9\" class=\"ngg-gallery-thumbnail-box\" \n\t\t\t\t\t\t\t\t\t\t\t>\n\t\t\t\t\t\t<div class=\"ngg-gallery-thumbnail\">\n\t\t\t<a href=\"http:\/\/www.photovoyage.fr\/blog\/wp-content\/gallery\/riviera-du-ponant\/MG_3308-Copier.JPG\"\n\t\t\t\ttitle=\"\"\n\t\t\t\tdata-src=\"http:\/\/www.photovoyage.fr\/blog\/wp-content\/gallery\/riviera-du-ponant\/MG_3308-Copier.JPG\"\n\t\t\t\tdata-thumbnail=\"http:\/\/www.photovoyage.fr\/blog\/wp-content\/gallery\/riviera-du-ponant\/thumbs\/thumbs_MG_3308-Copier.JPG\"\n\t\t\t\tdata-image-id=\"116\"\n\t\t\t\tdata-title=\"Manarola4\"\n\t\t\t\tdata-description=\"\"\n\t\t\t\tdata-image-slug=\"manarola4-4\"\n\t\t\t\tclass=\"ngg-fancybox\" rel=\"e796d22af87d995d1c5d65c322af3842\">\n\t\t\t\t<img\n\t\t\t\t\ttitle=\"Manarola4\"\n\t\t\t\t\talt=\"Manarola4\"\n\t\t\t\t\tsrc=\"http:\/\/www.photovoyage.fr\/blog\/wp-content\/gallery\/riviera-du-ponant\/thumbs\/thumbs_MG_3308-Copier.JPG\"\n\t\t\t\t\twidth=\"120\"\n\t\t\t\t\theight=\"90\"\n\t\t\t\t\tstyle=\"max-width:100%;\"\n\t\t\t\t\/>\n\t\t\t<\/a>\n\t\t<\/div>\n\t\t\t\t\t\t\t<\/div> \n\t\t\t\n\t\t\n\t\t\t\t<div id=\"ngg-image-10\" class=\"ngg-gallery-thumbnail-box\" \n\t\t\t\t\t\t\t\t\t\t\t>\n\t\t\t\t\t\t<div class=\"ngg-gallery-thumbnail\">\n\t\t\t<a href=\"http:\/\/www.photovoyage.fr\/blog\/wp-content\/gallery\/riviera-du-ponant\/MG_3339_ret-Copier.jpg\"\n\t\t\t\ttitle=\"\"\n\t\t\t\tdata-src=\"http:\/\/www.photovoyage.fr\/blog\/wp-content\/gallery\/riviera-du-ponant\/MG_3339_ret-Copier.jpg\"\n\t\t\t\tdata-thumbnail=\"http:\/\/www.photovoyage.fr\/blog\/wp-content\/gallery\/riviera-du-ponant\/thumbs\/thumbs_MG_3339_ret-Copier.jpg\"\n\t\t\t\tdata-image-id=\"117\"\n\t\t\t\tdata-title=\"Vernazza\"\n\t\t\t\tdata-description=\"\"\n\t\t\t\tdata-image-slug=\"_mg_3339_ret-copier\"\n\t\t\t\tclass=\"ngg-fancybox\" rel=\"e796d22af87d995d1c5d65c322af3842\">\n\t\t\t\t<img\n\t\t\t\t\ttitle=\"Vernazza\"\n\t\t\t\t\talt=\"Vernazza\"\n\t\t\t\t\tsrc=\"http:\/\/www.photovoyage.fr\/blog\/wp-content\/gallery\/riviera-du-ponant\/thumbs\/thumbs_MG_3339_ret-Copier.jpg\"\n\t\t\t\t\twidth=\"120\"\n\t\t\t\t\theight=\"90\"\n\t\t\t\t\tstyle=\"max-width:100%;\"\n\t\t\t\t\/>\n\t\t\t<\/a>\n\t\t<\/div>\n\t\t\t\t\t\t\t<\/div> \n\t\t\t\n\t\t\n\t\t\n\t\t<!-- Pagination -->\n\t\t<div class='ngg-clear'><\/div>\t<\/div>\n<\/p>\n<p>&nbsp;<\/p>\n<p>&nbsp;<\/p>\n","protected":false},"excerpt":{"rendered":"<p>Nouvel \u00e9pisode dans notre s\u00e9rie d&rsquo;escapades en Italie. Cette ann\u00e9e, nous avons mis le cap sur une r\u00e9gion de la c\u00f4te ligure : la riviera du Levant. C&rsquo;est la partie de la c\u00f4te situ\u00e9e apr\u00e8s G\u00e8nes. Cette magnifique r\u00e9gion poss\u00e8de des villages de toute beaut\u00e9 comme le plus illustre d&rsquo;entre eux : Portofino Pr\u00eat \u00e0 &hellip;<\/p>\n","protected":false},"author":1,"featured_media":447,"comment_status":"open","ping_status":"open","sticky":false,"template":"","format":"standard","meta":{"ngg_post_thumbnail":0,"footnotes":""},"categories":[6],"tags":[17,3,26],"class_list":["post-428","post","type-post","status-publish","format-standard","has-post-thumbnail","hentry","category-voyages","tag-accueil","tag-italie","tag-ligurie","entry entry-center"],"yoast_head":"<!-- This site is optimized with the Yoast SEO plugin v24.1 - https:\/\/yoast.com\/wordpress\/plugins\/seo\/ -->\n<title>La Riviera du Levant et les Cinque Terre - photovoyage.fr<\/title>\n<meta name=\"description\" content=\"Une semaine en Ligurie, sur la Riviera du Levant, entre Portofino et les Cinque Terre. Une succession de magnifiques villages aux couleurs superbes.\" \/>\n<meta name=\"robots\" content=\"index, follow, max-snippet:-1, max-image-preview:large, max-video-preview:-1\" \/>\n<link rel=\"canonical\" href=\"http:\/\/www.photovoyage.fr\/blog\/la-riviera-du-levant-et-les-5-terres\/\" \/>\n<meta property=\"og:locale\" content=\"fr_FR\" \/>\n<meta property=\"og:type\" content=\"article\" \/>\n<meta property=\"og:title\" content=\"La Riviera du Levant et les Cinque Terre - photovoyage.fr\" \/>\n<meta property=\"og:description\" content=\"Une semaine en Ligurie, sur la Riviera du Levant, entre Portofino et les Cinque Terre. Une succession de magnifiques villages aux couleurs superbes.\" \/>\n<meta property=\"og:url\" content=\"http:\/\/www.photovoyage.fr\/blog\/la-riviera-du-levant-et-les-5-terres\/\" \/>\n<meta property=\"og:site_name\" content=\"photovoyage.fr\" \/>\n<meta property=\"article:published_time\" content=\"2014-08-30T18:13:31+00:00\" \/>\n<meta property=\"article:modified_time\" content=\"2015-12-05T13:51:29+00:00\" \/>\n<meta property=\"og:image\" content=\"http:\/\/www.photovoyage.fr\/blog\/wp-content\/uploads\/2014\/08\/portofino.jpg\" \/>\n\t<meta property=\"og:image:width\" content=\"800\" \/>\n\t<meta property=\"og:image:height\" content=\"534\" \/>\n\t<meta property=\"og:image:type\" content=\"image\/jpeg\" \/>\n<meta name=\"author\" content=\"photovoyage\" \/>\n<meta name=\"twitter:label1\" content=\"\u00c9crit par\" \/>\n\t<meta name=\"twitter:data1\" content=\"photovoyage\" \/>\n\t<meta name=\"twitter:label2\" content=\"Dur\u00e9e de lecture estim\u00e9e\" \/>\n\t<meta name=\"twitter:data2\" content=\"3 minutes\" \/>\n<script type=\"application\/ld+json\" class=\"yoast-schema-graph\">{\"@context\":\"https:\/\/schema.org\",\"@graph\":[{\"@type\":\"Article\",\"@id\":\"http:\/\/www.photovoyage.fr\/blog\/la-riviera-du-levant-et-les-5-terres\/#article\",\"isPartOf\":{\"@id\":\"http:\/\/www.photovoyage.fr\/blog\/la-riviera-du-levant-et-les-5-terres\/\"},\"author\":{\"name\":\"photovoyage\",\"@id\":\"http:\/\/www.photovoyage.fr\/blog\/#\/schema\/person\/a6600656ccdd05f7a4132987c28fc4ac\"},\"headline\":\"La Riviera du Levant et les Cinque Terre\",\"datePublished\":\"2014-08-30T18:13:31+00:00\",\"dateModified\":\"2015-12-05T13:51:29+00:00\",\"mainEntityOfPage\":{\"@id\":\"http:\/\/www.photovoyage.fr\/blog\/la-riviera-du-levant-et-les-5-terres\/\"},\"wordCount\":645,\"commentCount\":0,\"publisher\":{\"@id\":\"http:\/\/www.photovoyage.fr\/blog\/#\/schema\/person\/a6600656ccdd05f7a4132987c28fc4ac\"},\"image\":{\"@id\":\"http:\/\/www.photovoyage.fr\/blog\/la-riviera-du-levant-et-les-5-terres\/#primaryimage\"},\"thumbnailUrl\":\"http:\/\/www.photovoyage.fr\/blog\/wp-content\/uploads\/2014\/08\/portofino.jpg\",\"keywords\":[\"accueil\",\"Italie\",\"Ligurie\"],\"articleSection\":[\"Voyages\"],\"inLanguage\":\"fr-FR\",\"potentialAction\":[{\"@type\":\"CommentAction\",\"name\":\"Comment\",\"target\":[\"http:\/\/www.photovoyage.fr\/blog\/la-riviera-du-levant-et-les-5-terres\/#respond\"]}]},{\"@type\":\"WebPage\",\"@id\":\"http:\/\/www.photovoyage.fr\/blog\/la-riviera-du-levant-et-les-5-terres\/\",\"url\":\"http:\/\/www.photovoyage.fr\/blog\/la-riviera-du-levant-et-les-5-terres\/\",\"name\":\"La Riviera du Levant et les Cinque Terre - photovoyage.fr\",\"isPartOf\":{\"@id\":\"http:\/\/www.photovoyage.fr\/blog\/#website\"},\"primaryImageOfPage\":{\"@id\":\"http:\/\/www.photovoyage.fr\/blog\/la-riviera-du-levant-et-les-5-terres\/#primaryimage\"},\"image\":{\"@id\":\"http:\/\/www.photovoyage.fr\/blog\/la-riviera-du-levant-et-les-5-terres\/#primaryimage\"},\"thumbnailUrl\":\"http:\/\/www.photovoyage.fr\/blog\/wp-content\/uploads\/2014\/08\/portofino.jpg\",\"datePublished\":\"2014-08-30T18:13:31+00:00\",\"dateModified\":\"2015-12-05T13:51:29+00:00\",\"description\":\"Une semaine en Ligurie, sur la Riviera du Levant, entre Portofino et les Cinque Terre. Une succession de magnifiques villages aux couleurs superbes.\",\"breadcrumb\":{\"@id\":\"http:\/\/www.photovoyage.fr\/blog\/la-riviera-du-levant-et-les-5-terres\/#breadcrumb\"},\"inLanguage\":\"fr-FR\",\"potentialAction\":[{\"@type\":\"ReadAction\",\"target\":[\"http:\/\/www.photovoyage.fr\/blog\/la-riviera-du-levant-et-les-5-terres\/\"]}]},{\"@type\":\"ImageObject\",\"inLanguage\":\"fr-FR\",\"@id\":\"http:\/\/www.photovoyage.fr\/blog\/la-riviera-du-levant-et-les-5-terres\/#primaryimage\",\"url\":\"http:\/\/www.photovoyage.fr\/blog\/wp-content\/uploads\/2014\/08\/portofino.jpg\",\"contentUrl\":\"http:\/\/www.photovoyage.fr\/blog\/wp-content\/uploads\/2014\/08\/portofino.jpg\",\"width\":800,\"height\":534},{\"@type\":\"BreadcrumbList\",\"@id\":\"http:\/\/www.photovoyage.fr\/blog\/la-riviera-du-levant-et-les-5-terres\/#breadcrumb\",\"itemListElement\":[{\"@type\":\"ListItem\",\"position\":1,\"name\":\"Accueil\",\"item\":\"http:\/\/www.photovoyage.fr\/blog\/\"},{\"@type\":\"ListItem\",\"position\":2,\"name\":\"La Riviera du Levant et les Cinque Terre\"}]},{\"@type\":\"WebSite\",\"@id\":\"http:\/\/www.photovoyage.fr\/blog\/#website\",\"url\":\"http:\/\/www.photovoyage.fr\/blog\/\",\"name\":\"photovoyage.fr\",\"description\":\"La passion de la photo et du voyage. Retrouvez ici nos r\u00e9cits de voyages et nos photos.\",\"publisher\":{\"@id\":\"http:\/\/www.photovoyage.fr\/blog\/#\/schema\/person\/a6600656ccdd05f7a4132987c28fc4ac\"},\"potentialAction\":[{\"@type\":\"SearchAction\",\"target\":{\"@type\":\"EntryPoint\",\"urlTemplate\":\"http:\/\/www.photovoyage.fr\/blog\/?s={search_term_string}\"},\"query-input\":{\"@type\":\"PropertyValueSpecification\",\"valueRequired\":true,\"valueName\":\"search_term_string\"}}],\"inLanguage\":\"fr-FR\"},{\"@type\":[\"Person\",\"Organization\"],\"@id\":\"http:\/\/www.photovoyage.fr\/blog\/#\/schema\/person\/a6600656ccdd05f7a4132987c28fc4ac\",\"name\":\"photovoyage\",\"image\":{\"@type\":\"ImageObject\",\"inLanguage\":\"fr-FR\",\"@id\":\"http:\/\/www.photovoyage.fr\/blog\/#\/schema\/person\/image\/\",\"url\":\"http:\/\/www.photovoyage.fr\/blog\/wp-content\/uploads\/2018\/04\/cropped-cropped-logo3.jpg\",\"contentUrl\":\"http:\/\/www.photovoyage.fr\/blog\/wp-content\/uploads\/2018\/04\/cropped-cropped-logo3.jpg\",\"width\":873,\"height\":111,\"caption\":\"photovoyage\"},\"logo\":{\"@id\":\"http:\/\/www.photovoyage.fr\/blog\/#\/schema\/person\/image\/\"}}]}<\/script>\n<!-- \/ Yoast SEO plugin. -->","yoast_head_json":{"title":"La Riviera du Levant et les Cinque Terre - photovoyage.fr","description":"Une semaine en Ligurie, sur la Riviera du Levant, entre Portofino et les Cinque Terre. Une succession de magnifiques villages aux couleurs superbes.","robots":{"index":"index","follow":"follow","max-snippet":"max-snippet:-1","max-image-preview":"max-image-preview:large","max-video-preview":"max-video-preview:-1"},"canonical":"http:\/\/www.photovoyage.fr\/blog\/la-riviera-du-levant-et-les-5-terres\/","og_locale":"fr_FR","og_type":"article","og_title":"La Riviera du Levant et les Cinque Terre - photovoyage.fr","og_description":"Une semaine en Ligurie, sur la Riviera du Levant, entre Portofino et les Cinque Terre. Une succession de magnifiques villages aux couleurs superbes.","og_url":"http:\/\/www.photovoyage.fr\/blog\/la-riviera-du-levant-et-les-5-terres\/","og_site_name":"photovoyage.fr","article_published_time":"2014-08-30T18:13:31+00:00","article_modified_time":"2015-12-05T13:51:29+00:00","og_image":[{"width":800,"height":534,"url":"http:\/\/www.photovoyage.fr\/blog\/wp-content\/uploads\/2014\/08\/portofino.jpg","type":"image\/jpeg"}],"author":"photovoyage","twitter_misc":{"\u00c9crit par":"photovoyage","Dur\u00e9e de lecture estim\u00e9e":"3 minutes"},"schema":{"@context":"https:\/\/schema.org","@graph":[{"@type":"Article","@id":"http:\/\/www.photovoyage.fr\/blog\/la-riviera-du-levant-et-les-5-terres\/#article","isPartOf":{"@id":"http:\/\/www.photovoyage.fr\/blog\/la-riviera-du-levant-et-les-5-terres\/"},"author":{"name":"photovoyage","@id":"http:\/\/www.photovoyage.fr\/blog\/#\/schema\/person\/a6600656ccdd05f7a4132987c28fc4ac"},"headline":"La Riviera du Levant et les Cinque Terre","datePublished":"2014-08-30T18:13:31+00:00","dateModified":"2015-12-05T13:51:29+00:00","mainEntityOfPage":{"@id":"http:\/\/www.photovoyage.fr\/blog\/la-riviera-du-levant-et-les-5-terres\/"},"wordCount":645,"commentCount":0,"publisher":{"@id":"http:\/\/www.photovoyage.fr\/blog\/#\/schema\/person\/a6600656ccdd05f7a4132987c28fc4ac"},"image":{"@id":"http:\/\/www.photovoyage.fr\/blog\/la-riviera-du-levant-et-les-5-terres\/#primaryimage"},"thumbnailUrl":"http:\/\/www.photovoyage.fr\/blog\/wp-content\/uploads\/2014\/08\/portofino.jpg","keywords":["accueil","Italie","Ligurie"],"articleSection":["Voyages"],"inLanguage":"fr-FR","potentialAction":[{"@type":"CommentAction","name":"Comment","target":["http:\/\/www.photovoyage.fr\/blog\/la-riviera-du-levant-et-les-5-terres\/#respond"]}]},{"@type":"WebPage","@id":"http:\/\/www.photovoyage.fr\/blog\/la-riviera-du-levant-et-les-5-terres\/","url":"http:\/\/www.photovoyage.fr\/blog\/la-riviera-du-levant-et-les-5-terres\/","name":"La Riviera du Levant et les Cinque Terre - photovoyage.fr","isPartOf":{"@id":"http:\/\/www.photovoyage.fr\/blog\/#website"},"primaryImageOfPage":{"@id":"http:\/\/www.photovoyage.fr\/blog\/la-riviera-du-levant-et-les-5-terres\/#primaryimage"},"image":{"@id":"http:\/\/www.photovoyage.fr\/blog\/la-riviera-du-levant-et-les-5-terres\/#primaryimage"},"thumbnailUrl":"http:\/\/www.photovoyage.fr\/blog\/wp-content\/uploads\/2014\/08\/portofino.jpg","datePublished":"2014-08-30T18:13:31+00:00","dateModified":"2015-12-05T13:51:29+00:00","description":"Une semaine en Ligurie, sur la Riviera du Levant, entre Portofino et les Cinque Terre. Une succession de magnifiques villages aux couleurs superbes.","breadcrumb":{"@id":"http:\/\/www.photovoyage.fr\/blog\/la-riviera-du-levant-et-les-5-terres\/#breadcrumb"},"inLanguage":"fr-FR","potentialAction":[{"@type":"ReadAction","target":["http:\/\/www.photovoyage.fr\/blog\/la-riviera-du-levant-et-les-5-terres\/"]}]},{"@type":"ImageObject","inLanguage":"fr-FR","@id":"http:\/\/www.photovoyage.fr\/blog\/la-riviera-du-levant-et-les-5-terres\/#primaryimage","url":"http:\/\/www.photovoyage.fr\/blog\/wp-content\/uploads\/2014\/08\/portofino.jpg","contentUrl":"http:\/\/www.photovoyage.fr\/blog\/wp-content\/uploads\/2014\/08\/portofino.jpg","width":800,"height":534},{"@type":"BreadcrumbList","@id":"http:\/\/www.photovoyage.fr\/blog\/la-riviera-du-levant-et-les-5-terres\/#breadcrumb","itemListElement":[{"@type":"ListItem","position":1,"name":"Accueil","item":"http:\/\/www.photovoyage.fr\/blog\/"},{"@type":"ListItem","position":2,"name":"La Riviera du Levant et les Cinque Terre"}]},{"@type":"WebSite","@id":"http:\/\/www.photovoyage.fr\/blog\/#website","url":"http:\/\/www.photovoyage.fr\/blog\/","name":"photovoyage.fr","description":"La passion de la photo et du voyage. Retrouvez ici nos r\u00e9cits de voyages et nos photos.","publisher":{"@id":"http:\/\/www.photovoyage.fr\/blog\/#\/schema\/person\/a6600656ccdd05f7a4132987c28fc4ac"},"potentialAction":[{"@type":"SearchAction","target":{"@type":"EntryPoint","urlTemplate":"http:\/\/www.photovoyage.fr\/blog\/?s={search_term_string}"},"query-input":{"@type":"PropertyValueSpecification","valueRequired":true,"valueName":"search_term_string"}}],"inLanguage":"fr-FR"},{"@type":["Person","Organization"],"@id":"http:\/\/www.photovoyage.fr\/blog\/#\/schema\/person\/a6600656ccdd05f7a4132987c28fc4ac","name":"photovoyage","image":{"@type":"ImageObject","inLanguage":"fr-FR","@id":"http:\/\/www.photovoyage.fr\/blog\/#\/schema\/person\/image\/","url":"http:\/\/www.photovoyage.fr\/blog\/wp-content\/uploads\/2018\/04\/cropped-cropped-logo3.jpg","contentUrl":"http:\/\/www.photovoyage.fr\/blog\/wp-content\/uploads\/2018\/04\/cropped-cropped-logo3.jpg","width":873,"height":111,"caption":"photovoyage"},"logo":{"@id":"http:\/\/www.photovoyage.fr\/blog\/#\/schema\/person\/image\/"}}]}},"_links":{"self":[{"href":"http:\/\/www.photovoyage.fr\/blog\/wp-json\/wp\/v2\/posts\/428","targetHints":{"allow":["GET"]}}],"collection":[{"href":"http:\/\/www.photovoyage.fr\/blog\/wp-json\/wp\/v2\/posts"}],"about":[{"href":"http:\/\/www.photovoyage.fr\/blog\/wp-json\/wp\/v2\/types\/post"}],"author":[{"embeddable":true,"href":"http:\/\/www.photovoyage.fr\/blog\/wp-json\/wp\/v2\/users\/1"}],"replies":[{"embeddable":true,"href":"http:\/\/www.photovoyage.fr\/blog\/wp-json\/wp\/v2\/comments?post=428"}],"version-history":[{"count":0,"href":"http:\/\/www.photovoyage.fr\/blog\/wp-json\/wp\/v2\/posts\/428\/revisions"}],"wp:featuredmedia":[{"embeddable":true,"href":"http:\/\/www.photovoyage.fr\/blog\/wp-json\/wp\/v2\/media\/447"}],"wp:attachment":[{"href":"http:\/\/www.photovoyage.fr\/blog\/wp-json\/wp\/v2\/media?parent=428"}],"wp:term":[{"taxonomy":"category","embeddable":true,"href":"http:\/\/www.photovoyage.fr\/blog\/wp-json\/wp\/v2\/categories?post=428"},{"taxonomy":"post_tag","embeddable":true,"href":"http:\/\/www.photovoyage.fr\/blog\/wp-json\/wp\/v2\/tags?post=428"}],"curies":[{"name":"wp","href":"https:\/\/api.w.org\/{rel}","templated":true}]}}