{"id":4454,"date":"2021-01-11T22:25:03","date_gmt":"2021-01-11T21:25:03","guid":{"rendered":"http:\/\/www.photovoyage.fr\/blog\/?p=4454"},"modified":"2021-01-11T22:28:44","modified_gmt":"2021-01-11T21:28:44","slug":"bonne-annee-2021","status":"publish","type":"post","link":"http:\/\/www.photovoyage.fr\/blog\/bonne-annee-2021\/","title":{"rendered":"Bonne ann\u00e9e 2021"},"content":{"rendered":"<div class=\"yzp-no-index\"><\/div>\n<h3 class=\"wp-block-heading\">Bonne r\u00e9solution<\/h3>\n\n\n\n<p>L&rsquo;ann\u00e9e 2021 commence avec une bonne r\u00e9solution : compenser chacun de nos voyages en avion d&rsquo;un point de vue \u00e9cologique en investissant dans des arbres. Beaucoup de blog de voyage proposent des solutions pour voyager \u00ab\u00a0vert\u00a0\u00bb. J&rsquo;ai d\u00e9cid\u00e9 pour ma part de ne pas donner de conseils particuliers mais juste de vous partager notre contribution. Evidemment cela n&#8217;emp\u00eache en rien d&rsquo;essayer de voyager en limitant au maximum son impact sur la plan\u00e8te. Je vous laisse lire notre page d\u00e9di\u00e9e sur ce sujet  :<\/p>\n\n\n\n<figure class=\"wp-block-embed-wordpress wp-block-embed is-type-wp-embed is-provider-photovoyage-fr\"><div class=\"wp-block-embed__wrapper\">\n<blockquote class=\"wp-embedded-content\" data-secret=\"FelJBB058z\"><a href=\"http:\/\/www.photovoyage.fr\/blog\/compensation-carbone\/\">D\u00e9marche \u00e9cologique<\/a><\/blockquote><iframe loading=\"lazy\" class=\"wp-embedded-content\" sandbox=\"allow-scripts\" security=\"restricted\" style=\"position: absolute; clip: rect(1px, 1px, 1px, 1px);\" title=\"\u00ab\u00a0D\u00e9marche \u00e9cologique\u00a0\u00bb &#8212; photovoyage.fr\" src=\"http:\/\/www.photovoyage.fr\/blog\/compensation-carbone\/embed\/#?secret=FelJBB058z\" data-secret=\"FelJBB058z\" width=\"600\" height=\"338\" frameborder=\"0\" marginwidth=\"0\" marginheight=\"0\" scrolling=\"no\"><\/iframe>\n<\/div><\/figure>\n\n\n\n<h3 class=\"wp-block-heading\">Retour des Voyages&#8230;<\/h3>\n\n\n\n<p>Cot\u00e9 voyage, on esp\u00e8re pouvoir cette ann\u00e9e, repartir d\u00e9couvrir quelques r\u00e9gions europ\u00e9enne. S\u00e9ville &amp; Cordoue tout d&rsquo;abord pour une semaine andalouse qui promet, et cet \u00e9t\u00e9 la Cr\u00e8te pour une d\u00e9couverte cette fois de la partie occidentale de l&rsquo;\u00eele. Pour rappel, vous retrouverez nos r\u00e9cits sur un premier voyage en Cr\u00e8te  ici :<\/p>\n\n\n\n<p><a href=\"http:\/\/www.photovoyage.fr\/blog\/tag\/crete\/\">http:\/\/www.photovoyage.fr\/blog\/tag\/crete\/<\/a><\/p>\n\n\n\n<p>Evidemment ces projets vont d\u00e9pendre de l&rsquo;actualit\u00e9 \u00ab\u00a0Covid\u00a0\u00bb et nous devrons peut etre changer nos plans&#8230;<\/p>\n\n\n\n<h3 class=\"wp-block-heading\">Week End en Suisse<\/h3>\n\n\n\n<p>Nous esp\u00e9rons \u00e9galement faire peut \u00eatre un week-end de l&rsquo;autre cot\u00e9 de la fronti\u00e8re. J&rsquo;h\u00e9site encore sur la destination : Neuchatel, Berne ou Thoune&#8230; Ce serait dommage d&rsquo;habiter \u00e0 la fronti\u00e8re et de ne pas d\u00e9couvrir plus ce beau pays helv\u00e8te.<\/p>\n\n\n\n<h3 class=\"wp-block-heading\">Escapades locales<\/h3>\n\n\n\n<p>Enfin, priorit\u00e9 au local, avec quelques sorties \u00ab\u00a0montagne\u00a0\u00bb comme Sixt Fer \u00e0 Cheval ou le lac de Chesery vers Chamonix&#8230; J&rsquo;aimerais aussi enfin aller voir les cascades du Herisson, la d\u00e9salpe de Saint Cergue en Suisse et le carnaval v\u00e9nitien d&rsquo;Yvoire si il a lieu cette ann\u00e9e. Autant de beaux sujets photographiques et d&rsquo;opportunit\u00e9 d&rsquo;\u00e9chapper aux confinements et autres cons\u00e9quences de la pand\u00e9mie.<\/p>\n\n\n\n<p>Bref l&rsquo;actualit\u00e9 photo et voyages s&rsquo;annonce riche en 2021 !<\/p>\n\n\n\n<p>Cr\u00e9dit photo : Image par <a href=\"https:\/\/pixabay.com\/fr\/users\/pattyjansen-154933\/?utm_source=link-attribution&amp;utm_medium=referral&amp;utm_campaign=image&amp;utm_content=586224\">Patty Jansen<\/a> de <a href=\"https:\/\/pixabay.com\/fr\/?utm_source=link-attribution&amp;utm_medium=referral&amp;utm_campaign=image&amp;utm_content=586224\">Pixabay<\/a><\/p>\n","protected":false},"excerpt":{"rendered":"<p>Bonne r\u00e9solution L&rsquo;ann\u00e9e 2021 commence avec une bonne r\u00e9solution : compenser chacun de nos voyages en avion d&rsquo;un point de vue \u00e9cologique en investissant dans des arbres. Beaucoup de blog de voyage proposent des solutions pour voyager \u00ab\u00a0vert\u00a0\u00bb. J&rsquo;ai d\u00e9cid\u00e9 pour ma part de ne pas donner de conseils particuliers mais juste de vous partager &hellip;<\/p>\n","protected":false},"author":1,"featured_media":4461,"comment_status":"open","ping_status":"open","sticky":false,"template":"","format":"standard","meta":{"ngg_post_thumbnail":0,"footnotes":""},"categories":[1],"tags":[],"class_list":["post-4454","post","type-post","status-publish","format-standard","has-post-thumbnail","hentry","category-non-classe","entry entry-center"],"yoast_head":"<!-- This site is optimized with the Yoast SEO plugin v24.1 - https:\/\/yoast.com\/wordpress\/plugins\/seo\/ -->\n<title>Bonne ann\u00e9e 2021 - photovoyage.fr<\/title>\n<meta name=\"robots\" content=\"index, follow, max-snippet:-1, max-image-preview:large, max-video-preview:-1\" \/>\n<link rel=\"canonical\" href=\"http:\/\/www.photovoyage.fr\/blog\/bonne-annee-2021\/\" \/>\n<meta property=\"og:locale\" content=\"fr_FR\" \/>\n<meta property=\"og:type\" content=\"article\" \/>\n<meta property=\"og:title\" content=\"Bonne ann\u00e9e 2021 - photovoyage.fr\" \/>\n<meta property=\"og:description\" content=\"Bonne r\u00e9solution L&rsquo;ann\u00e9e 2021 commence avec une bonne r\u00e9solution : compenser chacun de nos voyages en avion d&rsquo;un point de vue \u00e9cologique en investissant dans des arbres. Beaucoup de blog de voyage proposent des solutions pour voyager \u00ab\u00a0vert\u00a0\u00bb. J&rsquo;ai d\u00e9cid\u00e9 pour ma part de ne pas donner de conseils particuliers mais juste de vous partager &hellip;\" \/>\n<meta property=\"og:url\" content=\"http:\/\/www.photovoyage.fr\/blog\/bonne-annee-2021\/\" \/>\n<meta property=\"og:site_name\" content=\"photovoyage.fr\" \/>\n<meta property=\"article:published_time\" content=\"2021-01-11T21:25:03+00:00\" \/>\n<meta property=\"article:modified_time\" content=\"2021-01-11T21:28:44+00:00\" \/>\n<meta property=\"og:image\" content=\"http:\/\/www.photovoyage.fr\/blog\/wp-content\/uploads\/2021\/01\/sylvester-586224_1920.jpg\" \/>\n\t<meta property=\"og:image:width\" content=\"1920\" \/>\n\t<meta property=\"og:image:height\" content=\"1281\" \/>\n\t<meta property=\"og:image:type\" content=\"image\/jpeg\" \/>\n<meta name=\"author\" content=\"photovoyage\" \/>\n<meta name=\"twitter:label1\" content=\"\u00c9crit par\" \/>\n\t<meta name=\"twitter:data1\" content=\"photovoyage\" \/>\n\t<meta name=\"twitter:label2\" content=\"Dur\u00e9e de lecture estim\u00e9e\" \/>\n\t<meta name=\"twitter:data2\" content=\"2 minutes\" \/>\n<script type=\"application\/ld+json\" class=\"yoast-schema-graph\">{\"@context\":\"https:\/\/schema.org\",\"@graph\":[{\"@type\":\"Article\",\"@id\":\"http:\/\/www.photovoyage.fr\/blog\/bonne-annee-2021\/#article\",\"isPartOf\":{\"@id\":\"http:\/\/www.photovoyage.fr\/blog\/bonne-annee-2021\/\"},\"author\":{\"name\":\"photovoyage\",\"@id\":\"http:\/\/www.photovoyage.fr\/blog\/#\/schema\/person\/a6600656ccdd05f7a4132987c28fc4ac\"},\"headline\":\"Bonne ann\u00e9e 2021\",\"datePublished\":\"2021-01-11T21:25:03+00:00\",\"dateModified\":\"2021-01-11T21:28:44+00:00\",\"mainEntityOfPage\":{\"@id\":\"http:\/\/www.photovoyage.fr\/blog\/bonne-annee-2021\/\"},\"wordCount\":325,\"commentCount\":0,\"publisher\":{\"@id\":\"http:\/\/www.photovoyage.fr\/blog\/#\/schema\/person\/a6600656ccdd05f7a4132987c28fc4ac\"},\"image\":{\"@id\":\"http:\/\/www.photovoyage.fr\/blog\/bonne-annee-2021\/#primaryimage\"},\"thumbnailUrl\":\"http:\/\/www.photovoyage.fr\/blog\/wp-content\/uploads\/2021\/01\/sylvester-586224_1920.jpg\",\"inLanguage\":\"fr-FR\",\"potentialAction\":[{\"@type\":\"CommentAction\",\"name\":\"Comment\",\"target\":[\"http:\/\/www.photovoyage.fr\/blog\/bonne-annee-2021\/#respond\"]}]},{\"@type\":\"WebPage\",\"@id\":\"http:\/\/www.photovoyage.fr\/blog\/bonne-annee-2021\/\",\"url\":\"http:\/\/www.photovoyage.fr\/blog\/bonne-annee-2021\/\",\"name\":\"Bonne ann\u00e9e 2021 - photovoyage.fr\",\"isPartOf\":{\"@id\":\"http:\/\/www.photovoyage.fr\/blog\/#website\"},\"primaryImageOfPage\":{\"@id\":\"http:\/\/www.photovoyage.fr\/blog\/bonne-annee-2021\/#primaryimage\"},\"image\":{\"@id\":\"http:\/\/www.photovoyage.fr\/blog\/bonne-annee-2021\/#primaryimage\"},\"thumbnailUrl\":\"http:\/\/www.photovoyage.fr\/blog\/wp-content\/uploads\/2021\/01\/sylvester-586224_1920.jpg\",\"datePublished\":\"2021-01-11T21:25:03+00:00\",\"dateModified\":\"2021-01-11T21:28:44+00:00\",\"breadcrumb\":{\"@id\":\"http:\/\/www.photovoyage.fr\/blog\/bonne-annee-2021\/#breadcrumb\"},\"inLanguage\":\"fr-FR\",\"potentialAction\":[{\"@type\":\"ReadAction\",\"target\":[\"http:\/\/www.photovoyage.fr\/blog\/bonne-annee-2021\/\"]}]},{\"@type\":\"ImageObject\",\"inLanguage\":\"fr-FR\",\"@id\":\"http:\/\/www.photovoyage.fr\/blog\/bonne-annee-2021\/#primaryimage\",\"url\":\"http:\/\/www.photovoyage.fr\/blog\/wp-content\/uploads\/2021\/01\/sylvester-586224_1920.jpg\",\"contentUrl\":\"http:\/\/www.photovoyage.fr\/blog\/wp-content\/uploads\/2021\/01\/sylvester-586224_1920.jpg\",\"width\":1920,\"height\":1281},{\"@type\":\"BreadcrumbList\",\"@id\":\"http:\/\/www.photovoyage.fr\/blog\/bonne-annee-2021\/#breadcrumb\",\"itemListElement\":[{\"@type\":\"ListItem\",\"position\":1,\"name\":\"Accueil\",\"item\":\"http:\/\/www.photovoyage.fr\/blog\/\"},{\"@type\":\"ListItem\",\"position\":2,\"name\":\"Bonne ann\u00e9e 2021\"}]},{\"@type\":\"WebSite\",\"@id\":\"http:\/\/www.photovoyage.fr\/blog\/#website\",\"url\":\"http:\/\/www.photovoyage.fr\/blog\/\",\"name\":\"photovoyage.fr\",\"description\":\"La passion de la photo et du voyage. Retrouvez ici nos r\u00e9cits de voyages et nos photos.\",\"publisher\":{\"@id\":\"http:\/\/www.photovoyage.fr\/blog\/#\/schema\/person\/a6600656ccdd05f7a4132987c28fc4ac\"},\"potentialAction\":[{\"@type\":\"SearchAction\",\"target\":{\"@type\":\"EntryPoint\",\"urlTemplate\":\"http:\/\/www.photovoyage.fr\/blog\/?s={search_term_string}\"},\"query-input\":{\"@type\":\"PropertyValueSpecification\",\"valueRequired\":true,\"valueName\":\"search_term_string\"}}],\"inLanguage\":\"fr-FR\"},{\"@type\":[\"Person\",\"Organization\"],\"@id\":\"http:\/\/www.photovoyage.fr\/blog\/#\/schema\/person\/a6600656ccdd05f7a4132987c28fc4ac\",\"name\":\"photovoyage\",\"image\":{\"@type\":\"ImageObject\",\"inLanguage\":\"fr-FR\",\"@id\":\"http:\/\/www.photovoyage.fr\/blog\/#\/schema\/person\/image\/\",\"url\":\"http:\/\/www.photovoyage.fr\/blog\/wp-content\/uploads\/2018\/04\/cropped-cropped-logo3.jpg\",\"contentUrl\":\"http:\/\/www.photovoyage.fr\/blog\/wp-content\/uploads\/2018\/04\/cropped-cropped-logo3.jpg\",\"width\":873,\"height\":111,\"caption\":\"photovoyage\"},\"logo\":{\"@id\":\"http:\/\/www.photovoyage.fr\/blog\/#\/schema\/person\/image\/\"}}]}<\/script>\n<!-- \/ Yoast SEO plugin. -->","yoast_head_json":{"title":"Bonne ann\u00e9e 2021 - photovoyage.fr","robots":{"index":"index","follow":"follow","max-snippet":"max-snippet:-1","max-image-preview":"max-image-preview:large","max-video-preview":"max-video-preview:-1"},"canonical":"http:\/\/www.photovoyage.fr\/blog\/bonne-annee-2021\/","og_locale":"fr_FR","og_type":"article","og_title":"Bonne ann\u00e9e 2021 - photovoyage.fr","og_description":"Bonne r\u00e9solution L&rsquo;ann\u00e9e 2021 commence avec une bonne r\u00e9solution : compenser chacun de nos voyages en avion d&rsquo;un point de vue \u00e9cologique en investissant dans des arbres. Beaucoup de blog de voyage proposent des solutions pour voyager \u00ab\u00a0vert\u00a0\u00bb. J&rsquo;ai d\u00e9cid\u00e9 pour ma part de ne pas donner de conseils particuliers mais juste de vous partager &hellip;","og_url":"http:\/\/www.photovoyage.fr\/blog\/bonne-annee-2021\/","og_site_name":"photovoyage.fr","article_published_time":"2021-01-11T21:25:03+00:00","article_modified_time":"2021-01-11T21:28:44+00:00","og_image":[{"width":1920,"height":1281,"url":"http:\/\/www.photovoyage.fr\/blog\/wp-content\/uploads\/2021\/01\/sylvester-586224_1920.jpg","type":"image\/jpeg"}],"author":"photovoyage","twitter_misc":{"\u00c9crit par":"photovoyage","Dur\u00e9e de lecture estim\u00e9e":"2 minutes"},"schema":{"@context":"https:\/\/schema.org","@graph":[{"@type":"Article","@id":"http:\/\/www.photovoyage.fr\/blog\/bonne-annee-2021\/#article","isPartOf":{"@id":"http:\/\/www.photovoyage.fr\/blog\/bonne-annee-2021\/"},"author":{"name":"photovoyage","@id":"http:\/\/www.photovoyage.fr\/blog\/#\/schema\/person\/a6600656ccdd05f7a4132987c28fc4ac"},"headline":"Bonne ann\u00e9e 2021","datePublished":"2021-01-11T21:25:03+00:00","dateModified":"2021-01-11T21:28:44+00:00","mainEntityOfPage":{"@id":"http:\/\/www.photovoyage.fr\/blog\/bonne-annee-2021\/"},"wordCount":325,"commentCount":0,"publisher":{"@id":"http:\/\/www.photovoyage.fr\/blog\/#\/schema\/person\/a6600656ccdd05f7a4132987c28fc4ac"},"image":{"@id":"http:\/\/www.photovoyage.fr\/blog\/bonne-annee-2021\/#primaryimage"},"thumbnailUrl":"http:\/\/www.photovoyage.fr\/blog\/wp-content\/uploads\/2021\/01\/sylvester-586224_1920.jpg","inLanguage":"fr-FR","potentialAction":[{"@type":"CommentAction","name":"Comment","target":["http:\/\/www.photovoyage.fr\/blog\/bonne-annee-2021\/#respond"]}]},{"@type":"WebPage","@id":"http:\/\/www.photovoyage.fr\/blog\/bonne-annee-2021\/","url":"http:\/\/www.photovoyage.fr\/blog\/bonne-annee-2021\/","name":"Bonne ann\u00e9e 2021 - photovoyage.fr","isPartOf":{"@id":"http:\/\/www.photovoyage.fr\/blog\/#website"},"primaryImageOfPage":{"@id":"http:\/\/www.photovoyage.fr\/blog\/bonne-annee-2021\/#primaryimage"},"image":{"@id":"http:\/\/www.photovoyage.fr\/blog\/bonne-annee-2021\/#primaryimage"},"thumbnailUrl":"http:\/\/www.photovoyage.fr\/blog\/wp-content\/uploads\/2021\/01\/sylvester-586224_1920.jpg","datePublished":"2021-01-11T21:25:03+00:00","dateModified":"2021-01-11T21:28:44+00:00","breadcrumb":{"@id":"http:\/\/www.photovoyage.fr\/blog\/bonne-annee-2021\/#breadcrumb"},"inLanguage":"fr-FR","potentialAction":[{"@type":"ReadAction","target":["http:\/\/www.photovoyage.fr\/blog\/bonne-annee-2021\/"]}]},{"@type":"ImageObject","inLanguage":"fr-FR","@id":"http:\/\/www.photovoyage.fr\/blog\/bonne-annee-2021\/#primaryimage","url":"http:\/\/www.photovoyage.fr\/blog\/wp-content\/uploads\/2021\/01\/sylvester-586224_1920.jpg","contentUrl":"http:\/\/www.photovoyage.fr\/blog\/wp-content\/uploads\/2021\/01\/sylvester-586224_1920.jpg","width":1920,"height":1281},{"@type":"BreadcrumbList","@id":"http:\/\/www.photovoyage.fr\/blog\/bonne-annee-2021\/#breadcrumb","itemListElement":[{"@type":"ListItem","position":1,"name":"Accueil","item":"http:\/\/www.photovoyage.fr\/blog\/"},{"@type":"ListItem","position":2,"name":"Bonne ann\u00e9e 2021"}]},{"@type":"WebSite","@id":"http:\/\/www.photovoyage.fr\/blog\/#website","url":"http:\/\/www.photovoyage.fr\/blog\/","name":"photovoyage.fr","description":"La passion de la photo et du voyage. Retrouvez ici nos r\u00e9cits de voyages et nos photos.","publisher":{"@id":"http:\/\/www.photovoyage.fr\/blog\/#\/schema\/person\/a6600656ccdd05f7a4132987c28fc4ac"},"potentialAction":[{"@type":"SearchAction","target":{"@type":"EntryPoint","urlTemplate":"http:\/\/www.photovoyage.fr\/blog\/?s={search_term_string}"},"query-input":{"@type":"PropertyValueSpecification","valueRequired":true,"valueName":"search_term_string"}}],"inLanguage":"fr-FR"},{"@type":["Person","Organization"],"@id":"http:\/\/www.photovoyage.fr\/blog\/#\/schema\/person\/a6600656ccdd05f7a4132987c28fc4ac","name":"photovoyage","image":{"@type":"ImageObject","inLanguage":"fr-FR","@id":"http:\/\/www.photovoyage.fr\/blog\/#\/schema\/person\/image\/","url":"http:\/\/www.photovoyage.fr\/blog\/wp-content\/uploads\/2018\/04\/cropped-cropped-logo3.jpg","contentUrl":"http:\/\/www.photovoyage.fr\/blog\/wp-content\/uploads\/2018\/04\/cropped-cropped-logo3.jpg","width":873,"height":111,"caption":"photovoyage"},"logo":{"@id":"http:\/\/www.photovoyage.fr\/blog\/#\/schema\/person\/image\/"}}]}},"_links":{"self":[{"href":"http:\/\/www.photovoyage.fr\/blog\/wp-json\/wp\/v2\/posts\/4454","targetHints":{"allow":["GET"]}}],"collection":[{"href":"http:\/\/www.photovoyage.fr\/blog\/wp-json\/wp\/v2\/posts"}],"about":[{"href":"http:\/\/www.photovoyage.fr\/blog\/wp-json\/wp\/v2\/types\/post"}],"author":[{"embeddable":true,"href":"http:\/\/www.photovoyage.fr\/blog\/wp-json\/wp\/v2\/users\/1"}],"replies":[{"embeddable":true,"href":"http:\/\/www.photovoyage.fr\/blog\/wp-json\/wp\/v2\/comments?post=4454"}],"version-history":[{"count":7,"href":"http:\/\/www.photovoyage.fr\/blog\/wp-json\/wp\/v2\/posts\/4454\/revisions"}],"predecessor-version":[{"id":4477,"href":"http:\/\/www.photovoyage.fr\/blog\/wp-json\/wp\/v2\/posts\/4454\/revisions\/4477"}],"wp:featuredmedia":[{"embeddable":true,"href":"http:\/\/www.photovoyage.fr\/blog\/wp-json\/wp\/v2\/media\/4461"}],"wp:attachment":[{"href":"http:\/\/www.photovoyage.fr\/blog\/wp-json\/wp\/v2\/media?parent=4454"}],"wp:term":[{"taxonomy":"category","embeddable":true,"href":"http:\/\/www.photovoyage.fr\/blog\/wp-json\/wp\/v2\/categories?post=4454"},{"taxonomy":"post_tag","embeddable":true,"href":"http:\/\/www.photovoyage.fr\/blog\/wp-json\/wp\/v2\/tags?post=4454"}],"curies":[{"name":"wp","href":"https:\/\/api.w.org\/{rel}","templated":true}]}}