{"id":4525,"date":"2022-08-07T20:39:15","date_gmt":"2022-08-07T19:39:15","guid":{"rendered":"http:\/\/www.photovoyage.fr\/blog\/?p=4525"},"modified":"2022-08-07T20:40:53","modified_gmt":"2022-08-07T19:40:53","slug":"notre-top-plages-de-louest-de-la-crete","status":"publish","type":"post","link":"http:\/\/www.photovoyage.fr\/blog\/notre-top-plages-de-louest-de-la-crete\/","title":{"rendered":"Notre top plages de l&rsquo;ouest de la Cr\u00e8te"},"content":{"rendered":"<div class=\"yzp-no-index\"><\/div><p><iframe loading=\"lazy\" src=\"https:\/\/www.google.com\/maps\/d\/embed?mid=1lnd9KK4unbaJXOlDGTtK7geccl35EsW5&amp;hl=fr\" width=\"800\" height=\"480\"><\/iframe><\/p>\n<p>Comment \u00e9voquer la Cr\u00e8te sans parler de ses plages ?&nbsp; Nous vous avons pr\u00e9par\u00e9 une petite s\u00e9lection des plages de l&rsquo;ouest de la Cr\u00e8te, d\u00e9couvertes au cours de ces 15 jours sur l&rsquo;ile. Ce n&rsquo;est pas un classement. Chacune est diff\u00e9rente et on vous laisse le soin de faire votre propre classement.&nbsp;<\/p>\n\n\n<h2 class=\"wp-block-heading\">Elafonisi et son sable rose<\/h2>\n\n\n\n<p>On commence notre liste par la plus connue de toutes les plages de Cr\u00e8te. Une magnifique plage aux eaux limpides et au sable rose. Tr\u00e8s fr\u00e9quent\u00e9e, la plage est grande et permet de trouver des coins plus tranquilles. A faire absolument.<\/p>\n\n\n\n<figure class=\"wp-block-image size-full\"><a href=\"http:\/\/www.photovoyage.fr\/blog\/wp-content\/uploads\/2022\/08\/web-1-1.jpg\"><img loading=\"lazy\" decoding=\"async\" width=\"999\" height=\"329\" src=\"http:\/\/www.photovoyage.fr\/blog\/wp-content\/uploads\/2022\/08\/web-1-1.jpg\" alt=\"\" class=\"wp-image-4650\" srcset=\"http:\/\/www.photovoyage.fr\/blog\/wp-content\/uploads\/2022\/08\/web-1-1.jpg 999w, http:\/\/www.photovoyage.fr\/blog\/wp-content\/uploads\/2022\/08\/web-1-1-300x99.jpg 300w, http:\/\/www.photovoyage.fr\/blog\/wp-content\/uploads\/2022\/08\/web-1-1-768x253.jpg 768w, http:\/\/www.photovoyage.fr\/blog\/wp-content\/uploads\/2022\/08\/web-1-1-780x257.jpg 780w\" sizes=\"auto, (max-width: 999px) 100vw, 999px\" \/><\/a><\/figure>\n\n\n\n<h2 class=\"wp-block-heading\">Balos<\/h2>\n\n\n\n<p>Si on ne devait en retenir une seule, ce serait Balos. L&rsquo;une des plus belles plages de Gr\u00e8ce \u00e0 coup sur, et parmis les plus belles du monde. Nous avons eu la chance de nous y rendre en b\u00e2teau. Le site permet de monter un peu en hauteur pour contempler le site et appr\u00e9hender toutes les variantes de couleurs,<\/p>\n\n\n\n<figure class=\"wp-block-image size-full\"><a href=\"http:\/\/www.photovoyage.fr\/blog\/wp-content\/uploads\/2022\/08\/web-.jpg\"><img loading=\"lazy\" decoding=\"async\" width=\"999\" height=\"319\" src=\"http:\/\/www.photovoyage.fr\/blog\/wp-content\/uploads\/2022\/08\/web-.jpg\" alt=\"\" class=\"wp-image-4649\" srcset=\"http:\/\/www.photovoyage.fr\/blog\/wp-content\/uploads\/2022\/08\/web-.jpg 999w, http:\/\/www.photovoyage.fr\/blog\/wp-content\/uploads\/2022\/08\/web--300x96.jpg 300w, http:\/\/www.photovoyage.fr\/blog\/wp-content\/uploads\/2022\/08\/web--768x245.jpg 768w, http:\/\/www.photovoyage.fr\/blog\/wp-content\/uploads\/2022\/08\/web--780x249.jpg 780w\" sizes=\"auto, (max-width: 999px) 100vw, 999px\" \/><\/a><\/figure>\n\n\n\n<h2 class=\"wp-block-heading\">L&rsquo;immense plage de Falasarna<\/h2>\n\n\n\n<p>Une d\u00e9couverte. Tr\u00e8s grande plage de sable magnifique depuis la route. Comment r\u00e9sister \u00e0 ces nuances de bleus ?<\/p>\n\n\n\n<figure class=\"wp-block-image size-full\"><a href=\"http:\/\/www.photovoyage.fr\/blog\/wp-content\/uploads\/2022\/08\/web-1-2.jpg\"><img loading=\"lazy\" decoding=\"async\" width=\"1000\" height=\"282\" src=\"http:\/\/www.photovoyage.fr\/blog\/wp-content\/uploads\/2022\/08\/web-1-2.jpg\" alt=\"\" class=\"wp-image-4651\" srcset=\"http:\/\/www.photovoyage.fr\/blog\/wp-content\/uploads\/2022\/08\/web-1-2.jpg 1000w, http:\/\/www.photovoyage.fr\/blog\/wp-content\/uploads\/2022\/08\/web-1-2-300x85.jpg 300w, http:\/\/www.photovoyage.fr\/blog\/wp-content\/uploads\/2022\/08\/web-1-2-768x217.jpg 768w, http:\/\/www.photovoyage.fr\/blog\/wp-content\/uploads\/2022\/08\/web-1-2-780x220.jpg 780w\" sizes=\"auto, (max-width: 1000px) 100vw, 1000px\" \/><\/a><\/figure>\n\n\n\n<h2 class=\"wp-block-heading\">La petite plage de Marathi<\/h2>\n\n\n\n<p>Une plage familiale, pas tr\u00e8s grande mais paisible. Id\u00e9ale pour passer un bon moment et finir \u00e0 la taverne pour manger du poulpe grill\u00e9 ou des crevettes. On a m\u00eame pu sortir la paddle et profiter de cette plage proche de la Can\u00e9e. <\/p>\n\n\n\n<figure class=\"wp-block-image size-full\"><a href=\"http:\/\/www.photovoyage.fr\/blog\/wp-content\/uploads\/2022\/08\/web-2-1.jpg\"><img loading=\"lazy\" decoding=\"async\" width=\"1000\" height=\"748\" src=\"http:\/\/www.photovoyage.fr\/blog\/wp-content\/uploads\/2022\/08\/web-2-1.jpg\" alt=\"\" class=\"wp-image-4656\" srcset=\"http:\/\/www.photovoyage.fr\/blog\/wp-content\/uploads\/2022\/08\/web-2-1.jpg 1000w, http:\/\/www.photovoyage.fr\/blog\/wp-content\/uploads\/2022\/08\/web-2-1-300x224.jpg 300w, http:\/\/www.photovoyage.fr\/blog\/wp-content\/uploads\/2022\/08\/web-2-1-768x574.jpg 768w, http:\/\/www.photovoyage.fr\/blog\/wp-content\/uploads\/2022\/08\/web-2-1-780x583.jpg 780w\" sizes=\"auto, (max-width: 1000px) 100vw, 1000px\" \/><\/a><\/figure>\n\n\n\n<h2 class=\"wp-block-heading\">La plage sauvage de Domata<\/h2>\n\n\n\n<p>Situ\u00e9e au sud de l&rsquo;ile, \u00e0 l&rsquo;ouest de Loutro, Domata est difficilement accessible. C&rsquo;est ce cot\u00e9 sauvage qui nous a plu. Avec ses galets et son sable noir, Domata est la plus sauvage des plages de notre classement.<\/p>\n\n\n\n<figure class=\"wp-block-image size-full\"><a href=\"http:\/\/www.photovoyage.fr\/blog\/wp-content\/uploads\/2022\/08\/web-2.jpg\"><img loading=\"lazy\" decoding=\"async\" width=\"748\" height=\"1000\" src=\"http:\/\/www.photovoyage.fr\/blog\/wp-content\/uploads\/2022\/08\/web-2.jpg\" alt=\"\" class=\"wp-image-4654\" srcset=\"http:\/\/www.photovoyage.fr\/blog\/wp-content\/uploads\/2022\/08\/web-2.jpg 748w, http:\/\/www.photovoyage.fr\/blog\/wp-content\/uploads\/2022\/08\/web-2-224x300.jpg 224w\" sizes=\"auto, (max-width: 748px) 100vw, 748px\" \/><\/a><\/figure>\n\n\n\n<h2 class=\"wp-block-heading\">Marmara et son charme<\/h2>\n\n\n\n<p>Voici une des d\u00e9couvertes de notre sortie en bateau. Marmara est un magnifique site, situ\u00e9 au pied de gorges magnifiques (les gorges d&rsquo;Aradena). L&rsquo;eau cristalline est vraiment magnifique et on peu acc\u00e9der \u00e0 des grottes. La plage est \u00e9quip\u00e9e avec parasoles et taverne et une petite chapelles compl\u00e8te le tableau de ce cadre idyllique.<\/p>\n\n\n\n<figure class=\"wp-block-image size-full\"><a href=\"http:\/\/www.photovoyage.fr\/blog\/wp-content\/uploads\/2022\/08\/web-3.jpg\"><img loading=\"lazy\" decoding=\"async\" width=\"1000\" height=\"748\" src=\"http:\/\/www.photovoyage.fr\/blog\/wp-content\/uploads\/2022\/08\/web-3.jpg\" alt=\"\" class=\"wp-image-4653\" srcset=\"http:\/\/www.photovoyage.fr\/blog\/wp-content\/uploads\/2022\/08\/web-3.jpg 1000w, http:\/\/www.photovoyage.fr\/blog\/wp-content\/uploads\/2022\/08\/web-3-300x224.jpg 300w, http:\/\/www.photovoyage.fr\/blog\/wp-content\/uploads\/2022\/08\/web-3-768x574.jpg 768w, http:\/\/www.photovoyage.fr\/blog\/wp-content\/uploads\/2022\/08\/web-3-780x583.jpg 780w\" sizes=\"auto, (max-width: 1000px) 100vw, 1000px\" \/><\/a><\/figure>\n\n\n\n<h2 class=\"wp-block-heading\">Stavros et la montagne de Zorba<\/h2>\n\n\n\n<p>Situ\u00e9e dans la presqu&rsquo;ile de , la plage de Stavros est petite et est domin\u00e9e par un rocher qui a servi de d\u00e9cor dans le film Zorba le grec. Beaucoup de monde et donc pas facile d&rsquo;appr\u00e9cier vraiment cette plage en plein \u00e9t\u00e9&#8230;<\/p>\n\n\n\n<figure class=\"wp-block-image size-full\"><a href=\"http:\/\/www.photovoyage.fr\/blog\/wp-content\/uploads\/2022\/08\/web-3471.jpg\"><img loading=\"lazy\" decoding=\"async\" width=\"1000\" height=\"667\" src=\"http:\/\/www.photovoyage.fr\/blog\/wp-content\/uploads\/2022\/08\/web-3471.jpg\" alt=\"\" class=\"wp-image-4655\" srcset=\"http:\/\/www.photovoyage.fr\/blog\/wp-content\/uploads\/2022\/08\/web-3471.jpg 1000w, http:\/\/www.photovoyage.fr\/blog\/wp-content\/uploads\/2022\/08\/web-3471-300x200.jpg 300w, http:\/\/www.photovoyage.fr\/blog\/wp-content\/uploads\/2022\/08\/web-3471-768x512.jpg 768w, http:\/\/www.photovoyage.fr\/blog\/wp-content\/uploads\/2022\/08\/web-3471-780x520.jpg 780w\" sizes=\"auto, (max-width: 1000px) 100vw, 1000px\" \/><\/a><\/figure>\n","protected":false},"excerpt":{"rendered":"<p>Comment \u00e9voquer la Cr\u00e8te sans parler de ses plages ?&nbsp; Nous vous avons pr\u00e9par\u00e9 une petite s\u00e9lection des plages de l&rsquo;ouest de la Cr\u00e8te, d\u00e9couvertes au cours de ces 15 jours sur l&rsquo;ile. Ce n&rsquo;est pas un classement. Chacune est diff\u00e9rente et on vous laisse le soin de faire votre propre classement.&nbsp; Elafonisi et son &hellip;<\/p>\n","protected":false},"author":1,"featured_media":4649,"comment_status":"open","ping_status":"open","sticky":false,"template":"","format":"standard","meta":{"ngg_post_thumbnail":0,"footnotes":""},"categories":[6],"tags":[192,213,207,94],"class_list":["post-4525","post","type-post","status-publish","format-standard","has-post-thumbnail","hentry","category-voyages","tag-crete","tag-europe","tag-grece-2","tag-mediterranee","entry entry-center"],"yoast_head":"<!-- This site is optimized with the Yoast SEO plugin v24.1 - https:\/\/yoast.com\/wordpress\/plugins\/seo\/ -->\n<title>Notre top plages de l&#039;ouest de la Cr\u00e8te - photovoyage.fr<\/title>\n<meta name=\"robots\" content=\"index, follow, max-snippet:-1, max-image-preview:large, max-video-preview:-1\" \/>\n<link rel=\"canonical\" href=\"http:\/\/www.photovoyage.fr\/blog\/notre-top-plages-de-louest-de-la-crete\/\" \/>\n<meta property=\"og:locale\" content=\"fr_FR\" \/>\n<meta property=\"og:type\" content=\"article\" \/>\n<meta property=\"og:title\" content=\"Notre top plages de l&#039;ouest de la Cr\u00e8te - photovoyage.fr\" \/>\n<meta property=\"og:description\" content=\"Comment \u00e9voquer la Cr\u00e8te sans parler de ses plages ?&nbsp; Nous vous avons pr\u00e9par\u00e9 une petite s\u00e9lection des plages de l&rsquo;ouest de la Cr\u00e8te, d\u00e9couvertes au cours de ces 15 jours sur l&rsquo;ile. Ce n&rsquo;est pas un classement. Chacune est diff\u00e9rente et on vous laisse le soin de faire votre propre classement.&nbsp; Elafonisi et son &hellip;\" \/>\n<meta property=\"og:url\" content=\"http:\/\/www.photovoyage.fr\/blog\/notre-top-plages-de-louest-de-la-crete\/\" \/>\n<meta property=\"og:site_name\" content=\"photovoyage.fr\" \/>\n<meta property=\"article:published_time\" content=\"2022-08-07T19:39:15+00:00\" \/>\n<meta property=\"article:modified_time\" content=\"2022-08-07T19:40:53+00:00\" \/>\n<meta property=\"og:image\" content=\"http:\/\/www.photovoyage.fr\/blog\/wp-content\/uploads\/2022\/08\/web-.jpg\" \/>\n\t<meta property=\"og:image:width\" content=\"999\" \/>\n\t<meta property=\"og:image:height\" content=\"319\" \/>\n\t<meta property=\"og:image:type\" content=\"image\/jpeg\" \/>\n<meta name=\"author\" content=\"photovoyage\" \/>\n<meta name=\"twitter:label1\" content=\"\u00c9crit par\" \/>\n\t<meta name=\"twitter:data1\" content=\"photovoyage\" \/>\n\t<meta name=\"twitter:label2\" content=\"Dur\u00e9e de lecture estim\u00e9e\" \/>\n\t<meta name=\"twitter:data2\" content=\"4 minutes\" \/>\n<script type=\"application\/ld+json\" class=\"yoast-schema-graph\">{\"@context\":\"https:\/\/schema.org\",\"@graph\":[{\"@type\":\"Article\",\"@id\":\"http:\/\/www.photovoyage.fr\/blog\/notre-top-plages-de-louest-de-la-crete\/#article\",\"isPartOf\":{\"@id\":\"http:\/\/www.photovoyage.fr\/blog\/notre-top-plages-de-louest-de-la-crete\/\"},\"author\":{\"name\":\"photovoyage\",\"@id\":\"http:\/\/www.photovoyage.fr\/blog\/#\/schema\/person\/a6600656ccdd05f7a4132987c28fc4ac\"},\"headline\":\"Notre top plages de l&rsquo;ouest de la Cr\u00e8te\",\"datePublished\":\"2022-08-07T19:39:15+00:00\",\"dateModified\":\"2022-08-07T19:40:53+00:00\",\"mainEntityOfPage\":{\"@id\":\"http:\/\/www.photovoyage.fr\/blog\/notre-top-plages-de-louest-de-la-crete\/\"},\"wordCount\":410,\"commentCount\":0,\"publisher\":{\"@id\":\"http:\/\/www.photovoyage.fr\/blog\/#\/schema\/person\/a6600656ccdd05f7a4132987c28fc4ac\"},\"image\":{\"@id\":\"http:\/\/www.photovoyage.fr\/blog\/notre-top-plages-de-louest-de-la-crete\/#primaryimage\"},\"thumbnailUrl\":\"http:\/\/www.photovoyage.fr\/blog\/wp-content\/uploads\/2022\/08\/web-.jpg\",\"keywords\":[\"Cr\u00eate\",\"Europe\",\"Gr\u00e8ce\",\"M\u00e9diterran\u00e9e\"],\"articleSection\":[\"Voyages\"],\"inLanguage\":\"fr-FR\",\"potentialAction\":[{\"@type\":\"CommentAction\",\"name\":\"Comment\",\"target\":[\"http:\/\/www.photovoyage.fr\/blog\/notre-top-plages-de-louest-de-la-crete\/#respond\"]}]},{\"@type\":\"WebPage\",\"@id\":\"http:\/\/www.photovoyage.fr\/blog\/notre-top-plages-de-louest-de-la-crete\/\",\"url\":\"http:\/\/www.photovoyage.fr\/blog\/notre-top-plages-de-louest-de-la-crete\/\",\"name\":\"Notre top plages de l'ouest de la Cr\u00e8te - photovoyage.fr\",\"isPartOf\":{\"@id\":\"http:\/\/www.photovoyage.fr\/blog\/#website\"},\"primaryImageOfPage\":{\"@id\":\"http:\/\/www.photovoyage.fr\/blog\/notre-top-plages-de-louest-de-la-crete\/#primaryimage\"},\"image\":{\"@id\":\"http:\/\/www.photovoyage.fr\/blog\/notre-top-plages-de-louest-de-la-crete\/#primaryimage\"},\"thumbnailUrl\":\"http:\/\/www.photovoyage.fr\/blog\/wp-content\/uploads\/2022\/08\/web-.jpg\",\"datePublished\":\"2022-08-07T19:39:15+00:00\",\"dateModified\":\"2022-08-07T19:40:53+00:00\",\"breadcrumb\":{\"@id\":\"http:\/\/www.photovoyage.fr\/blog\/notre-top-plages-de-louest-de-la-crete\/#breadcrumb\"},\"inLanguage\":\"fr-FR\",\"potentialAction\":[{\"@type\":\"ReadAction\",\"target\":[\"http:\/\/www.photovoyage.fr\/blog\/notre-top-plages-de-louest-de-la-crete\/\"]}]},{\"@type\":\"ImageObject\",\"inLanguage\":\"fr-FR\",\"@id\":\"http:\/\/www.photovoyage.fr\/blog\/notre-top-plages-de-louest-de-la-crete\/#primaryimage\",\"url\":\"http:\/\/www.photovoyage.fr\/blog\/wp-content\/uploads\/2022\/08\/web-.jpg\",\"contentUrl\":\"http:\/\/www.photovoyage.fr\/blog\/wp-content\/uploads\/2022\/08\/web-.jpg\",\"width\":999,\"height\":319},{\"@type\":\"BreadcrumbList\",\"@id\":\"http:\/\/www.photovoyage.fr\/blog\/notre-top-plages-de-louest-de-la-crete\/#breadcrumb\",\"itemListElement\":[{\"@type\":\"ListItem\",\"position\":1,\"name\":\"Accueil\",\"item\":\"http:\/\/www.photovoyage.fr\/blog\/\"},{\"@type\":\"ListItem\",\"position\":2,\"name\":\"Notre top plages de l&#8217;ouest de la Cr\u00e8te\"}]},{\"@type\":\"WebSite\",\"@id\":\"http:\/\/www.photovoyage.fr\/blog\/#website\",\"url\":\"http:\/\/www.photovoyage.fr\/blog\/\",\"name\":\"photovoyage.fr\",\"description\":\"La passion de la photo et du voyage. Retrouvez ici nos r\u00e9cits de voyages et nos photos.\",\"publisher\":{\"@id\":\"http:\/\/www.photovoyage.fr\/blog\/#\/schema\/person\/a6600656ccdd05f7a4132987c28fc4ac\"},\"potentialAction\":[{\"@type\":\"SearchAction\",\"target\":{\"@type\":\"EntryPoint\",\"urlTemplate\":\"http:\/\/www.photovoyage.fr\/blog\/?s={search_term_string}\"},\"query-input\":{\"@type\":\"PropertyValueSpecification\",\"valueRequired\":true,\"valueName\":\"search_term_string\"}}],\"inLanguage\":\"fr-FR\"},{\"@type\":[\"Person\",\"Organization\"],\"@id\":\"http:\/\/www.photovoyage.fr\/blog\/#\/schema\/person\/a6600656ccdd05f7a4132987c28fc4ac\",\"name\":\"photovoyage\",\"image\":{\"@type\":\"ImageObject\",\"inLanguage\":\"fr-FR\",\"@id\":\"http:\/\/www.photovoyage.fr\/blog\/#\/schema\/person\/image\/\",\"url\":\"http:\/\/www.photovoyage.fr\/blog\/wp-content\/uploads\/2018\/04\/cropped-cropped-logo3.jpg\",\"contentUrl\":\"http:\/\/www.photovoyage.fr\/blog\/wp-content\/uploads\/2018\/04\/cropped-cropped-logo3.jpg\",\"width\":873,\"height\":111,\"caption\":\"photovoyage\"},\"logo\":{\"@id\":\"http:\/\/www.photovoyage.fr\/blog\/#\/schema\/person\/image\/\"}}]}<\/script>\n<!-- \/ Yoast SEO plugin. -->","yoast_head_json":{"title":"Notre top plages de l'ouest de la Cr\u00e8te - photovoyage.fr","robots":{"index":"index","follow":"follow","max-snippet":"max-snippet:-1","max-image-preview":"max-image-preview:large","max-video-preview":"max-video-preview:-1"},"canonical":"http:\/\/www.photovoyage.fr\/blog\/notre-top-plages-de-louest-de-la-crete\/","og_locale":"fr_FR","og_type":"article","og_title":"Notre top plages de l'ouest de la Cr\u00e8te - photovoyage.fr","og_description":"Comment \u00e9voquer la Cr\u00e8te sans parler de ses plages ?&nbsp; Nous vous avons pr\u00e9par\u00e9 une petite s\u00e9lection des plages de l&rsquo;ouest de la Cr\u00e8te, d\u00e9couvertes au cours de ces 15 jours sur l&rsquo;ile. Ce n&rsquo;est pas un classement. Chacune est diff\u00e9rente et on vous laisse le soin de faire votre propre classement.&nbsp; Elafonisi et son &hellip;","og_url":"http:\/\/www.photovoyage.fr\/blog\/notre-top-plages-de-louest-de-la-crete\/","og_site_name":"photovoyage.fr","article_published_time":"2022-08-07T19:39:15+00:00","article_modified_time":"2022-08-07T19:40:53+00:00","og_image":[{"width":999,"height":319,"url":"http:\/\/www.photovoyage.fr\/blog\/wp-content\/uploads\/2022\/08\/web-.jpg","type":"image\/jpeg"}],"author":"photovoyage","twitter_misc":{"\u00c9crit par":"photovoyage","Dur\u00e9e de lecture estim\u00e9e":"4 minutes"},"schema":{"@context":"https:\/\/schema.org","@graph":[{"@type":"Article","@id":"http:\/\/www.photovoyage.fr\/blog\/notre-top-plages-de-louest-de-la-crete\/#article","isPartOf":{"@id":"http:\/\/www.photovoyage.fr\/blog\/notre-top-plages-de-louest-de-la-crete\/"},"author":{"name":"photovoyage","@id":"http:\/\/www.photovoyage.fr\/blog\/#\/schema\/person\/a6600656ccdd05f7a4132987c28fc4ac"},"headline":"Notre top plages de l&rsquo;ouest de la Cr\u00e8te","datePublished":"2022-08-07T19:39:15+00:00","dateModified":"2022-08-07T19:40:53+00:00","mainEntityOfPage":{"@id":"http:\/\/www.photovoyage.fr\/blog\/notre-top-plages-de-louest-de-la-crete\/"},"wordCount":410,"commentCount":0,"publisher":{"@id":"http:\/\/www.photovoyage.fr\/blog\/#\/schema\/person\/a6600656ccdd05f7a4132987c28fc4ac"},"image":{"@id":"http:\/\/www.photovoyage.fr\/blog\/notre-top-plages-de-louest-de-la-crete\/#primaryimage"},"thumbnailUrl":"http:\/\/www.photovoyage.fr\/blog\/wp-content\/uploads\/2022\/08\/web-.jpg","keywords":["Cr\u00eate","Europe","Gr\u00e8ce","M\u00e9diterran\u00e9e"],"articleSection":["Voyages"],"inLanguage":"fr-FR","potentialAction":[{"@type":"CommentAction","name":"Comment","target":["http:\/\/www.photovoyage.fr\/blog\/notre-top-plages-de-louest-de-la-crete\/#respond"]}]},{"@type":"WebPage","@id":"http:\/\/www.photovoyage.fr\/blog\/notre-top-plages-de-louest-de-la-crete\/","url":"http:\/\/www.photovoyage.fr\/blog\/notre-top-plages-de-louest-de-la-crete\/","name":"Notre top plages de l'ouest de la Cr\u00e8te - photovoyage.fr","isPartOf":{"@id":"http:\/\/www.photovoyage.fr\/blog\/#website"},"primaryImageOfPage":{"@id":"http:\/\/www.photovoyage.fr\/blog\/notre-top-plages-de-louest-de-la-crete\/#primaryimage"},"image":{"@id":"http:\/\/www.photovoyage.fr\/blog\/notre-top-plages-de-louest-de-la-crete\/#primaryimage"},"thumbnailUrl":"http:\/\/www.photovoyage.fr\/blog\/wp-content\/uploads\/2022\/08\/web-.jpg","datePublished":"2022-08-07T19:39:15+00:00","dateModified":"2022-08-07T19:40:53+00:00","breadcrumb":{"@id":"http:\/\/www.photovoyage.fr\/blog\/notre-top-plages-de-louest-de-la-crete\/#breadcrumb"},"inLanguage":"fr-FR","potentialAction":[{"@type":"ReadAction","target":["http:\/\/www.photovoyage.fr\/blog\/notre-top-plages-de-louest-de-la-crete\/"]}]},{"@type":"ImageObject","inLanguage":"fr-FR","@id":"http:\/\/www.photovoyage.fr\/blog\/notre-top-plages-de-louest-de-la-crete\/#primaryimage","url":"http:\/\/www.photovoyage.fr\/blog\/wp-content\/uploads\/2022\/08\/web-.jpg","contentUrl":"http:\/\/www.photovoyage.fr\/blog\/wp-content\/uploads\/2022\/08\/web-.jpg","width":999,"height":319},{"@type":"BreadcrumbList","@id":"http:\/\/www.photovoyage.fr\/blog\/notre-top-plages-de-louest-de-la-crete\/#breadcrumb","itemListElement":[{"@type":"ListItem","position":1,"name":"Accueil","item":"http:\/\/www.photovoyage.fr\/blog\/"},{"@type":"ListItem","position":2,"name":"Notre top plages de l&#8217;ouest de la Cr\u00e8te"}]},{"@type":"WebSite","@id":"http:\/\/www.photovoyage.fr\/blog\/#website","url":"http:\/\/www.photovoyage.fr\/blog\/","name":"photovoyage.fr","description":"La passion de la photo et du voyage. Retrouvez ici nos r\u00e9cits de voyages et nos photos.","publisher":{"@id":"http:\/\/www.photovoyage.fr\/blog\/#\/schema\/person\/a6600656ccdd05f7a4132987c28fc4ac"},"potentialAction":[{"@type":"SearchAction","target":{"@type":"EntryPoint","urlTemplate":"http:\/\/www.photovoyage.fr\/blog\/?s={search_term_string}"},"query-input":{"@type":"PropertyValueSpecification","valueRequired":true,"valueName":"search_term_string"}}],"inLanguage":"fr-FR"},{"@type":["Person","Organization"],"@id":"http:\/\/www.photovoyage.fr\/blog\/#\/schema\/person\/a6600656ccdd05f7a4132987c28fc4ac","name":"photovoyage","image":{"@type":"ImageObject","inLanguage":"fr-FR","@id":"http:\/\/www.photovoyage.fr\/blog\/#\/schema\/person\/image\/","url":"http:\/\/www.photovoyage.fr\/blog\/wp-content\/uploads\/2018\/04\/cropped-cropped-logo3.jpg","contentUrl":"http:\/\/www.photovoyage.fr\/blog\/wp-content\/uploads\/2018\/04\/cropped-cropped-logo3.jpg","width":873,"height":111,"caption":"photovoyage"},"logo":{"@id":"http:\/\/www.photovoyage.fr\/blog\/#\/schema\/person\/image\/"}}]}},"_links":{"self":[{"href":"http:\/\/www.photovoyage.fr\/blog\/wp-json\/wp\/v2\/posts\/4525","targetHints":{"allow":["GET"]}}],"collection":[{"href":"http:\/\/www.photovoyage.fr\/blog\/wp-json\/wp\/v2\/posts"}],"about":[{"href":"http:\/\/www.photovoyage.fr\/blog\/wp-json\/wp\/v2\/types\/post"}],"author":[{"embeddable":true,"href":"http:\/\/www.photovoyage.fr\/blog\/wp-json\/wp\/v2\/users\/1"}],"replies":[{"embeddable":true,"href":"http:\/\/www.photovoyage.fr\/blog\/wp-json\/wp\/v2\/comments?post=4525"}],"version-history":[{"count":8,"href":"http:\/\/www.photovoyage.fr\/blog\/wp-json\/wp\/v2\/posts\/4525\/revisions"}],"predecessor-version":[{"id":4657,"href":"http:\/\/www.photovoyage.fr\/blog\/wp-json\/wp\/v2\/posts\/4525\/revisions\/4657"}],"wp:featuredmedia":[{"embeddable":true,"href":"http:\/\/www.photovoyage.fr\/blog\/wp-json\/wp\/v2\/media\/4649"}],"wp:attachment":[{"href":"http:\/\/www.photovoyage.fr\/blog\/wp-json\/wp\/v2\/media?parent=4525"}],"wp:term":[{"taxonomy":"category","embeddable":true,"href":"http:\/\/www.photovoyage.fr\/blog\/wp-json\/wp\/v2\/categories?post=4525"},{"taxonomy":"post_tag","embeddable":true,"href":"http:\/\/www.photovoyage.fr\/blog\/wp-json\/wp\/v2\/tags?post=4525"}],"curies":[{"name":"wp","href":"https:\/\/api.w.org\/{rel}","templated":true}]}}