{"id":4720,"date":"2023-05-27T20:47:48","date_gmt":"2023-05-27T19:47:48","guid":{"rendered":"http:\/\/www.photovoyage.fr\/blog\/?p=4720"},"modified":"2023-05-27T20:47:51","modified_gmt":"2023-05-27T19:47:51","slug":"escapade-en-toscane-de-lucques-a-sienne","status":"publish","type":"post","link":"http:\/\/www.photovoyage.fr\/blog\/escapade-en-toscane-de-lucques-a-sienne\/","title":{"rendered":"Escapade en Toscane de Lucques \u00e0 Sienne"},"content":{"rendered":"<div class=\"yzp-no-index\"><\/div>\n<p>La Toscane a \u00e9t\u00e9 notre premier voyage. C&rsquo;\u00e9tait en 2007 et nous gardons un magnifique souvenir de notre escapade dans cette r\u00e9gion vraiment magnifique. Seize ans apr\u00e8s, c&rsquo;est avec beaucoup de plaisir que nous retournons pour quelques jours entre Lucques et Sienne&#8230;\u00e0 trois cette fois.<\/p>\n\n\n\n<p><strong>Lucques &amp; Pise : <\/strong><\/p>\n\n\n\n<p>Vous pouvez tout \u00e0 fait visiter ces deux jolies villes en une journ\u00e9e. Pise pour commencer avec \u00e9videmment la fameuse Tour de Pise qui fait partie d&rsquo;un ensemble architecturale de toute beaut\u00e9 (Piazza dei Miracoli) incluant le Baptist\u00e8re et le Duomo.<\/p>\n\n\n\n<p>Lucques est \u00e9galement une ville \u00e0 ne pas r\u00e2ter. Promenez vous dans cette ville calme et paisible, entour\u00e9e de remparts et admirez les nombreuses places, \u00e9glises et autres monuments. C&rsquo;est aussi la ville natale de Puccini.<\/p>\n\n\n\n<p>En savoir plus : <\/p>\n\n\n\n<p><a href=\"https:\/\/www.voyage-italie.fr\/guide-italie\/destination\/lucques\">https:\/\/www.voyage-italie.fr\/guide-italie\/destination\/lucques<\/a><\/p>\n\n\n\n<p><a href=\"https:\/\/www.voyage-italie.fr\/guide-italie\/destination\/pise\">https:\/\/www.voyage-italie.fr\/guide-italie\/destination\/pise<\/a><\/p>\n\n\n\n<p><strong>Florence : <\/strong><\/p>\n\n\n\n<p>Moins connu que son homologue Boboli, les Jardins de Bardini n&rsquo;en valent pas moins le d\u00e9tour. Commencez la visite de Florence par la vue depuis les jardins Bardini. <\/p>\n\n\n\n<p>Vous aurez ainsi une magnifique perspective sur la ville et profiterez de ce coin de verdure un peu plus \u00e0 l&rsquo;abri de la fr\u00e9n\u00e9sie de la ville. Vous  pourrez ensuite aller facilement \u00e0 pied visiter Florence et passer par exemple par le ponte Vecchio, un pont mythique reconstruit en pierre en 1345 et qui depuis 1593 abrite des \u00e9choppes d&rsquo;arts nobles (bijouteries &amp; orf\u00e8vrerie). <\/p>\n\n\n\n<p>A vous ensuite de faire votre programme. La ville ne manque pas de choses \u00e0 voir&#8230; Le duomo, le palazzo Vecchio, la Galerie des Offices ou celle de l&rsquo;Academie, le palais Pitti, et bien d&rsquo;autres tr\u00e9sors que vous d\u00e9couvrirez en fl\u00e2nant un peu.<\/p>\n\n\n\n<figure class=\"wp-block-image size-large\"><img decoding=\"async\" src=\"http:\/\/www.photovoyage.fr\/blog\/wp-content\/gallery\/toscane-2023\/52909580771_19948dfa68_c.jpg\" alt=\"\"\/><\/figure>\n\n\n\n<p>Florence reste l&rsquo;une des plus belles villes d&rsquo;Italie et une valeur sure pour passer un Week-end alliant culture et gastronomie.<\/p>\n\n\n\n<p><strong>Sienne : <\/strong><\/p>\n\n\n\n<p>La grande rivale de Florence. <\/p>\n\n\n\n<p>Sienne est \u00e9galement une ville magnifique. C&rsquo;est d&rsquo;ailleurs un peu notre ville coup de coeur en Toscane. Avec son architecture en pierre rouge (terre de sienne) elle a su garder ce charme d&rsquo;antan (de l&rsquo;\u00e9poque m\u00e9dieval). Sa place centrale en forme de coquillage (Piazza Del Campo) accueille le Palazzo Pubblico, l&rsquo;h\u00f4tel de ville gothique, et la Torre del Mangia, tour \u00e9troite du XIVe si\u00e8cle offrant une vue panoramique depuis son sommet en travertin blanc.<\/p>\n\n\n\n<p>Arpentez les 17 contrades (quartier) de la ville et impregnez ville de Sienne.<\/p>\n\n\n\n<p>si vous chez un h\u00f4tel on vous conseille \u00ab\u00a0<strong>Il Giardino di Pantaneto<\/strong>\u00a0\u00bb \u00e0 deux pas de la Piazza des Campo mais dans un petit \u00e9crin de verdure. Confort et calme pour appr\u00e9cier encore plus la ville.<\/p>\n\n\n\n<figure class=\"wp-block-image size-full\"><a href=\"http:\/\/www.photovoyage.fr\/blog\/wp-content\/uploads\/2023\/05\/suite-room-vista-dalle.jpg\"><img loading=\"lazy\" decoding=\"async\" width=\"550\" height=\"367\" src=\"http:\/\/www.photovoyage.fr\/blog\/wp-content\/uploads\/2023\/05\/suite-room-vista-dalle.jpg\" alt=\"\" class=\"wp-image-4743\" srcset=\"http:\/\/www.photovoyage.fr\/blog\/wp-content\/uploads\/2023\/05\/suite-room-vista-dalle.jpg 550w, http:\/\/www.photovoyage.fr\/blog\/wp-content\/uploads\/2023\/05\/suite-room-vista-dalle-300x200.jpg 300w\" sizes=\"auto, (max-width: 550px) 100vw, 550px\" \/><\/a><figcaption>Il Giardino di Pantaneto<\/figcaption><\/figure>\n\n\n\n<p><a href=\"https:\/\/www.booking.com\/hotel\/it\/il-giardino-di-pantaneto.en.html?aid=1221594&amp;no_rooms=1&amp;group_adults=2\">R\u00e9server ici<\/a><\/p>\n\n\n\n<figure class=\"wp-block-image size-full\"><a href=\"http:\/\/www.photovoyage.fr\/blog\/wp-content\/uploads\/2023\/05\/52909003067_765aa6b643_c.jpg\"><img loading=\"lazy\" decoding=\"async\" width=\"799\" height=\"231\" src=\"http:\/\/www.photovoyage.fr\/blog\/wp-content\/uploads\/2023\/05\/52909003067_765aa6b643_c.jpg\" alt=\"Panorama de Sienne\" class=\"wp-image-4738\" srcset=\"http:\/\/www.photovoyage.fr\/blog\/wp-content\/uploads\/2023\/05\/52909003067_765aa6b643_c.jpg 799w, http:\/\/www.photovoyage.fr\/blog\/wp-content\/uploads\/2023\/05\/52909003067_765aa6b643_c-300x87.jpg 300w, http:\/\/www.photovoyage.fr\/blog\/wp-content\/uploads\/2023\/05\/52909003067_765aa6b643_c-768x222.jpg 768w, http:\/\/www.photovoyage.fr\/blog\/wp-content\/uploads\/2023\/05\/52909003067_765aa6b643_c-780x226.jpg 780w\" sizes=\"auto, (max-width: 799px) 100vw, 799px\" \/><\/a><figcaption>Sienne<\/figcaption><\/figure>\n\n\n\n<p>La Toscane poss\u00e8de de nombreux villages \u00e0 d\u00e9couvrir. San Gimignano est l&rsquo;un des plus embl\u00e9matiques. Mais cette ann\u00e9e nous avons pr\u00e9f\u00e9r\u00e9 d\u00e9couvrir Volterra. Ce village est \u00e0 500m au dessus de la mer et on a un superbe point de vue sur la campagne toscane. Volterra \u00e9tait une ville importante pour les \u00e9trusques. Vous pourrez d&rsquo;ailleurs y visiter le mus\u00e9e <strong>Etrusco Guarnacci<\/strong> qui poss\u00e8de de nombreux vestiges de l\u2019art \u00e9trusque.<\/p>\n\n\n\n<figure class=\"wp-block-image size-large\"><img decoding=\"async\" src=\"http:\/\/www.photovoyage.fr\/blog\/wp-content\/gallery\/toscane-2023\/52909002977_b405472456_c.jpg\" alt=\"\"\/><figcaption>Volterra (Toscane)<\/figcaption><\/figure>\n\n\n\nngg_shortcode_0_placeholder\n\n\n\n<p><\/p>\n","protected":false},"excerpt":{"rendered":"<p>La Toscane a \u00e9t\u00e9 notre premier voyage. C&rsquo;\u00e9tait en 2007 et nous gardons un magnifique souvenir de notre escapade dans cette r\u00e9gion vraiment magnifique. Seize ans apr\u00e8s, c&rsquo;est avec beaucoup de plaisir que nous retournons pour quelques jours entre Lucques et Sienne&#8230;\u00e0 trois cette fois. Lucques &amp; Pise : Vous pouvez tout \u00e0 fait visiter &hellip;<\/p>\n","protected":false},"author":1,"featured_media":4738,"comment_status":"open","ping_status":"open","sticky":false,"template":"","format":"standard","meta":{"ngg_post_thumbnail":0,"footnotes":""},"categories":[6],"tags":[221,3,223,222,67],"class_list":["post-4720","post","type-post","status-publish","format-standard","has-post-thumbnail","hentry","category-voyages","tag-florence","tag-italie","tag-lucques","tag-sienne","tag-toscane","entry entry-center"],"yoast_head":"<!-- This site is optimized with the Yoast SEO plugin v24.1 - https:\/\/yoast.com\/wordpress\/plugins\/seo\/ -->\n<title>Escapade en Toscane de Lucques \u00e0 Sienne - photovoyage.fr<\/title>\n<meta name=\"robots\" content=\"index, follow, max-snippet:-1, max-image-preview:large, max-video-preview:-1\" \/>\n<link rel=\"canonical\" href=\"http:\/\/www.photovoyage.fr\/blog\/escapade-en-toscane-de-lucques-a-sienne\/\" \/>\n<meta property=\"og:locale\" content=\"fr_FR\" \/>\n<meta property=\"og:type\" content=\"article\" \/>\n<meta property=\"og:title\" content=\"Escapade en Toscane de Lucques \u00e0 Sienne - photovoyage.fr\" \/>\n<meta property=\"og:description\" content=\"La Toscane a \u00e9t\u00e9 notre premier voyage. C&rsquo;\u00e9tait en 2007 et nous gardons un magnifique souvenir de notre escapade dans cette r\u00e9gion vraiment magnifique. Seize ans apr\u00e8s, c&rsquo;est avec beaucoup de plaisir que nous retournons pour quelques jours entre Lucques et Sienne&#8230;\u00e0 trois cette fois. Lucques &amp; Pise : Vous pouvez tout \u00e0 fait visiter &hellip;\" \/>\n<meta property=\"og:url\" content=\"http:\/\/www.photovoyage.fr\/blog\/escapade-en-toscane-de-lucques-a-sienne\/\" \/>\n<meta property=\"og:site_name\" content=\"photovoyage.fr\" \/>\n<meta property=\"article:published_time\" content=\"2023-05-27T19:47:48+00:00\" \/>\n<meta property=\"article:modified_time\" content=\"2023-05-27T19:47:51+00:00\" \/>\n<meta property=\"og:image\" content=\"http:\/\/www.photovoyage.fr\/blog\/wp-content\/uploads\/2023\/05\/52909003067_765aa6b643_c.jpg\" \/>\n\t<meta property=\"og:image:width\" content=\"799\" \/>\n\t<meta property=\"og:image:height\" content=\"231\" \/>\n\t<meta property=\"og:image:type\" content=\"image\/jpeg\" \/>\n<meta name=\"author\" content=\"photovoyage\" \/>\n<meta name=\"twitter:label1\" content=\"\u00c9crit par\" \/>\n\t<meta name=\"twitter:data1\" content=\"photovoyage\" \/>\n\t<meta name=\"twitter:label2\" content=\"Dur\u00e9e de lecture estim\u00e9e\" \/>\n\t<meta name=\"twitter:data2\" content=\"4 minutes\" \/>\n<script type=\"application\/ld+json\" class=\"yoast-schema-graph\">{\"@context\":\"https:\/\/schema.org\",\"@graph\":[{\"@type\":\"Article\",\"@id\":\"http:\/\/www.photovoyage.fr\/blog\/escapade-en-toscane-de-lucques-a-sienne\/#article\",\"isPartOf\":{\"@id\":\"http:\/\/www.photovoyage.fr\/blog\/escapade-en-toscane-de-lucques-a-sienne\/\"},\"author\":{\"name\":\"photovoyage\",\"@id\":\"http:\/\/www.photovoyage.fr\/blog\/#\/schema\/person\/a6600656ccdd05f7a4132987c28fc4ac\"},\"headline\":\"Escapade en Toscane de Lucques \u00e0 Sienne\",\"datePublished\":\"2023-05-27T19:47:48+00:00\",\"dateModified\":\"2023-05-27T19:47:51+00:00\",\"mainEntityOfPage\":{\"@id\":\"http:\/\/www.photovoyage.fr\/blog\/escapade-en-toscane-de-lucques-a-sienne\/\"},\"wordCount\":540,\"commentCount\":0,\"publisher\":{\"@id\":\"http:\/\/www.photovoyage.fr\/blog\/#\/schema\/person\/a6600656ccdd05f7a4132987c28fc4ac\"},\"image\":{\"@id\":\"http:\/\/www.photovoyage.fr\/blog\/escapade-en-toscane-de-lucques-a-sienne\/#primaryimage\"},\"thumbnailUrl\":\"http:\/\/www.photovoyage.fr\/blog\/wp-content\/uploads\/2023\/05\/52909003067_765aa6b643_c.jpg\",\"keywords\":[\"florence\",\"Italie\",\"lucques\",\"sienne\",\"Toscane\"],\"articleSection\":[\"Voyages\"],\"inLanguage\":\"fr-FR\",\"potentialAction\":[{\"@type\":\"CommentAction\",\"name\":\"Comment\",\"target\":[\"http:\/\/www.photovoyage.fr\/blog\/escapade-en-toscane-de-lucques-a-sienne\/#respond\"]}]},{\"@type\":\"WebPage\",\"@id\":\"http:\/\/www.photovoyage.fr\/blog\/escapade-en-toscane-de-lucques-a-sienne\/\",\"url\":\"http:\/\/www.photovoyage.fr\/blog\/escapade-en-toscane-de-lucques-a-sienne\/\",\"name\":\"Escapade en Toscane de Lucques \u00e0 Sienne - photovoyage.fr\",\"isPartOf\":{\"@id\":\"http:\/\/www.photovoyage.fr\/blog\/#website\"},\"primaryImageOfPage\":{\"@id\":\"http:\/\/www.photovoyage.fr\/blog\/escapade-en-toscane-de-lucques-a-sienne\/#primaryimage\"},\"image\":{\"@id\":\"http:\/\/www.photovoyage.fr\/blog\/escapade-en-toscane-de-lucques-a-sienne\/#primaryimage\"},\"thumbnailUrl\":\"http:\/\/www.photovoyage.fr\/blog\/wp-content\/uploads\/2023\/05\/52909003067_765aa6b643_c.jpg\",\"datePublished\":\"2023-05-27T19:47:48+00:00\",\"dateModified\":\"2023-05-27T19:47:51+00:00\",\"breadcrumb\":{\"@id\":\"http:\/\/www.photovoyage.fr\/blog\/escapade-en-toscane-de-lucques-a-sienne\/#breadcrumb\"},\"inLanguage\":\"fr-FR\",\"potentialAction\":[{\"@type\":\"ReadAction\",\"target\":[\"http:\/\/www.photovoyage.fr\/blog\/escapade-en-toscane-de-lucques-a-sienne\/\"]}]},{\"@type\":\"ImageObject\",\"inLanguage\":\"fr-FR\",\"@id\":\"http:\/\/www.photovoyage.fr\/blog\/escapade-en-toscane-de-lucques-a-sienne\/#primaryimage\",\"url\":\"http:\/\/www.photovoyage.fr\/blog\/wp-content\/uploads\/2023\/05\/52909003067_765aa6b643_c.jpg\",\"contentUrl\":\"http:\/\/www.photovoyage.fr\/blog\/wp-content\/uploads\/2023\/05\/52909003067_765aa6b643_c.jpg\",\"width\":799,\"height\":231},{\"@type\":\"BreadcrumbList\",\"@id\":\"http:\/\/www.photovoyage.fr\/blog\/escapade-en-toscane-de-lucques-a-sienne\/#breadcrumb\",\"itemListElement\":[{\"@type\":\"ListItem\",\"position\":1,\"name\":\"Accueil\",\"item\":\"http:\/\/www.photovoyage.fr\/blog\/\"},{\"@type\":\"ListItem\",\"position\":2,\"name\":\"Escapade en Toscane de Lucques \u00e0 Sienne\"}]},{\"@type\":\"WebSite\",\"@id\":\"http:\/\/www.photovoyage.fr\/blog\/#website\",\"url\":\"http:\/\/www.photovoyage.fr\/blog\/\",\"name\":\"photovoyage.fr\",\"description\":\"La passion de la photo et du voyage. Retrouvez ici nos r\u00e9cits de voyages et nos photos.\",\"publisher\":{\"@id\":\"http:\/\/www.photovoyage.fr\/blog\/#\/schema\/person\/a6600656ccdd05f7a4132987c28fc4ac\"},\"potentialAction\":[{\"@type\":\"SearchAction\",\"target\":{\"@type\":\"EntryPoint\",\"urlTemplate\":\"http:\/\/www.photovoyage.fr\/blog\/?s={search_term_string}\"},\"query-input\":{\"@type\":\"PropertyValueSpecification\",\"valueRequired\":true,\"valueName\":\"search_term_string\"}}],\"inLanguage\":\"fr-FR\"},{\"@type\":[\"Person\",\"Organization\"],\"@id\":\"http:\/\/www.photovoyage.fr\/blog\/#\/schema\/person\/a6600656ccdd05f7a4132987c28fc4ac\",\"name\":\"photovoyage\",\"image\":{\"@type\":\"ImageObject\",\"inLanguage\":\"fr-FR\",\"@id\":\"http:\/\/www.photovoyage.fr\/blog\/#\/schema\/person\/image\/\",\"url\":\"http:\/\/www.photovoyage.fr\/blog\/wp-content\/uploads\/2018\/04\/cropped-cropped-logo3.jpg\",\"contentUrl\":\"http:\/\/www.photovoyage.fr\/blog\/wp-content\/uploads\/2018\/04\/cropped-cropped-logo3.jpg\",\"width\":873,\"height\":111,\"caption\":\"photovoyage\"},\"logo\":{\"@id\":\"http:\/\/www.photovoyage.fr\/blog\/#\/schema\/person\/image\/\"}}]}<\/script>\n<!-- \/ Yoast SEO plugin. -->","yoast_head_json":{"title":"Escapade en Toscane de Lucques \u00e0 Sienne - photovoyage.fr","robots":{"index":"index","follow":"follow","max-snippet":"max-snippet:-1","max-image-preview":"max-image-preview:large","max-video-preview":"max-video-preview:-1"},"canonical":"http:\/\/www.photovoyage.fr\/blog\/escapade-en-toscane-de-lucques-a-sienne\/","og_locale":"fr_FR","og_type":"article","og_title":"Escapade en Toscane de Lucques \u00e0 Sienne - photovoyage.fr","og_description":"La Toscane a \u00e9t\u00e9 notre premier voyage. C&rsquo;\u00e9tait en 2007 et nous gardons un magnifique souvenir de notre escapade dans cette r\u00e9gion vraiment magnifique. Seize ans apr\u00e8s, c&rsquo;est avec beaucoup de plaisir que nous retournons pour quelques jours entre Lucques et Sienne&#8230;\u00e0 trois cette fois. Lucques &amp; Pise : Vous pouvez tout \u00e0 fait visiter &hellip;","og_url":"http:\/\/www.photovoyage.fr\/blog\/escapade-en-toscane-de-lucques-a-sienne\/","og_site_name":"photovoyage.fr","article_published_time":"2023-05-27T19:47:48+00:00","article_modified_time":"2023-05-27T19:47:51+00:00","og_image":[{"width":799,"height":231,"url":"http:\/\/www.photovoyage.fr\/blog\/wp-content\/uploads\/2023\/05\/52909003067_765aa6b643_c.jpg","type":"image\/jpeg"}],"author":"photovoyage","twitter_misc":{"\u00c9crit par":"photovoyage","Dur\u00e9e de lecture estim\u00e9e":"4 minutes"},"schema":{"@context":"https:\/\/schema.org","@graph":[{"@type":"Article","@id":"http:\/\/www.photovoyage.fr\/blog\/escapade-en-toscane-de-lucques-a-sienne\/#article","isPartOf":{"@id":"http:\/\/www.photovoyage.fr\/blog\/escapade-en-toscane-de-lucques-a-sienne\/"},"author":{"name":"photovoyage","@id":"http:\/\/www.photovoyage.fr\/blog\/#\/schema\/person\/a6600656ccdd05f7a4132987c28fc4ac"},"headline":"Escapade en Toscane de Lucques \u00e0 Sienne","datePublished":"2023-05-27T19:47:48+00:00","dateModified":"2023-05-27T19:47:51+00:00","mainEntityOfPage":{"@id":"http:\/\/www.photovoyage.fr\/blog\/escapade-en-toscane-de-lucques-a-sienne\/"},"wordCount":540,"commentCount":0,"publisher":{"@id":"http:\/\/www.photovoyage.fr\/blog\/#\/schema\/person\/a6600656ccdd05f7a4132987c28fc4ac"},"image":{"@id":"http:\/\/www.photovoyage.fr\/blog\/escapade-en-toscane-de-lucques-a-sienne\/#primaryimage"},"thumbnailUrl":"http:\/\/www.photovoyage.fr\/blog\/wp-content\/uploads\/2023\/05\/52909003067_765aa6b643_c.jpg","keywords":["florence","Italie","lucques","sienne","Toscane"],"articleSection":["Voyages"],"inLanguage":"fr-FR","potentialAction":[{"@type":"CommentAction","name":"Comment","target":["http:\/\/www.photovoyage.fr\/blog\/escapade-en-toscane-de-lucques-a-sienne\/#respond"]}]},{"@type":"WebPage","@id":"http:\/\/www.photovoyage.fr\/blog\/escapade-en-toscane-de-lucques-a-sienne\/","url":"http:\/\/www.photovoyage.fr\/blog\/escapade-en-toscane-de-lucques-a-sienne\/","name":"Escapade en Toscane de Lucques \u00e0 Sienne - photovoyage.fr","isPartOf":{"@id":"http:\/\/www.photovoyage.fr\/blog\/#website"},"primaryImageOfPage":{"@id":"http:\/\/www.photovoyage.fr\/blog\/escapade-en-toscane-de-lucques-a-sienne\/#primaryimage"},"image":{"@id":"http:\/\/www.photovoyage.fr\/blog\/escapade-en-toscane-de-lucques-a-sienne\/#primaryimage"},"thumbnailUrl":"http:\/\/www.photovoyage.fr\/blog\/wp-content\/uploads\/2023\/05\/52909003067_765aa6b643_c.jpg","datePublished":"2023-05-27T19:47:48+00:00","dateModified":"2023-05-27T19:47:51+00:00","breadcrumb":{"@id":"http:\/\/www.photovoyage.fr\/blog\/escapade-en-toscane-de-lucques-a-sienne\/#breadcrumb"},"inLanguage":"fr-FR","potentialAction":[{"@type":"ReadAction","target":["http:\/\/www.photovoyage.fr\/blog\/escapade-en-toscane-de-lucques-a-sienne\/"]}]},{"@type":"ImageObject","inLanguage":"fr-FR","@id":"http:\/\/www.photovoyage.fr\/blog\/escapade-en-toscane-de-lucques-a-sienne\/#primaryimage","url":"http:\/\/www.photovoyage.fr\/blog\/wp-content\/uploads\/2023\/05\/52909003067_765aa6b643_c.jpg","contentUrl":"http:\/\/www.photovoyage.fr\/blog\/wp-content\/uploads\/2023\/05\/52909003067_765aa6b643_c.jpg","width":799,"height":231},{"@type":"BreadcrumbList","@id":"http:\/\/www.photovoyage.fr\/blog\/escapade-en-toscane-de-lucques-a-sienne\/#breadcrumb","itemListElement":[{"@type":"ListItem","position":1,"name":"Accueil","item":"http:\/\/www.photovoyage.fr\/blog\/"},{"@type":"ListItem","position":2,"name":"Escapade en Toscane de Lucques \u00e0 Sienne"}]},{"@type":"WebSite","@id":"http:\/\/www.photovoyage.fr\/blog\/#website","url":"http:\/\/www.photovoyage.fr\/blog\/","name":"photovoyage.fr","description":"La passion de la photo et du voyage. Retrouvez ici nos r\u00e9cits de voyages et nos photos.","publisher":{"@id":"http:\/\/www.photovoyage.fr\/blog\/#\/schema\/person\/a6600656ccdd05f7a4132987c28fc4ac"},"potentialAction":[{"@type":"SearchAction","target":{"@type":"EntryPoint","urlTemplate":"http:\/\/www.photovoyage.fr\/blog\/?s={search_term_string}"},"query-input":{"@type":"PropertyValueSpecification","valueRequired":true,"valueName":"search_term_string"}}],"inLanguage":"fr-FR"},{"@type":["Person","Organization"],"@id":"http:\/\/www.photovoyage.fr\/blog\/#\/schema\/person\/a6600656ccdd05f7a4132987c28fc4ac","name":"photovoyage","image":{"@type":"ImageObject","inLanguage":"fr-FR","@id":"http:\/\/www.photovoyage.fr\/blog\/#\/schema\/person\/image\/","url":"http:\/\/www.photovoyage.fr\/blog\/wp-content\/uploads\/2018\/04\/cropped-cropped-logo3.jpg","contentUrl":"http:\/\/www.photovoyage.fr\/blog\/wp-content\/uploads\/2018\/04\/cropped-cropped-logo3.jpg","width":873,"height":111,"caption":"photovoyage"},"logo":{"@id":"http:\/\/www.photovoyage.fr\/blog\/#\/schema\/person\/image\/"}}]}},"_links":{"self":[{"href":"http:\/\/www.photovoyage.fr\/blog\/wp-json\/wp\/v2\/posts\/4720","targetHints":{"allow":["GET"]}}],"collection":[{"href":"http:\/\/www.photovoyage.fr\/blog\/wp-json\/wp\/v2\/posts"}],"about":[{"href":"http:\/\/www.photovoyage.fr\/blog\/wp-json\/wp\/v2\/types\/post"}],"author":[{"embeddable":true,"href":"http:\/\/www.photovoyage.fr\/blog\/wp-json\/wp\/v2\/users\/1"}],"replies":[{"embeddable":true,"href":"http:\/\/www.photovoyage.fr\/blog\/wp-json\/wp\/v2\/comments?post=4720"}],"version-history":[{"count":8,"href":"http:\/\/www.photovoyage.fr\/blog\/wp-json\/wp\/v2\/posts\/4720\/revisions"}],"predecessor-version":[{"id":4747,"href":"http:\/\/www.photovoyage.fr\/blog\/wp-json\/wp\/v2\/posts\/4720\/revisions\/4747"}],"wp:featuredmedia":[{"embeddable":true,"href":"http:\/\/www.photovoyage.fr\/blog\/wp-json\/wp\/v2\/media\/4738"}],"wp:attachment":[{"href":"http:\/\/www.photovoyage.fr\/blog\/wp-json\/wp\/v2\/media?parent=4720"}],"wp:term":[{"taxonomy":"category","embeddable":true,"href":"http:\/\/www.photovoyage.fr\/blog\/wp-json\/wp\/v2\/categories?post=4720"},{"taxonomy":"post_tag","embeddable":true,"href":"http:\/\/www.photovoyage.fr\/blog\/wp-json\/wp\/v2\/tags?post=4720"}],"curies":[{"name":"wp","href":"https:\/\/api.w.org\/{rel}","templated":true}]}}