{"id":53,"date":"2014-03-29T13:32:59","date_gmt":"2014-03-29T12:32:59","guid":{"rendered":"http:\/\/www.photovoyage.fr\/blog\/?p=53"},"modified":"2014-07-18T14:38:45","modified_gmt":"2014-07-18T13:38:45","slug":"choisir-l-apn-ideal-pour-partir-en-voyage","status":"publish","type":"post","link":"http:\/\/www.photovoyage.fr\/blog\/choisir-l-apn-ideal-pour-partir-en-voyage\/","title":{"rendered":"Choisir l&rsquo; APN id\u00e9al pour partir en voyage"},"content":{"rendered":"<div class=\"yzp-no-index\"><\/div><p>Au moment de faire ses valises se pose le choix critique de l&rsquo;appareil photo. Il existe 3 grandes familles : les compacts, les bridges et les reflex.<\/p>\n<p><strong>D\u00e9finir ses besoins<\/strong><\/p>\n<p>Pour choisir il vous faut d&rsquo;abord definir vos besoins. Si vous partez pour 3 semaines de v\u00e9lo, je vous conseillerais plutot un compact ou un bridge. Le reflex et ses objectifs risque de remplir tr\u00e8s vite vos saccoches&#8230;<\/p>\n<p>Si vous aimez la photographie et que vous n&rsquo;avez pas trop de contraintes, le reflex peut valoir le coup. Attention tout de m\u00eame \u00e0 avoir un bon budget. Car acheter un reflex, c&rsquo;est tr\u00e8s diff\u00e9rent d&rsquo;acheter un compact. Il faudra investir dans plusieurs objectifs, souvent aussi couteux que l&rsquo;appareil. Je dis plusieurs car acheter un reflex et un seul objectif genre 10.200mm ne rime pas \u00e0 grand chose. Il vaut mieux dans ce cas regarder du cot\u00e9 des bridges.<\/p>\n<p>Utiliser un reflex c&rsquo;est plus un \u00ab\u00a0art de photographier\u00a0\u00bb.\u00a0 Choisir le bon objectif, les bon r\u00e9glages, etc<\/p>\n<p>Tout le monde n&rsquo;a pas envie de s&#8217;emb\u00e9ter\u00a0avec toutes ces manipulations&#8230;<\/p>\n<p><strong>Ayez le bon reflex !<\/strong><\/p>\n<p>Vous voulez franchir le pas. Tr\u00e8s bien. Alors quel appareil reflex acheter ? Il y a 4 grands constructeurs : Canon, Nikon, Pentax et Sony. Chacun prechant pour sa paroisse je ne rentrerais pas dans la discussion pol\u00e9mique de dire quel est le meilleur. Je pense que quelque soit le choix qu&rsquo;on fait, on pourra trouver son bonheur. Il faut juste \u00eatre conscient qu&rsquo;une fois qu&rsquo;on s&rsquo;est d\u00e9cid\u00e9, c&rsquo;est pour la vie&#8230;Personnellement j&rsquo;ai choisi Canon.<\/p>\n<p><strong>Restez modestes !<\/strong><\/p>\n<p>Il faut ensuite trouver le bon mod\u00e8le. Je serais tent\u00e9 de vous conseiller le haut de la gamme d\u00e9butant ( type 700D chez Canon). Pourquoi cela ? Pour plusieurs raisons : d&rsquo;abord parce que le boitier est moins important que les objectifs pour faire de belles photos. Il vaut mieux consacrer plutot son budget\u00a0dans le choix\u00a0de meilleurs objectifs et de choisir un boitier plus \u00ab\u00a0bas de gamme\u00a0\u00bb. En plus les APN d\u00e9butant sont souvent plus l\u00e9gers donc plus adapt\u00e9s au voyage.\u00a0Nous utilisons notre 450D depuis 5 ans et nous sommes tr\u00e8s contents avec. Il y a eu de nombreuses versions depuis avec des r\u00e9solutions beaucoup plus grandes mais ceci est surtout marketing. 14 millions de pixels. Cela fait d\u00e9j\u00e0 pas mal non ? Un reflex n&rsquo;est pas un smartphone !<\/p>\n<p><strong>A vous de jouer !<\/strong><\/p>\n<p>Et dites vous bien que c&rsquo;est le photographe qui fait la photo. Pas le boitier. Alors compact, bridge ou reflex, Canon, Nikon ou Pentax&#8230; Prenez plaisir \u00e0 immortaliser vos voyages. C&rsquo;est \u00e0 cela qu&rsquo;on sait si on a fait le bon choix.<\/p>\n","protected":false},"excerpt":{"rendered":"<p>Au moment de faire ses valises se pose le choix critique de l&rsquo;appareil photo. Il existe 3 grandes familles : les compacts, les bridges et les reflex. D\u00e9finir ses besoins Pour choisir il vous faut d&rsquo;abord definir vos besoins. Si vous partez pour 3 semaines de v\u00e9lo, je vous conseillerais plutot un compact ou un &hellip;<\/p>\n","protected":false},"author":1,"featured_media":57,"comment_status":"open","ping_status":"open","sticky":false,"template":"","format":"standard","meta":{"ngg_post_thumbnail":0,"footnotes":""},"categories":[7],"tags":[],"class_list":["post-53","post","type-post","status-publish","format-standard","has-post-thumbnail","hentry","category-materiel-photo","entry entry-center"],"yoast_head":"<!-- This site is optimized with the Yoast SEO plugin v24.1 - https:\/\/yoast.com\/wordpress\/plugins\/seo\/ -->\n<title>Choisir l&#039; APN id\u00e9al pour partir en voyage - photovoyage.fr<\/title>\n<meta name=\"robots\" content=\"index, follow, max-snippet:-1, max-image-preview:large, max-video-preview:-1\" \/>\n<link rel=\"canonical\" href=\"http:\/\/www.photovoyage.fr\/blog\/choisir-l-apn-ideal-pour-partir-en-voyage\/\" \/>\n<meta property=\"og:locale\" content=\"fr_FR\" \/>\n<meta property=\"og:type\" content=\"article\" \/>\n<meta property=\"og:title\" content=\"Choisir l&#039; APN id\u00e9al pour partir en voyage - photovoyage.fr\" \/>\n<meta property=\"og:description\" content=\"Au moment de faire ses valises se pose le choix critique de l&rsquo;appareil photo. Il existe 3 grandes familles : les compacts, les bridges et les reflex. D\u00e9finir ses besoins Pour choisir il vous faut d&rsquo;abord definir vos besoins. Si vous partez pour 3 semaines de v\u00e9lo, je vous conseillerais plutot un compact ou un &hellip;\" \/>\n<meta property=\"og:url\" content=\"http:\/\/www.photovoyage.fr\/blog\/choisir-l-apn-ideal-pour-partir-en-voyage\/\" \/>\n<meta property=\"og:site_name\" content=\"photovoyage.fr\" \/>\n<meta property=\"article:published_time\" content=\"2014-03-29T12:32:59+00:00\" \/>\n<meta property=\"article:modified_time\" content=\"2014-07-18T13:38:45+00:00\" \/>\n<meta property=\"og:image\" content=\"http:\/\/www.photovoyage.fr\/blog\/wp-content\/uploads\/2014\/03\/sony-4-ans-reflex-numerique.jpg\" \/>\n\t<meta property=\"og:image:width\" content=\"620\" \/>\n\t<meta property=\"og:image:height\" content=\"359\" \/>\n\t<meta property=\"og:image:type\" content=\"image\/jpeg\" \/>\n<meta name=\"author\" content=\"photovoyage\" \/>\n<meta name=\"twitter:label1\" content=\"\u00c9crit par\" \/>\n\t<meta name=\"twitter:data1\" content=\"photovoyage\" \/>\n\t<meta name=\"twitter:label2\" content=\"Dur\u00e9e de lecture estim\u00e9e\" \/>\n\t<meta name=\"twitter:data2\" content=\"2 minutes\" \/>\n<script type=\"application\/ld+json\" class=\"yoast-schema-graph\">{\"@context\":\"https:\/\/schema.org\",\"@graph\":[{\"@type\":\"Article\",\"@id\":\"http:\/\/www.photovoyage.fr\/blog\/choisir-l-apn-ideal-pour-partir-en-voyage\/#article\",\"isPartOf\":{\"@id\":\"http:\/\/www.photovoyage.fr\/blog\/choisir-l-apn-ideal-pour-partir-en-voyage\/\"},\"author\":{\"name\":\"photovoyage\",\"@id\":\"http:\/\/www.photovoyage.fr\/blog\/#\/schema\/person\/a6600656ccdd05f7a4132987c28fc4ac\"},\"headline\":\"Choisir l&rsquo; APN id\u00e9al pour partir en voyage\",\"datePublished\":\"2014-03-29T12:32:59+00:00\",\"dateModified\":\"2014-07-18T13:38:45+00:00\",\"mainEntityOfPage\":{\"@id\":\"http:\/\/www.photovoyage.fr\/blog\/choisir-l-apn-ideal-pour-partir-en-voyage\/\"},\"wordCount\":448,\"commentCount\":0,\"publisher\":{\"@id\":\"http:\/\/www.photovoyage.fr\/blog\/#\/schema\/person\/a6600656ccdd05f7a4132987c28fc4ac\"},\"image\":{\"@id\":\"http:\/\/www.photovoyage.fr\/blog\/choisir-l-apn-ideal-pour-partir-en-voyage\/#primaryimage\"},\"thumbnailUrl\":\"http:\/\/www.photovoyage.fr\/blog\/wp-content\/uploads\/2014\/03\/sony-4-ans-reflex-numerique.jpg\",\"articleSection\":[\"Mat\u00e9riel photo\"],\"inLanguage\":\"fr-FR\",\"potentialAction\":[{\"@type\":\"CommentAction\",\"name\":\"Comment\",\"target\":[\"http:\/\/www.photovoyage.fr\/blog\/choisir-l-apn-ideal-pour-partir-en-voyage\/#respond\"]}]},{\"@type\":\"WebPage\",\"@id\":\"http:\/\/www.photovoyage.fr\/blog\/choisir-l-apn-ideal-pour-partir-en-voyage\/\",\"url\":\"http:\/\/www.photovoyage.fr\/blog\/choisir-l-apn-ideal-pour-partir-en-voyage\/\",\"name\":\"Choisir l' APN id\u00e9al pour partir en voyage - photovoyage.fr\",\"isPartOf\":{\"@id\":\"http:\/\/www.photovoyage.fr\/blog\/#website\"},\"primaryImageOfPage\":{\"@id\":\"http:\/\/www.photovoyage.fr\/blog\/choisir-l-apn-ideal-pour-partir-en-voyage\/#primaryimage\"},\"image\":{\"@id\":\"http:\/\/www.photovoyage.fr\/blog\/choisir-l-apn-ideal-pour-partir-en-voyage\/#primaryimage\"},\"thumbnailUrl\":\"http:\/\/www.photovoyage.fr\/blog\/wp-content\/uploads\/2014\/03\/sony-4-ans-reflex-numerique.jpg\",\"datePublished\":\"2014-03-29T12:32:59+00:00\",\"dateModified\":\"2014-07-18T13:38:45+00:00\",\"breadcrumb\":{\"@id\":\"http:\/\/www.photovoyage.fr\/blog\/choisir-l-apn-ideal-pour-partir-en-voyage\/#breadcrumb\"},\"inLanguage\":\"fr-FR\",\"potentialAction\":[{\"@type\":\"ReadAction\",\"target\":[\"http:\/\/www.photovoyage.fr\/blog\/choisir-l-apn-ideal-pour-partir-en-voyage\/\"]}]},{\"@type\":\"ImageObject\",\"inLanguage\":\"fr-FR\",\"@id\":\"http:\/\/www.photovoyage.fr\/blog\/choisir-l-apn-ideal-pour-partir-en-voyage\/#primaryimage\",\"url\":\"http:\/\/www.photovoyage.fr\/blog\/wp-content\/uploads\/2014\/03\/sony-4-ans-reflex-numerique.jpg\",\"contentUrl\":\"http:\/\/www.photovoyage.fr\/blog\/wp-content\/uploads\/2014\/03\/sony-4-ans-reflex-numerique.jpg\",\"width\":620,\"height\":359},{\"@type\":\"BreadcrumbList\",\"@id\":\"http:\/\/www.photovoyage.fr\/blog\/choisir-l-apn-ideal-pour-partir-en-voyage\/#breadcrumb\",\"itemListElement\":[{\"@type\":\"ListItem\",\"position\":1,\"name\":\"Accueil\",\"item\":\"http:\/\/www.photovoyage.fr\/blog\/\"},{\"@type\":\"ListItem\",\"position\":2,\"name\":\"Choisir l&rsquo; APN id\u00e9al pour partir en voyage\"}]},{\"@type\":\"WebSite\",\"@id\":\"http:\/\/www.photovoyage.fr\/blog\/#website\",\"url\":\"http:\/\/www.photovoyage.fr\/blog\/\",\"name\":\"photovoyage.fr\",\"description\":\"La passion de la photo et du voyage. Retrouvez ici nos r\u00e9cits de voyages et nos photos.\",\"publisher\":{\"@id\":\"http:\/\/www.photovoyage.fr\/blog\/#\/schema\/person\/a6600656ccdd05f7a4132987c28fc4ac\"},\"potentialAction\":[{\"@type\":\"SearchAction\",\"target\":{\"@type\":\"EntryPoint\",\"urlTemplate\":\"http:\/\/www.photovoyage.fr\/blog\/?s={search_term_string}\"},\"query-input\":{\"@type\":\"PropertyValueSpecification\",\"valueRequired\":true,\"valueName\":\"search_term_string\"}}],\"inLanguage\":\"fr-FR\"},{\"@type\":[\"Person\",\"Organization\"],\"@id\":\"http:\/\/www.photovoyage.fr\/blog\/#\/schema\/person\/a6600656ccdd05f7a4132987c28fc4ac\",\"name\":\"photovoyage\",\"image\":{\"@type\":\"ImageObject\",\"inLanguage\":\"fr-FR\",\"@id\":\"http:\/\/www.photovoyage.fr\/blog\/#\/schema\/person\/image\/\",\"url\":\"http:\/\/www.photovoyage.fr\/blog\/wp-content\/uploads\/2018\/04\/cropped-cropped-logo3.jpg\",\"contentUrl\":\"http:\/\/www.photovoyage.fr\/blog\/wp-content\/uploads\/2018\/04\/cropped-cropped-logo3.jpg\",\"width\":873,\"height\":111,\"caption\":\"photovoyage\"},\"logo\":{\"@id\":\"http:\/\/www.photovoyage.fr\/blog\/#\/schema\/person\/image\/\"}}]}<\/script>\n<!-- \/ Yoast SEO plugin. -->","yoast_head_json":{"title":"Choisir l' APN id\u00e9al pour partir en voyage - photovoyage.fr","robots":{"index":"index","follow":"follow","max-snippet":"max-snippet:-1","max-image-preview":"max-image-preview:large","max-video-preview":"max-video-preview:-1"},"canonical":"http:\/\/www.photovoyage.fr\/blog\/choisir-l-apn-ideal-pour-partir-en-voyage\/","og_locale":"fr_FR","og_type":"article","og_title":"Choisir l' APN id\u00e9al pour partir en voyage - photovoyage.fr","og_description":"Au moment de faire ses valises se pose le choix critique de l&rsquo;appareil photo. Il existe 3 grandes familles : les compacts, les bridges et les reflex. D\u00e9finir ses besoins Pour choisir il vous faut d&rsquo;abord definir vos besoins. Si vous partez pour 3 semaines de v\u00e9lo, je vous conseillerais plutot un compact ou un &hellip;","og_url":"http:\/\/www.photovoyage.fr\/blog\/choisir-l-apn-ideal-pour-partir-en-voyage\/","og_site_name":"photovoyage.fr","article_published_time":"2014-03-29T12:32:59+00:00","article_modified_time":"2014-07-18T13:38:45+00:00","og_image":[{"width":620,"height":359,"url":"http:\/\/www.photovoyage.fr\/blog\/wp-content\/uploads\/2014\/03\/sony-4-ans-reflex-numerique.jpg","type":"image\/jpeg"}],"author":"photovoyage","twitter_misc":{"\u00c9crit par":"photovoyage","Dur\u00e9e de lecture estim\u00e9e":"2 minutes"},"schema":{"@context":"https:\/\/schema.org","@graph":[{"@type":"Article","@id":"http:\/\/www.photovoyage.fr\/blog\/choisir-l-apn-ideal-pour-partir-en-voyage\/#article","isPartOf":{"@id":"http:\/\/www.photovoyage.fr\/blog\/choisir-l-apn-ideal-pour-partir-en-voyage\/"},"author":{"name":"photovoyage","@id":"http:\/\/www.photovoyage.fr\/blog\/#\/schema\/person\/a6600656ccdd05f7a4132987c28fc4ac"},"headline":"Choisir l&rsquo; APN id\u00e9al pour partir en voyage","datePublished":"2014-03-29T12:32:59+00:00","dateModified":"2014-07-18T13:38:45+00:00","mainEntityOfPage":{"@id":"http:\/\/www.photovoyage.fr\/blog\/choisir-l-apn-ideal-pour-partir-en-voyage\/"},"wordCount":448,"commentCount":0,"publisher":{"@id":"http:\/\/www.photovoyage.fr\/blog\/#\/schema\/person\/a6600656ccdd05f7a4132987c28fc4ac"},"image":{"@id":"http:\/\/www.photovoyage.fr\/blog\/choisir-l-apn-ideal-pour-partir-en-voyage\/#primaryimage"},"thumbnailUrl":"http:\/\/www.photovoyage.fr\/blog\/wp-content\/uploads\/2014\/03\/sony-4-ans-reflex-numerique.jpg","articleSection":["Mat\u00e9riel photo"],"inLanguage":"fr-FR","potentialAction":[{"@type":"CommentAction","name":"Comment","target":["http:\/\/www.photovoyage.fr\/blog\/choisir-l-apn-ideal-pour-partir-en-voyage\/#respond"]}]},{"@type":"WebPage","@id":"http:\/\/www.photovoyage.fr\/blog\/choisir-l-apn-ideal-pour-partir-en-voyage\/","url":"http:\/\/www.photovoyage.fr\/blog\/choisir-l-apn-ideal-pour-partir-en-voyage\/","name":"Choisir l' APN id\u00e9al pour partir en voyage - photovoyage.fr","isPartOf":{"@id":"http:\/\/www.photovoyage.fr\/blog\/#website"},"primaryImageOfPage":{"@id":"http:\/\/www.photovoyage.fr\/blog\/choisir-l-apn-ideal-pour-partir-en-voyage\/#primaryimage"},"image":{"@id":"http:\/\/www.photovoyage.fr\/blog\/choisir-l-apn-ideal-pour-partir-en-voyage\/#primaryimage"},"thumbnailUrl":"http:\/\/www.photovoyage.fr\/blog\/wp-content\/uploads\/2014\/03\/sony-4-ans-reflex-numerique.jpg","datePublished":"2014-03-29T12:32:59+00:00","dateModified":"2014-07-18T13:38:45+00:00","breadcrumb":{"@id":"http:\/\/www.photovoyage.fr\/blog\/choisir-l-apn-ideal-pour-partir-en-voyage\/#breadcrumb"},"inLanguage":"fr-FR","potentialAction":[{"@type":"ReadAction","target":["http:\/\/www.photovoyage.fr\/blog\/choisir-l-apn-ideal-pour-partir-en-voyage\/"]}]},{"@type":"ImageObject","inLanguage":"fr-FR","@id":"http:\/\/www.photovoyage.fr\/blog\/choisir-l-apn-ideal-pour-partir-en-voyage\/#primaryimage","url":"http:\/\/www.photovoyage.fr\/blog\/wp-content\/uploads\/2014\/03\/sony-4-ans-reflex-numerique.jpg","contentUrl":"http:\/\/www.photovoyage.fr\/blog\/wp-content\/uploads\/2014\/03\/sony-4-ans-reflex-numerique.jpg","width":620,"height":359},{"@type":"BreadcrumbList","@id":"http:\/\/www.photovoyage.fr\/blog\/choisir-l-apn-ideal-pour-partir-en-voyage\/#breadcrumb","itemListElement":[{"@type":"ListItem","position":1,"name":"Accueil","item":"http:\/\/www.photovoyage.fr\/blog\/"},{"@type":"ListItem","position":2,"name":"Choisir l&rsquo; APN id\u00e9al pour partir en voyage"}]},{"@type":"WebSite","@id":"http:\/\/www.photovoyage.fr\/blog\/#website","url":"http:\/\/www.photovoyage.fr\/blog\/","name":"photovoyage.fr","description":"La passion de la photo et du voyage. Retrouvez ici nos r\u00e9cits de voyages et nos photos.","publisher":{"@id":"http:\/\/www.photovoyage.fr\/blog\/#\/schema\/person\/a6600656ccdd05f7a4132987c28fc4ac"},"potentialAction":[{"@type":"SearchAction","target":{"@type":"EntryPoint","urlTemplate":"http:\/\/www.photovoyage.fr\/blog\/?s={search_term_string}"},"query-input":{"@type":"PropertyValueSpecification","valueRequired":true,"valueName":"search_term_string"}}],"inLanguage":"fr-FR"},{"@type":["Person","Organization"],"@id":"http:\/\/www.photovoyage.fr\/blog\/#\/schema\/person\/a6600656ccdd05f7a4132987c28fc4ac","name":"photovoyage","image":{"@type":"ImageObject","inLanguage":"fr-FR","@id":"http:\/\/www.photovoyage.fr\/blog\/#\/schema\/person\/image\/","url":"http:\/\/www.photovoyage.fr\/blog\/wp-content\/uploads\/2018\/04\/cropped-cropped-logo3.jpg","contentUrl":"http:\/\/www.photovoyage.fr\/blog\/wp-content\/uploads\/2018\/04\/cropped-cropped-logo3.jpg","width":873,"height":111,"caption":"photovoyage"},"logo":{"@id":"http:\/\/www.photovoyage.fr\/blog\/#\/schema\/person\/image\/"}}]}},"_links":{"self":[{"href":"http:\/\/www.photovoyage.fr\/blog\/wp-json\/wp\/v2\/posts\/53","targetHints":{"allow":["GET"]}}],"collection":[{"href":"http:\/\/www.photovoyage.fr\/blog\/wp-json\/wp\/v2\/posts"}],"about":[{"href":"http:\/\/www.photovoyage.fr\/blog\/wp-json\/wp\/v2\/types\/post"}],"author":[{"embeddable":true,"href":"http:\/\/www.photovoyage.fr\/blog\/wp-json\/wp\/v2\/users\/1"}],"replies":[{"embeddable":true,"href":"http:\/\/www.photovoyage.fr\/blog\/wp-json\/wp\/v2\/comments?post=53"}],"version-history":[{"count":0,"href":"http:\/\/www.photovoyage.fr\/blog\/wp-json\/wp\/v2\/posts\/53\/revisions"}],"wp:featuredmedia":[{"embeddable":true,"href":"http:\/\/www.photovoyage.fr\/blog\/wp-json\/wp\/v2\/media\/57"}],"wp:attachment":[{"href":"http:\/\/www.photovoyage.fr\/blog\/wp-json\/wp\/v2\/media?parent=53"}],"wp:term":[{"taxonomy":"category","embeddable":true,"href":"http:\/\/www.photovoyage.fr\/blog\/wp-json\/wp\/v2\/categories?post=53"},{"taxonomy":"post_tag","embeddable":true,"href":"http:\/\/www.photovoyage.fr\/blog\/wp-json\/wp\/v2\/tags?post=53"}],"curies":[{"name":"wp","href":"https:\/\/api.w.org\/{rel}","templated":true}]}}