{"id":574,"date":"2014-11-08T22:29:37","date_gmt":"2014-11-08T21:29:37","guid":{"rendered":"http:\/\/www.photovoyage.fr\/blog\/?p=574"},"modified":"2018-10-23T18:42:15","modified_gmt":"2018-10-23T17:42:15","slug":"les-marches-noel-du-sud-lalsace","status":"publish","type":"post","link":"http:\/\/www.photovoyage.fr\/blog\/les-marches-noel-du-sud-lalsace\/","title":{"rendered":"Les march\u00e9s de No\u00ebl du sud de l&rsquo;Alsace"},"content":{"rendered":"<div class=\"yzp-no-index\"><\/div><p>Deux excursions, l&rsquo;une en Alsace en 2011, et l&rsquo;autre cette ann\u00e9e du c\u00f4t\u00e9 de Freiburg, en Allemagne, nous ont permis de d\u00e9couvrir de magnifiques villages et leurs superbes march\u00e9s de No\u00ebl. Nous allons vous faire d\u00e9couvrir tout cela avec deux articles consacr\u00e9s l&rsquo;un aux march\u00e9s alsaciens, et l&rsquo;autre \u00e0 ceux de la F\u00f4ret Noire.<\/p>\n<p>Voici le programme de la premi\u00e8re partie :<\/p>\n<p>Nous vous emmenerons pour commencer \u00e0 Colmar, pour d\u00e9couvrir une tr\u00e8s belle ville et de nombreux march\u00e9s de N\u00f6el ici et l\u00e0. &nbsp;Puis nous visiterons le village de Riquewihr, l&rsquo;un des plus beaux d&rsquo;Alsace, et enfin celui de Ribeauvill\u00e9, atypique avec son march\u00e9 m\u00e9di\u00e9val.<\/p>\n<p><!--more--><\/p>\n<p>Colmar est une ville qui vaut le d\u00e9tour. A No\u00ebl, la ville se pare de ses plus beaux atouts. La vieille ville s&rsquo;illumine de milles feux. De nombreuses animations y sont organis\u00e9es, et vous pourrez aussi visiter les nombreux chalets des diff\u00e9rents march\u00e9s de No\u00ebl de la ville (cinq au total), et go\u00fbter pourquoi pas les fameux biscuits alsaciens \u00e0 base de pain d&rsquo;\u00e9pices. Pas facile cependant de se frayer un chemin dans le flot des visiteurs. Un million&nbsp;chaque ann\u00e9e&#8230;<\/p>\n<figure id=\"attachment_616\" aria-describedby=\"caption-attachment-616\" style=\"width: 800px\" class=\"wp-caption alignnone\"><a href=\"http:\/\/www.photovoyage.fr\/blog\/wp-content\/uploads\/2014\/11\/IMG_2681-Copier.jpg\"><img loading=\"lazy\" decoding=\"async\" class=\"size-full wp-image-616\" src=\"http:\/\/www.photovoyage.fr\/blog\/wp-content\/uploads\/2014\/11\/IMG_2681-Copier.jpg\" alt=\"Une rue de Colmar\" width=\"800\" height=\"533\" srcset=\"http:\/\/www.photovoyage.fr\/blog\/wp-content\/uploads\/2014\/11\/IMG_2681-Copier.jpg 800w, http:\/\/www.photovoyage.fr\/blog\/wp-content\/uploads\/2014\/11\/IMG_2681-Copier-300x199.jpg 300w, http:\/\/www.photovoyage.fr\/blog\/wp-content\/uploads\/2014\/11\/IMG_2681-Copier-600x399.jpg 600w\" sizes=\"auto, (max-width: 800px) 100vw, 800px\" \/><\/a><figcaption id=\"caption-attachment-616\" class=\"wp-caption-text\">Une rue de Colmar<\/figcaption><\/figure>\n<p><a href=\"http:\/\/www.photovoyage.fr\/blog\/wp-content\/uploads\/2014\/11\/IMG_2695-Copier.jpg\"><img loading=\"lazy\" decoding=\"async\" class=\" wp-image-617\" src=\"http:\/\/www.photovoyage.fr\/blog\/wp-content\/uploads\/2014\/11\/IMG_2695-Copier.jpg\" alt=\"Une maison typique de Colmar\" width=\"341\" height=\"512\" srcset=\"http:\/\/www.photovoyage.fr\/blog\/wp-content\/uploads\/2014\/11\/IMG_2695-Copier.jpg 400w, http:\/\/www.photovoyage.fr\/blog\/wp-content\/uploads\/2014\/11\/IMG_2695-Copier-300x450.jpg 300w, http:\/\/www.photovoyage.fr\/blog\/wp-content\/uploads\/2014\/11\/IMG_2695-Copier-200x300.jpg 200w\" sizes=\"auto, (max-width: 341px) 100vw, 341px\" \/><\/a><\/p>\n<p>Une maison typique de Colmar<\/p>\n<p><a title=\"Noel Colmar\" href=\"http:\/\/www.noel-colmar.com\/fr\/\">Plus d&rsquo; informations sur le march\u00e9 de Colmar<\/a><\/p>\n<p>Si vous pr\u00e9f\u00e9rez \u00e9viter un peu plus la foule,&nbsp;nous vous conseillons deux autres march\u00e9s de N\u00f6el : Tout d&rsquo;abord Riquewihr. Ce village m\u00e9di\u00e9val, \u00e9pargn\u00e9 par les deux guerres est id\u00e9alement situ\u00e9, dans le vignoble alsacien.<\/p>\n<figure id=\"attachment_618\" aria-describedby=\"caption-attachment-618\" style=\"width: 800px\" class=\"wp-caption alignnone\"><a href=\"http:\/\/www.photovoyage.fr\/blog\/wp-content\/uploads\/2014\/11\/IMG_2666-Copier.jpg\"><img loading=\"lazy\" decoding=\"async\" class=\"size-full wp-image-618\" src=\"http:\/\/www.photovoyage.fr\/blog\/wp-content\/uploads\/2014\/11\/IMG_2666-Copier.jpg\" alt=\"Entr\u00e9e de Riquewihr\" width=\"800\" height=\"533\" srcset=\"http:\/\/www.photovoyage.fr\/blog\/wp-content\/uploads\/2014\/11\/IMG_2666-Copier.jpg 800w, http:\/\/www.photovoyage.fr\/blog\/wp-content\/uploads\/2014\/11\/IMG_2666-Copier-300x199.jpg 300w, http:\/\/www.photovoyage.fr\/blog\/wp-content\/uploads\/2014\/11\/IMG_2666-Copier-600x399.jpg 600w\" sizes=\"auto, (max-width: 800px) 100vw, 800px\" \/><\/a><figcaption id=\"caption-attachment-618\" class=\"wp-caption-text\">Entr\u00e9e de Riquewihr<\/figcaption><\/figure>\n<figure id=\"attachment_619\" aria-describedby=\"caption-attachment-619\" style=\"width: 800px\" class=\"wp-caption alignnone\"><a href=\"http:\/\/www.photovoyage.fr\/blog\/wp-content\/uploads\/2014\/11\/IMG_2667-Copier.jpg\"><img loading=\"lazy\" decoding=\"async\" class=\"size-full wp-image-619\" src=\"http:\/\/www.photovoyage.fr\/blog\/wp-content\/uploads\/2014\/11\/IMG_2667-Copier.jpg\" alt=\"Une boutique de Riquewihr\" width=\"800\" height=\"533\" srcset=\"http:\/\/www.photovoyage.fr\/blog\/wp-content\/uploads\/2014\/11\/IMG_2667-Copier.jpg 800w, http:\/\/www.photovoyage.fr\/blog\/wp-content\/uploads\/2014\/11\/IMG_2667-Copier-300x199.jpg 300w, http:\/\/www.photovoyage.fr\/blog\/wp-content\/uploads\/2014\/11\/IMG_2667-Copier-600x399.jpg 600w\" sizes=\"auto, (max-width: 800px) 100vw, 800px\" \/><\/a><figcaption id=\"caption-attachment-619\" class=\"wp-caption-text\">Une boutique de Riquewihr<\/figcaption><\/figure>\n<p>Et \u00e0 quelques kilom\u00e8tres, Ribeauvill\u00e9 et son march\u00e9 de Noel Moyen\u00e2geux.<\/p>\n<figure id=\"attachment_620\" aria-describedby=\"caption-attachment-620\" style=\"width: 800px\" class=\"wp-caption alignnone\"><a href=\"http:\/\/www.photovoyage.fr\/blog\/wp-content\/uploads\/2014\/11\/IMG_2734-Copier.jpg\"><img loading=\"lazy\" decoding=\"async\" class=\"size-full wp-image-620\" src=\"http:\/\/www.photovoyage.fr\/blog\/wp-content\/uploads\/2014\/11\/IMG_2734-Copier.jpg\" alt=\"Une vue de Ribeauvill\u00e9\" width=\"800\" height=\"533\" srcset=\"http:\/\/www.photovoyage.fr\/blog\/wp-content\/uploads\/2014\/11\/IMG_2734-Copier.jpg 800w, http:\/\/www.photovoyage.fr\/blog\/wp-content\/uploads\/2014\/11\/IMG_2734-Copier-300x199.jpg 300w, http:\/\/www.photovoyage.fr\/blog\/wp-content\/uploads\/2014\/11\/IMG_2734-Copier-600x399.jpg 600w\" sizes=\"auto, (max-width: 800px) 100vw, 800px\" \/><\/a><figcaption id=\"caption-attachment-620\" class=\"wp-caption-text\">Une vue de Ribeauvill\u00e9<\/figcaption><\/figure>\n<figure id=\"attachment_621\" aria-describedby=\"caption-attachment-621\" style=\"width: 800px\" class=\"wp-caption alignnone\"><a href=\"http:\/\/www.photovoyage.fr\/blog\/wp-content\/uploads\/2014\/11\/IMG_2732-Copier.jpg\"><img loading=\"lazy\" decoding=\"async\" class=\"size-full wp-image-621\" src=\"http:\/\/www.photovoyage.fr\/blog\/wp-content\/uploads\/2014\/11\/IMG_2732-Copier.jpg\" alt=\"Animation de rue \u00e0 Ribeauvill\u00e9\" width=\"800\" height=\"533\" srcset=\"http:\/\/www.photovoyage.fr\/blog\/wp-content\/uploads\/2014\/11\/IMG_2732-Copier.jpg 800w, http:\/\/www.photovoyage.fr\/blog\/wp-content\/uploads\/2014\/11\/IMG_2732-Copier-300x199.jpg 300w, http:\/\/www.photovoyage.fr\/blog\/wp-content\/uploads\/2014\/11\/IMG_2732-Copier-600x399.jpg 600w\" sizes=\"auto, (max-width: 800px) 100vw, 800px\" \/><\/a><figcaption id=\"caption-attachment-621\" class=\"wp-caption-text\">Animation de rue \u00e0 Ribeauvill\u00e9<\/figcaption><\/figure>\n<p>Vous cherchez une bonne adresse dans la r\u00e9gion :<\/p>\n<p><a href=\"https:\/\/www.booking.com\/hotel\/fr\/touringhotel.en.html?aid=1221594&amp;no_rooms=1&amp;group_adults=1\">Le Clos des Sources Hotel &amp; Spa&nbsp;<\/a><\/p>\n","protected":false},"excerpt":{"rendered":"<p>Deux excursions, l&rsquo;une en Alsace en 2011, et l&rsquo;autre cette ann\u00e9e du c\u00f4t\u00e9 de Freiburg, en Allemagne, nous ont permis de d\u00e9couvrir de magnifiques villages et leurs superbes march\u00e9s de No\u00ebl. Nous allons vous faire d\u00e9couvrir tout cela avec deux articles consacr\u00e9s l&rsquo;un aux march\u00e9s alsaciens, et l&rsquo;autre \u00e0 ceux de la F\u00f4ret Noire. Voici &hellip;<\/p>\n","protected":false},"author":1,"featured_media":619,"comment_status":"open","ping_status":"open","sticky":false,"template":"","format":"standard","meta":{"ngg_post_thumbnail":0,"footnotes":""},"categories":[11],"tags":[30],"class_list":["post-574","post","type-post","status-publish","format-standard","has-post-thumbnail","hentry","category-escapades","tag-alsace","entry entry-center"],"yoast_head":"<!-- This site is optimized with the Yoast SEO plugin v24.1 - https:\/\/yoast.com\/wordpress\/plugins\/seo\/ -->\n<title>Les march\u00e9s de No\u00ebl du sud de l&#039;Alsace - photovoyage.fr<\/title>\n<meta name=\"description\" content=\"Visite de quelques uns des plus beaux march\u00e9s de No\u00ebl d&#039;Alsace, avec Riquewihr, Ribeauvill\u00e9 et enfin Colmar dans le Haut Rhin.\" \/>\n<meta name=\"robots\" content=\"index, follow, max-snippet:-1, max-image-preview:large, max-video-preview:-1\" \/>\n<link rel=\"canonical\" href=\"http:\/\/www.photovoyage.fr\/blog\/les-marches-noel-du-sud-lalsace\/\" \/>\n<meta property=\"og:locale\" content=\"fr_FR\" \/>\n<meta property=\"og:type\" content=\"article\" \/>\n<meta property=\"og:title\" content=\"Les march\u00e9s de No\u00ebl du sud de l&#039;Alsace - photovoyage.fr\" \/>\n<meta property=\"og:description\" content=\"Visite de quelques uns des plus beaux march\u00e9s de No\u00ebl d&#039;Alsace, avec Riquewihr, Ribeauvill\u00e9 et enfin Colmar dans le Haut Rhin.\" \/>\n<meta property=\"og:url\" content=\"http:\/\/www.photovoyage.fr\/blog\/les-marches-noel-du-sud-lalsace\/\" \/>\n<meta property=\"og:site_name\" content=\"photovoyage.fr\" \/>\n<meta property=\"article:published_time\" content=\"2014-11-08T21:29:37+00:00\" \/>\n<meta property=\"article:modified_time\" content=\"2018-10-23T17:42:15+00:00\" \/>\n<meta property=\"og:image\" content=\"http:\/\/www.photovoyage.fr\/blog\/wp-content\/uploads\/2014\/11\/IMG_2667-Copier.jpg\" \/>\n\t<meta property=\"og:image:width\" content=\"800\" \/>\n\t<meta property=\"og:image:height\" content=\"533\" \/>\n\t<meta property=\"og:image:type\" content=\"image\/jpeg\" \/>\n<meta name=\"author\" content=\"photovoyage\" \/>\n<meta name=\"twitter:label1\" content=\"\u00c9crit par\" \/>\n\t<meta name=\"twitter:data1\" content=\"photovoyage\" \/>\n\t<meta name=\"twitter:label2\" content=\"Dur\u00e9e de lecture estim\u00e9e\" \/>\n\t<meta name=\"twitter:data2\" content=\"2 minutes\" \/>\n<script type=\"application\/ld+json\" class=\"yoast-schema-graph\">{\"@context\":\"https:\/\/schema.org\",\"@graph\":[{\"@type\":\"Article\",\"@id\":\"http:\/\/www.photovoyage.fr\/blog\/les-marches-noel-du-sud-lalsace\/#article\",\"isPartOf\":{\"@id\":\"http:\/\/www.photovoyage.fr\/blog\/les-marches-noel-du-sud-lalsace\/\"},\"author\":{\"name\":\"photovoyage\",\"@id\":\"http:\/\/www.photovoyage.fr\/blog\/#\/schema\/person\/a6600656ccdd05f7a4132987c28fc4ac\"},\"headline\":\"Les march\u00e9s de No\u00ebl du sud de l&rsquo;Alsace\",\"datePublished\":\"2014-11-08T21:29:37+00:00\",\"dateModified\":\"2018-10-23T17:42:15+00:00\",\"mainEntityOfPage\":{\"@id\":\"http:\/\/www.photovoyage.fr\/blog\/les-marches-noel-du-sud-lalsace\/\"},\"wordCount\":359,\"commentCount\":0,\"publisher\":{\"@id\":\"http:\/\/www.photovoyage.fr\/blog\/#\/schema\/person\/a6600656ccdd05f7a4132987c28fc4ac\"},\"image\":{\"@id\":\"http:\/\/www.photovoyage.fr\/blog\/les-marches-noel-du-sud-lalsace\/#primaryimage\"},\"thumbnailUrl\":\"http:\/\/www.photovoyage.fr\/blog\/wp-content\/uploads\/2014\/11\/IMG_2667-Copier.jpg\",\"keywords\":[\"Alsace\"],\"articleSection\":[\"Escapades\"],\"inLanguage\":\"fr-FR\",\"potentialAction\":[{\"@type\":\"CommentAction\",\"name\":\"Comment\",\"target\":[\"http:\/\/www.photovoyage.fr\/blog\/les-marches-noel-du-sud-lalsace\/#respond\"]}]},{\"@type\":\"WebPage\",\"@id\":\"http:\/\/www.photovoyage.fr\/blog\/les-marches-noel-du-sud-lalsace\/\",\"url\":\"http:\/\/www.photovoyage.fr\/blog\/les-marches-noel-du-sud-lalsace\/\",\"name\":\"Les march\u00e9s de No\u00ebl du sud de l'Alsace - photovoyage.fr\",\"isPartOf\":{\"@id\":\"http:\/\/www.photovoyage.fr\/blog\/#website\"},\"primaryImageOfPage\":{\"@id\":\"http:\/\/www.photovoyage.fr\/blog\/les-marches-noel-du-sud-lalsace\/#primaryimage\"},\"image\":{\"@id\":\"http:\/\/www.photovoyage.fr\/blog\/les-marches-noel-du-sud-lalsace\/#primaryimage\"},\"thumbnailUrl\":\"http:\/\/www.photovoyage.fr\/blog\/wp-content\/uploads\/2014\/11\/IMG_2667-Copier.jpg\",\"datePublished\":\"2014-11-08T21:29:37+00:00\",\"dateModified\":\"2018-10-23T17:42:15+00:00\",\"description\":\"Visite de quelques uns des plus beaux march\u00e9s de No\u00ebl d'Alsace, avec Riquewihr, Ribeauvill\u00e9 et enfin Colmar dans le Haut Rhin.\",\"breadcrumb\":{\"@id\":\"http:\/\/www.photovoyage.fr\/blog\/les-marches-noel-du-sud-lalsace\/#breadcrumb\"},\"inLanguage\":\"fr-FR\",\"potentialAction\":[{\"@type\":\"ReadAction\",\"target\":[\"http:\/\/www.photovoyage.fr\/blog\/les-marches-noel-du-sud-lalsace\/\"]}]},{\"@type\":\"ImageObject\",\"inLanguage\":\"fr-FR\",\"@id\":\"http:\/\/www.photovoyage.fr\/blog\/les-marches-noel-du-sud-lalsace\/#primaryimage\",\"url\":\"http:\/\/www.photovoyage.fr\/blog\/wp-content\/uploads\/2014\/11\/IMG_2667-Copier.jpg\",\"contentUrl\":\"http:\/\/www.photovoyage.fr\/blog\/wp-content\/uploads\/2014\/11\/IMG_2667-Copier.jpg\",\"width\":800,\"height\":533,\"caption\":\"Une boutique de Riquewihr\"},{\"@type\":\"BreadcrumbList\",\"@id\":\"http:\/\/www.photovoyage.fr\/blog\/les-marches-noel-du-sud-lalsace\/#breadcrumb\",\"itemListElement\":[{\"@type\":\"ListItem\",\"position\":1,\"name\":\"Accueil\",\"item\":\"http:\/\/www.photovoyage.fr\/blog\/\"},{\"@type\":\"ListItem\",\"position\":2,\"name\":\"Les march\u00e9s de No\u00ebl du sud de l&rsquo;Alsace\"}]},{\"@type\":\"WebSite\",\"@id\":\"http:\/\/www.photovoyage.fr\/blog\/#website\",\"url\":\"http:\/\/www.photovoyage.fr\/blog\/\",\"name\":\"photovoyage.fr\",\"description\":\"La passion de la photo et du voyage. Retrouvez ici nos r\u00e9cits de voyages et nos photos.\",\"publisher\":{\"@id\":\"http:\/\/www.photovoyage.fr\/blog\/#\/schema\/person\/a6600656ccdd05f7a4132987c28fc4ac\"},\"potentialAction\":[{\"@type\":\"SearchAction\",\"target\":{\"@type\":\"EntryPoint\",\"urlTemplate\":\"http:\/\/www.photovoyage.fr\/blog\/?s={search_term_string}\"},\"query-input\":{\"@type\":\"PropertyValueSpecification\",\"valueRequired\":true,\"valueName\":\"search_term_string\"}}],\"inLanguage\":\"fr-FR\"},{\"@type\":[\"Person\",\"Organization\"],\"@id\":\"http:\/\/www.photovoyage.fr\/blog\/#\/schema\/person\/a6600656ccdd05f7a4132987c28fc4ac\",\"name\":\"photovoyage\",\"image\":{\"@type\":\"ImageObject\",\"inLanguage\":\"fr-FR\",\"@id\":\"http:\/\/www.photovoyage.fr\/blog\/#\/schema\/person\/image\/\",\"url\":\"http:\/\/www.photovoyage.fr\/blog\/wp-content\/uploads\/2018\/04\/cropped-cropped-logo3.jpg\",\"contentUrl\":\"http:\/\/www.photovoyage.fr\/blog\/wp-content\/uploads\/2018\/04\/cropped-cropped-logo3.jpg\",\"width\":873,\"height\":111,\"caption\":\"photovoyage\"},\"logo\":{\"@id\":\"http:\/\/www.photovoyage.fr\/blog\/#\/schema\/person\/image\/\"}}]}<\/script>\n<!-- \/ Yoast SEO plugin. -->","yoast_head_json":{"title":"Les march\u00e9s de No\u00ebl du sud de l'Alsace - photovoyage.fr","description":"Visite de quelques uns des plus beaux march\u00e9s de No\u00ebl d'Alsace, avec Riquewihr, Ribeauvill\u00e9 et enfin Colmar dans le Haut Rhin.","robots":{"index":"index","follow":"follow","max-snippet":"max-snippet:-1","max-image-preview":"max-image-preview:large","max-video-preview":"max-video-preview:-1"},"canonical":"http:\/\/www.photovoyage.fr\/blog\/les-marches-noel-du-sud-lalsace\/","og_locale":"fr_FR","og_type":"article","og_title":"Les march\u00e9s de No\u00ebl du sud de l'Alsace - photovoyage.fr","og_description":"Visite de quelques uns des plus beaux march\u00e9s de No\u00ebl d'Alsace, avec Riquewihr, Ribeauvill\u00e9 et enfin Colmar dans le Haut Rhin.","og_url":"http:\/\/www.photovoyage.fr\/blog\/les-marches-noel-du-sud-lalsace\/","og_site_name":"photovoyage.fr","article_published_time":"2014-11-08T21:29:37+00:00","article_modified_time":"2018-10-23T17:42:15+00:00","og_image":[{"width":800,"height":533,"url":"http:\/\/www.photovoyage.fr\/blog\/wp-content\/uploads\/2014\/11\/IMG_2667-Copier.jpg","type":"image\/jpeg"}],"author":"photovoyage","twitter_misc":{"\u00c9crit par":"photovoyage","Dur\u00e9e de lecture estim\u00e9e":"2 minutes"},"schema":{"@context":"https:\/\/schema.org","@graph":[{"@type":"Article","@id":"http:\/\/www.photovoyage.fr\/blog\/les-marches-noel-du-sud-lalsace\/#article","isPartOf":{"@id":"http:\/\/www.photovoyage.fr\/blog\/les-marches-noel-du-sud-lalsace\/"},"author":{"name":"photovoyage","@id":"http:\/\/www.photovoyage.fr\/blog\/#\/schema\/person\/a6600656ccdd05f7a4132987c28fc4ac"},"headline":"Les march\u00e9s de No\u00ebl du sud de l&rsquo;Alsace","datePublished":"2014-11-08T21:29:37+00:00","dateModified":"2018-10-23T17:42:15+00:00","mainEntityOfPage":{"@id":"http:\/\/www.photovoyage.fr\/blog\/les-marches-noel-du-sud-lalsace\/"},"wordCount":359,"commentCount":0,"publisher":{"@id":"http:\/\/www.photovoyage.fr\/blog\/#\/schema\/person\/a6600656ccdd05f7a4132987c28fc4ac"},"image":{"@id":"http:\/\/www.photovoyage.fr\/blog\/les-marches-noel-du-sud-lalsace\/#primaryimage"},"thumbnailUrl":"http:\/\/www.photovoyage.fr\/blog\/wp-content\/uploads\/2014\/11\/IMG_2667-Copier.jpg","keywords":["Alsace"],"articleSection":["Escapades"],"inLanguage":"fr-FR","potentialAction":[{"@type":"CommentAction","name":"Comment","target":["http:\/\/www.photovoyage.fr\/blog\/les-marches-noel-du-sud-lalsace\/#respond"]}]},{"@type":"WebPage","@id":"http:\/\/www.photovoyage.fr\/blog\/les-marches-noel-du-sud-lalsace\/","url":"http:\/\/www.photovoyage.fr\/blog\/les-marches-noel-du-sud-lalsace\/","name":"Les march\u00e9s de No\u00ebl du sud de l'Alsace - photovoyage.fr","isPartOf":{"@id":"http:\/\/www.photovoyage.fr\/blog\/#website"},"primaryImageOfPage":{"@id":"http:\/\/www.photovoyage.fr\/blog\/les-marches-noel-du-sud-lalsace\/#primaryimage"},"image":{"@id":"http:\/\/www.photovoyage.fr\/blog\/les-marches-noel-du-sud-lalsace\/#primaryimage"},"thumbnailUrl":"http:\/\/www.photovoyage.fr\/blog\/wp-content\/uploads\/2014\/11\/IMG_2667-Copier.jpg","datePublished":"2014-11-08T21:29:37+00:00","dateModified":"2018-10-23T17:42:15+00:00","description":"Visite de quelques uns des plus beaux march\u00e9s de No\u00ebl d'Alsace, avec Riquewihr, Ribeauvill\u00e9 et enfin Colmar dans le Haut Rhin.","breadcrumb":{"@id":"http:\/\/www.photovoyage.fr\/blog\/les-marches-noel-du-sud-lalsace\/#breadcrumb"},"inLanguage":"fr-FR","potentialAction":[{"@type":"ReadAction","target":["http:\/\/www.photovoyage.fr\/blog\/les-marches-noel-du-sud-lalsace\/"]}]},{"@type":"ImageObject","inLanguage":"fr-FR","@id":"http:\/\/www.photovoyage.fr\/blog\/les-marches-noel-du-sud-lalsace\/#primaryimage","url":"http:\/\/www.photovoyage.fr\/blog\/wp-content\/uploads\/2014\/11\/IMG_2667-Copier.jpg","contentUrl":"http:\/\/www.photovoyage.fr\/blog\/wp-content\/uploads\/2014\/11\/IMG_2667-Copier.jpg","width":800,"height":533,"caption":"Une boutique de Riquewihr"},{"@type":"BreadcrumbList","@id":"http:\/\/www.photovoyage.fr\/blog\/les-marches-noel-du-sud-lalsace\/#breadcrumb","itemListElement":[{"@type":"ListItem","position":1,"name":"Accueil","item":"http:\/\/www.photovoyage.fr\/blog\/"},{"@type":"ListItem","position":2,"name":"Les march\u00e9s de No\u00ebl du sud de l&rsquo;Alsace"}]},{"@type":"WebSite","@id":"http:\/\/www.photovoyage.fr\/blog\/#website","url":"http:\/\/www.photovoyage.fr\/blog\/","name":"photovoyage.fr","description":"La passion de la photo et du voyage. Retrouvez ici nos r\u00e9cits de voyages et nos photos.","publisher":{"@id":"http:\/\/www.photovoyage.fr\/blog\/#\/schema\/person\/a6600656ccdd05f7a4132987c28fc4ac"},"potentialAction":[{"@type":"SearchAction","target":{"@type":"EntryPoint","urlTemplate":"http:\/\/www.photovoyage.fr\/blog\/?s={search_term_string}"},"query-input":{"@type":"PropertyValueSpecification","valueRequired":true,"valueName":"search_term_string"}}],"inLanguage":"fr-FR"},{"@type":["Person","Organization"],"@id":"http:\/\/www.photovoyage.fr\/blog\/#\/schema\/person\/a6600656ccdd05f7a4132987c28fc4ac","name":"photovoyage","image":{"@type":"ImageObject","inLanguage":"fr-FR","@id":"http:\/\/www.photovoyage.fr\/blog\/#\/schema\/person\/image\/","url":"http:\/\/www.photovoyage.fr\/blog\/wp-content\/uploads\/2018\/04\/cropped-cropped-logo3.jpg","contentUrl":"http:\/\/www.photovoyage.fr\/blog\/wp-content\/uploads\/2018\/04\/cropped-cropped-logo3.jpg","width":873,"height":111,"caption":"photovoyage"},"logo":{"@id":"http:\/\/www.photovoyage.fr\/blog\/#\/schema\/person\/image\/"}}]}},"_links":{"self":[{"href":"http:\/\/www.photovoyage.fr\/blog\/wp-json\/wp\/v2\/posts\/574","targetHints":{"allow":["GET"]}}],"collection":[{"href":"http:\/\/www.photovoyage.fr\/blog\/wp-json\/wp\/v2\/posts"}],"about":[{"href":"http:\/\/www.photovoyage.fr\/blog\/wp-json\/wp\/v2\/types\/post"}],"author":[{"embeddable":true,"href":"http:\/\/www.photovoyage.fr\/blog\/wp-json\/wp\/v2\/users\/1"}],"replies":[{"embeddable":true,"href":"http:\/\/www.photovoyage.fr\/blog\/wp-json\/wp\/v2\/comments?post=574"}],"version-history":[{"count":0,"href":"http:\/\/www.photovoyage.fr\/blog\/wp-json\/wp\/v2\/posts\/574\/revisions"}],"wp:featuredmedia":[{"embeddable":true,"href":"http:\/\/www.photovoyage.fr\/blog\/wp-json\/wp\/v2\/media\/619"}],"wp:attachment":[{"href":"http:\/\/www.photovoyage.fr\/blog\/wp-json\/wp\/v2\/media?parent=574"}],"wp:term":[{"taxonomy":"category","embeddable":true,"href":"http:\/\/www.photovoyage.fr\/blog\/wp-json\/wp\/v2\/categories?post=574"},{"taxonomy":"post_tag","embeddable":true,"href":"http:\/\/www.photovoyage.fr\/blog\/wp-json\/wp\/v2\/tags?post=574"}],"curies":[{"name":"wp","href":"https:\/\/api.w.org\/{rel}","templated":true}]}}