{"id":719,"date":"2015-01-08T23:06:03","date_gmt":"2015-01-08T22:06:03","guid":{"rendered":"http:\/\/www.photovoyage.fr\/blog\/?p=719"},"modified":"2015-01-08T23:10:08","modified_gmt":"2015-01-08T22:10:08","slug":"je-suis-charlie-hommage-ces-heros","status":"publish","type":"post","link":"http:\/\/www.photovoyage.fr\/blog\/je-suis-charlie-hommage-ces-heros\/","title":{"rendered":"Je suis Charlie&#8230; hommage \u00e0 ces h\u00e9ros"},"content":{"rendered":"<div class=\"yzp-no-index\"><\/div><p>Difficile de ne pas rendre hommage aux victimes de Charlie Hebdo. Il est vrai que ce blog parle de photos et de voyages et pas de l&rsquo;actualit\u00e9.<\/p>\n<p>Mais sans la libert\u00e9 d&rsquo;expression, ce blog n&rsquo;existerait surement pas. Comment dans ces conditions ne pas rendre hommage \u00e0 ces journalistes de Charlie Hebdo qui ont tant fait pour la d\u00e9fendre ?<\/p>\n<p>C&rsquo;est en voyageant, d&rsquo;ailleurs, qu&rsquo;on se rend compte de\u00a0la chance qu&rsquo;on a quand on la poss\u00e8de mais aussi de la n\u00e9cessit\u00e9 de se battre pour conserver cette libert\u00e9.<\/p>\n<p>Cabu et ses copains ont quitt\u00e9 physiquement notre Terre mais ils restent \u00e0 jamais pr\u00e9sents parmi nous. Et jamais aucun terroriste ne\u00a0fera dispara\u00eetre ce pour quoi ils se sont battus.<\/p>\n<p>Parce que nous sommes tous Charlie, parce que nous n&rsquo;accepterons jamais que des armes dictent notre pens\u00e9e&#8230;<\/p>\n<p>Ils ont rejoint d&rsquo;autres d\u00e9fenseurs des libert\u00e9s, politiques, journalistes, humoristes ou \u00e9crivains, morts il y a des ann\u00e9es mais toujours \u00e0 nos cot\u00e9s.<\/p>\n<p>Pour Cabu, Charb, Tignous, Wolinski et Honor\u00e9, pour tous ceux qui se battent par notre libert\u00e9, je d\u00e9dis cet article.<\/p>\n<p>Merci.<\/p>\n<p><a href=\"http:\/\/www.photovoyage.fr\/blog\/wp-content\/uploads\/2015\/01\/CharlieHebdo.jpg\"><img loading=\"lazy\" decoding=\"async\" class=\"alignnone size-full wp-image-720\" src=\"http:\/\/www.photovoyage.fr\/blog\/wp-content\/uploads\/2015\/01\/CharlieHebdo.jpg\" alt=\"CharlieHebdo\" width=\"300\" height=\"200\" \/><\/a><\/p>\n<p>&nbsp;<\/p>\n<p>&nbsp;<\/p>\n<p>&nbsp;<\/p>\n<p>&nbsp;<\/p>\n","protected":false},"excerpt":{"rendered":"<p>Difficile de ne pas rendre hommage aux victimes de Charlie Hebdo. Il est vrai que ce blog parle de photos et de voyages et pas de l&rsquo;actualit\u00e9. Mais sans la libert\u00e9 d&rsquo;expression, ce blog n&rsquo;existerait surement pas. Comment dans ces conditions ne pas rendre hommage \u00e0 ces journalistes de Charlie Hebdo qui ont tant fait &hellip;<\/p>\n","protected":false},"author":1,"featured_media":723,"comment_status":"open","ping_status":"open","sticky":false,"template":"","format":"standard","meta":{"ngg_post_thumbnail":0,"footnotes":""},"categories":[1],"tags":[],"class_list":["post-719","post","type-post","status-publish","format-standard","has-post-thumbnail","hentry","category-non-classe","entry entry-center"],"yoast_head":"<!-- This site is optimized with the Yoast SEO plugin v24.1 - https:\/\/yoast.com\/wordpress\/plugins\/seo\/ -->\n<title>Je suis Charlie... hommage \u00e0 ces h\u00e9ros - photovoyage.fr<\/title>\n<meta name=\"description\" content=\"Hommage aux caricaturistes de Charlie Hebdo\" \/>\n<meta name=\"robots\" content=\"index, follow, max-snippet:-1, max-image-preview:large, max-video-preview:-1\" \/>\n<link rel=\"canonical\" href=\"http:\/\/www.photovoyage.fr\/blog\/je-suis-charlie-hommage-ces-heros\/\" \/>\n<meta property=\"og:locale\" content=\"fr_FR\" \/>\n<meta property=\"og:type\" content=\"article\" \/>\n<meta property=\"og:title\" content=\"Je suis Charlie... hommage \u00e0 ces h\u00e9ros - photovoyage.fr\" \/>\n<meta property=\"og:description\" content=\"Hommage aux caricaturistes de Charlie Hebdo\" \/>\n<meta property=\"og:url\" content=\"http:\/\/www.photovoyage.fr\/blog\/je-suis-charlie-hommage-ces-heros\/\" \/>\n<meta property=\"og:site_name\" content=\"photovoyage.fr\" \/>\n<meta property=\"article:published_time\" content=\"2015-01-08T22:06:03+00:00\" \/>\n<meta property=\"article:modified_time\" content=\"2015-01-08T22:10:08+00:00\" \/>\n<meta property=\"og:image\" content=\"http:\/\/www.photovoyage.fr\/blog\/wp-content\/uploads\/2015\/01\/Nous-sommes-Charlie.jpeg\" \/>\n\t<meta property=\"og:image:width\" content=\"858\" \/>\n\t<meta property=\"og:image:height\" content=\"429\" \/>\n\t<meta property=\"og:image:type\" content=\"image\/jpeg\" \/>\n<meta name=\"author\" content=\"photovoyage\" \/>\n<meta name=\"twitter:label1\" content=\"\u00c9crit par\" \/>\n\t<meta name=\"twitter:data1\" content=\"photovoyage\" \/>\n\t<meta name=\"twitter:label2\" content=\"Dur\u00e9e de lecture estim\u00e9e\" \/>\n\t<meta name=\"twitter:data2\" content=\"1 minute\" \/>\n<script type=\"application\/ld+json\" class=\"yoast-schema-graph\">{\"@context\":\"https:\/\/schema.org\",\"@graph\":[{\"@type\":\"Article\",\"@id\":\"http:\/\/www.photovoyage.fr\/blog\/je-suis-charlie-hommage-ces-heros\/#article\",\"isPartOf\":{\"@id\":\"http:\/\/www.photovoyage.fr\/blog\/je-suis-charlie-hommage-ces-heros\/\"},\"author\":{\"name\":\"photovoyage\",\"@id\":\"http:\/\/www.photovoyage.fr\/blog\/#\/schema\/person\/a6600656ccdd05f7a4132987c28fc4ac\"},\"headline\":\"Je suis Charlie&#8230; hommage \u00e0 ces h\u00e9ros\",\"datePublished\":\"2015-01-08T22:06:03+00:00\",\"dateModified\":\"2015-01-08T22:10:08+00:00\",\"mainEntityOfPage\":{\"@id\":\"http:\/\/www.photovoyage.fr\/blog\/je-suis-charlie-hommage-ces-heros\/\"},\"wordCount\":198,\"commentCount\":0,\"publisher\":{\"@id\":\"http:\/\/www.photovoyage.fr\/blog\/#\/schema\/person\/a6600656ccdd05f7a4132987c28fc4ac\"},\"image\":{\"@id\":\"http:\/\/www.photovoyage.fr\/blog\/je-suis-charlie-hommage-ces-heros\/#primaryimage\"},\"thumbnailUrl\":\"http:\/\/www.photovoyage.fr\/blog\/wp-content\/uploads\/2015\/01\/Nous-sommes-Charlie.jpeg\",\"inLanguage\":\"fr-FR\",\"potentialAction\":[{\"@type\":\"CommentAction\",\"name\":\"Comment\",\"target\":[\"http:\/\/www.photovoyage.fr\/blog\/je-suis-charlie-hommage-ces-heros\/#respond\"]}]},{\"@type\":\"WebPage\",\"@id\":\"http:\/\/www.photovoyage.fr\/blog\/je-suis-charlie-hommage-ces-heros\/\",\"url\":\"http:\/\/www.photovoyage.fr\/blog\/je-suis-charlie-hommage-ces-heros\/\",\"name\":\"Je suis Charlie... hommage \u00e0 ces h\u00e9ros - photovoyage.fr\",\"isPartOf\":{\"@id\":\"http:\/\/www.photovoyage.fr\/blog\/#website\"},\"primaryImageOfPage\":{\"@id\":\"http:\/\/www.photovoyage.fr\/blog\/je-suis-charlie-hommage-ces-heros\/#primaryimage\"},\"image\":{\"@id\":\"http:\/\/www.photovoyage.fr\/blog\/je-suis-charlie-hommage-ces-heros\/#primaryimage\"},\"thumbnailUrl\":\"http:\/\/www.photovoyage.fr\/blog\/wp-content\/uploads\/2015\/01\/Nous-sommes-Charlie.jpeg\",\"datePublished\":\"2015-01-08T22:06:03+00:00\",\"dateModified\":\"2015-01-08T22:10:08+00:00\",\"description\":\"Hommage aux caricaturistes de Charlie Hebdo\",\"breadcrumb\":{\"@id\":\"http:\/\/www.photovoyage.fr\/blog\/je-suis-charlie-hommage-ces-heros\/#breadcrumb\"},\"inLanguage\":\"fr-FR\",\"potentialAction\":[{\"@type\":\"ReadAction\",\"target\":[\"http:\/\/www.photovoyage.fr\/blog\/je-suis-charlie-hommage-ces-heros\/\"]}]},{\"@type\":\"ImageObject\",\"inLanguage\":\"fr-FR\",\"@id\":\"http:\/\/www.photovoyage.fr\/blog\/je-suis-charlie-hommage-ces-heros\/#primaryimage\",\"url\":\"http:\/\/www.photovoyage.fr\/blog\/wp-content\/uploads\/2015\/01\/Nous-sommes-Charlie.jpeg\",\"contentUrl\":\"http:\/\/www.photovoyage.fr\/blog\/wp-content\/uploads\/2015\/01\/Nous-sommes-Charlie.jpeg\",\"width\":858,\"height\":429},{\"@type\":\"BreadcrumbList\",\"@id\":\"http:\/\/www.photovoyage.fr\/blog\/je-suis-charlie-hommage-ces-heros\/#breadcrumb\",\"itemListElement\":[{\"@type\":\"ListItem\",\"position\":1,\"name\":\"Accueil\",\"item\":\"http:\/\/www.photovoyage.fr\/blog\/\"},{\"@type\":\"ListItem\",\"position\":2,\"name\":\"Je suis Charlie&#8230; hommage \u00e0 ces h\u00e9ros\"}]},{\"@type\":\"WebSite\",\"@id\":\"http:\/\/www.photovoyage.fr\/blog\/#website\",\"url\":\"http:\/\/www.photovoyage.fr\/blog\/\",\"name\":\"photovoyage.fr\",\"description\":\"La passion de la photo et du voyage. Retrouvez ici nos r\u00e9cits de voyages et nos photos.\",\"publisher\":{\"@id\":\"http:\/\/www.photovoyage.fr\/blog\/#\/schema\/person\/a6600656ccdd05f7a4132987c28fc4ac\"},\"potentialAction\":[{\"@type\":\"SearchAction\",\"target\":{\"@type\":\"EntryPoint\",\"urlTemplate\":\"http:\/\/www.photovoyage.fr\/blog\/?s={search_term_string}\"},\"query-input\":{\"@type\":\"PropertyValueSpecification\",\"valueRequired\":true,\"valueName\":\"search_term_string\"}}],\"inLanguage\":\"fr-FR\"},{\"@type\":[\"Person\",\"Organization\"],\"@id\":\"http:\/\/www.photovoyage.fr\/blog\/#\/schema\/person\/a6600656ccdd05f7a4132987c28fc4ac\",\"name\":\"photovoyage\",\"image\":{\"@type\":\"ImageObject\",\"inLanguage\":\"fr-FR\",\"@id\":\"http:\/\/www.photovoyage.fr\/blog\/#\/schema\/person\/image\/\",\"url\":\"http:\/\/www.photovoyage.fr\/blog\/wp-content\/uploads\/2018\/04\/cropped-cropped-logo3.jpg\",\"contentUrl\":\"http:\/\/www.photovoyage.fr\/blog\/wp-content\/uploads\/2018\/04\/cropped-cropped-logo3.jpg\",\"width\":873,\"height\":111,\"caption\":\"photovoyage\"},\"logo\":{\"@id\":\"http:\/\/www.photovoyage.fr\/blog\/#\/schema\/person\/image\/\"}}]}<\/script>\n<!-- \/ Yoast SEO plugin. -->","yoast_head_json":{"title":"Je suis Charlie... hommage \u00e0 ces h\u00e9ros - photovoyage.fr","description":"Hommage aux caricaturistes de Charlie Hebdo","robots":{"index":"index","follow":"follow","max-snippet":"max-snippet:-1","max-image-preview":"max-image-preview:large","max-video-preview":"max-video-preview:-1"},"canonical":"http:\/\/www.photovoyage.fr\/blog\/je-suis-charlie-hommage-ces-heros\/","og_locale":"fr_FR","og_type":"article","og_title":"Je suis Charlie... hommage \u00e0 ces h\u00e9ros - photovoyage.fr","og_description":"Hommage aux caricaturistes de Charlie Hebdo","og_url":"http:\/\/www.photovoyage.fr\/blog\/je-suis-charlie-hommage-ces-heros\/","og_site_name":"photovoyage.fr","article_published_time":"2015-01-08T22:06:03+00:00","article_modified_time":"2015-01-08T22:10:08+00:00","og_image":[{"width":858,"height":429,"url":"http:\/\/www.photovoyage.fr\/blog\/wp-content\/uploads\/2015\/01\/Nous-sommes-Charlie.jpeg","type":"image\/jpeg"}],"author":"photovoyage","twitter_misc":{"\u00c9crit par":"photovoyage","Dur\u00e9e de lecture estim\u00e9e":"1 minute"},"schema":{"@context":"https:\/\/schema.org","@graph":[{"@type":"Article","@id":"http:\/\/www.photovoyage.fr\/blog\/je-suis-charlie-hommage-ces-heros\/#article","isPartOf":{"@id":"http:\/\/www.photovoyage.fr\/blog\/je-suis-charlie-hommage-ces-heros\/"},"author":{"name":"photovoyage","@id":"http:\/\/www.photovoyage.fr\/blog\/#\/schema\/person\/a6600656ccdd05f7a4132987c28fc4ac"},"headline":"Je suis Charlie&#8230; hommage \u00e0 ces h\u00e9ros","datePublished":"2015-01-08T22:06:03+00:00","dateModified":"2015-01-08T22:10:08+00:00","mainEntityOfPage":{"@id":"http:\/\/www.photovoyage.fr\/blog\/je-suis-charlie-hommage-ces-heros\/"},"wordCount":198,"commentCount":0,"publisher":{"@id":"http:\/\/www.photovoyage.fr\/blog\/#\/schema\/person\/a6600656ccdd05f7a4132987c28fc4ac"},"image":{"@id":"http:\/\/www.photovoyage.fr\/blog\/je-suis-charlie-hommage-ces-heros\/#primaryimage"},"thumbnailUrl":"http:\/\/www.photovoyage.fr\/blog\/wp-content\/uploads\/2015\/01\/Nous-sommes-Charlie.jpeg","inLanguage":"fr-FR","potentialAction":[{"@type":"CommentAction","name":"Comment","target":["http:\/\/www.photovoyage.fr\/blog\/je-suis-charlie-hommage-ces-heros\/#respond"]}]},{"@type":"WebPage","@id":"http:\/\/www.photovoyage.fr\/blog\/je-suis-charlie-hommage-ces-heros\/","url":"http:\/\/www.photovoyage.fr\/blog\/je-suis-charlie-hommage-ces-heros\/","name":"Je suis Charlie... hommage \u00e0 ces h\u00e9ros - photovoyage.fr","isPartOf":{"@id":"http:\/\/www.photovoyage.fr\/blog\/#website"},"primaryImageOfPage":{"@id":"http:\/\/www.photovoyage.fr\/blog\/je-suis-charlie-hommage-ces-heros\/#primaryimage"},"image":{"@id":"http:\/\/www.photovoyage.fr\/blog\/je-suis-charlie-hommage-ces-heros\/#primaryimage"},"thumbnailUrl":"http:\/\/www.photovoyage.fr\/blog\/wp-content\/uploads\/2015\/01\/Nous-sommes-Charlie.jpeg","datePublished":"2015-01-08T22:06:03+00:00","dateModified":"2015-01-08T22:10:08+00:00","description":"Hommage aux caricaturistes de Charlie Hebdo","breadcrumb":{"@id":"http:\/\/www.photovoyage.fr\/blog\/je-suis-charlie-hommage-ces-heros\/#breadcrumb"},"inLanguage":"fr-FR","potentialAction":[{"@type":"ReadAction","target":["http:\/\/www.photovoyage.fr\/blog\/je-suis-charlie-hommage-ces-heros\/"]}]},{"@type":"ImageObject","inLanguage":"fr-FR","@id":"http:\/\/www.photovoyage.fr\/blog\/je-suis-charlie-hommage-ces-heros\/#primaryimage","url":"http:\/\/www.photovoyage.fr\/blog\/wp-content\/uploads\/2015\/01\/Nous-sommes-Charlie.jpeg","contentUrl":"http:\/\/www.photovoyage.fr\/blog\/wp-content\/uploads\/2015\/01\/Nous-sommes-Charlie.jpeg","width":858,"height":429},{"@type":"BreadcrumbList","@id":"http:\/\/www.photovoyage.fr\/blog\/je-suis-charlie-hommage-ces-heros\/#breadcrumb","itemListElement":[{"@type":"ListItem","position":1,"name":"Accueil","item":"http:\/\/www.photovoyage.fr\/blog\/"},{"@type":"ListItem","position":2,"name":"Je suis Charlie&#8230; hommage \u00e0 ces h\u00e9ros"}]},{"@type":"WebSite","@id":"http:\/\/www.photovoyage.fr\/blog\/#website","url":"http:\/\/www.photovoyage.fr\/blog\/","name":"photovoyage.fr","description":"La passion de la photo et du voyage. Retrouvez ici nos r\u00e9cits de voyages et nos photos.","publisher":{"@id":"http:\/\/www.photovoyage.fr\/blog\/#\/schema\/person\/a6600656ccdd05f7a4132987c28fc4ac"},"potentialAction":[{"@type":"SearchAction","target":{"@type":"EntryPoint","urlTemplate":"http:\/\/www.photovoyage.fr\/blog\/?s={search_term_string}"},"query-input":{"@type":"PropertyValueSpecification","valueRequired":true,"valueName":"search_term_string"}}],"inLanguage":"fr-FR"},{"@type":["Person","Organization"],"@id":"http:\/\/www.photovoyage.fr\/blog\/#\/schema\/person\/a6600656ccdd05f7a4132987c28fc4ac","name":"photovoyage","image":{"@type":"ImageObject","inLanguage":"fr-FR","@id":"http:\/\/www.photovoyage.fr\/blog\/#\/schema\/person\/image\/","url":"http:\/\/www.photovoyage.fr\/blog\/wp-content\/uploads\/2018\/04\/cropped-cropped-logo3.jpg","contentUrl":"http:\/\/www.photovoyage.fr\/blog\/wp-content\/uploads\/2018\/04\/cropped-cropped-logo3.jpg","width":873,"height":111,"caption":"photovoyage"},"logo":{"@id":"http:\/\/www.photovoyage.fr\/blog\/#\/schema\/person\/image\/"}}]}},"_links":{"self":[{"href":"http:\/\/www.photovoyage.fr\/blog\/wp-json\/wp\/v2\/posts\/719","targetHints":{"allow":["GET"]}}],"collection":[{"href":"http:\/\/www.photovoyage.fr\/blog\/wp-json\/wp\/v2\/posts"}],"about":[{"href":"http:\/\/www.photovoyage.fr\/blog\/wp-json\/wp\/v2\/types\/post"}],"author":[{"embeddable":true,"href":"http:\/\/www.photovoyage.fr\/blog\/wp-json\/wp\/v2\/users\/1"}],"replies":[{"embeddable":true,"href":"http:\/\/www.photovoyage.fr\/blog\/wp-json\/wp\/v2\/comments?post=719"}],"version-history":[{"count":0,"href":"http:\/\/www.photovoyage.fr\/blog\/wp-json\/wp\/v2\/posts\/719\/revisions"}],"wp:featuredmedia":[{"embeddable":true,"href":"http:\/\/www.photovoyage.fr\/blog\/wp-json\/wp\/v2\/media\/723"}],"wp:attachment":[{"href":"http:\/\/www.photovoyage.fr\/blog\/wp-json\/wp\/v2\/media?parent=719"}],"wp:term":[{"taxonomy":"category","embeddable":true,"href":"http:\/\/www.photovoyage.fr\/blog\/wp-json\/wp\/v2\/categories?post=719"},{"taxonomy":"post_tag","embeddable":true,"href":"http:\/\/www.photovoyage.fr\/blog\/wp-json\/wp\/v2\/tags?post=719"}],"curies":[{"name":"wp","href":"https:\/\/api.w.org\/{rel}","templated":true}]}}