{"id":724,"date":"2015-02-08T12:10:38","date_gmt":"2015-02-08T11:10:38","guid":{"rendered":"http:\/\/www.photovoyage.fr\/blog\/?p=724"},"modified":"2016-01-07T08:57:09","modified_gmt":"2016-01-07T07:57:09","slug":"notre-decouverte-de-la-catalogne","status":"publish","type":"post","link":"http:\/\/www.photovoyage.fr\/blog\/notre-decouverte-de-la-catalogne\/","title":{"rendered":"Notre d\u00e9couverte de la Catalogne"},"content":{"rendered":"<div class=\"yzp-no-index\"><\/div><p>La Catalogne est parfois r\u00e9duite \u00e0 ses stations baln\u00e9aires hypertouristiques et sans charme. C&rsquo;est pourtant une r\u00e9gion que nous avons beaucoup aim\u00e9e. \u00a0Il y a tout d&rsquo;abord Barcelone. Cette ville moderne et festive est vraiment tr\u00e8s agr\u00e9able. Gaudi est partout dans la capitale catalane, et du Parc Guell \u00e0 la Sagra Familia, la ville enti\u00e8re est un peu un mus\u00e9e consacr\u00e9 \u00e0 ce grand architecte.<\/p>\n<p><img decoding=\"async\" class=\"ngg-singlepic ngg-none\" src=\"http:\/\/www.photovoyage.fr\/blog\/wp-content\/gallery\/catalogne\/IMGP2287-Copier.JPG\" alt=\"PENTAX Image\" \/><\/p>\n<p>Il y a aussi Girone, moins moderne mais au patrimoine culturel et architectural \u00e9galement tr\u00e8s important.<\/p>\n<p>La c\u00f4te, la fameuse Costa Brava poss\u00e8de aussi quelques parties sauvages tout \u00e0 fait remarquables et des stations baln\u00e9aires plus familiales comme Tossa Del Mare.<\/p>\n<p>Pour terminer, la Catalogne ne serait pas la Catalogne sans son artiste truglion Dali. Suivez nous \u00e0 \u00a0la d\u00e9couverte de l&rsquo;artiste&#8230;.<\/p>\n<p><!--more--><\/p>\n<p><strong>Barcelone la moderne<\/strong><\/p>\n<p>Barcelone est l&rsquo;une des plus belles villes d&rsquo;Europe. C&rsquo;est une ville qui poss\u00e8de beaucoup d&rsquo;atouts. Pour commencer, Barcelone est sur les bords de la M\u00e9diterrann\u00e9e et il est possible de profiter des plages \u00e0 proximit\u00e9.<\/p>\n<figure style=\"width: 800px\" class=\"wp-caption alignnone\"><img loading=\"lazy\" decoding=\"async\" class=\"ngg-singlepic ngg-none\" title=\"Sagrada Familia\" src=\"http:\/\/www.photovoyage.fr\/blog\/wp-content\/gallery\/catalogne\/IMGP2233-Copier.JPG\" alt=\"Sagrada Familia\" width=\"800\" height=\"600\" \/><figcaption class=\"wp-caption-text\">Sagrada Familia<\/figcaption><\/figure>\n<p>&nbsp;<\/p>\n<p>C&rsquo;est aussi une ville moderne, qui a \u00e9t\u00e9 fortement model\u00e9e par les jeux olympiques de Barcelone en 1992. Montjuic, le port, et l&rsquo;avenue la plus connue (la Rambla) sont des incontournables. Ne pas oublier non plus le march\u00e9 typique de la Boqueria.<\/p>\n<figure style=\"width: 450px\" class=\"wp-caption alignnone\"><img loading=\"lazy\" decoding=\"async\" class=\"ngg-singlepic ngg-none\" title=\"La Boqueria\" src=\"http:\/\/www.photovoyage.fr\/blog\/wp-content\/gallery\/catalogne\/IMGP2388-Copier.JPG\" alt=\"La Boqueria\" width=\"450\" height=\"600\" \/><figcaption class=\"wp-caption-text\">La Boqueria<\/figcaption><\/figure>\n<p>&nbsp;<\/p>\n<p>Barcelone a aussi un riche patrimoine architecturale. C&rsquo;est Gaudi qui a donn\u00e9 \u00e0 la ville ses principaux monuments : le parc \u00a0Guell, la Casa Battlo, la Pedrera et surtout la Sagrada Familia, cette cath\u00e9drale toujours en travaux.<\/p>\n<p>Si vous \u00eates amateur d&rsquo;art et de mus\u00e9es, la fondation Miro et le mus\u00e9e Picasso sauront vous combler.<\/p>\n<p><strong>Girone l&rsquo;historique<\/strong><\/p>\n<p>Plus petite que son illustre voisine, Girone est \u00e9galement une ville \u00e0 d\u00e9couvrir. Ses vieux quartiers sont magnifiques et le glorieux pass\u00e9 de la ville se devine \u00e0 travers son architecture tr\u00e8s riche. Le monast\u00e8re Sant Pere, les bains juifs et la cath\u00e9drale sont quelques uns de ses t\u00e9moignages historiques.<\/p>\n<figure style=\"width: 800px\" class=\"wp-caption alignnone\"><img loading=\"lazy\" decoding=\"async\" class=\"ngg-singlepic ngg-none\" title=\"Girone\" src=\"http:\/\/www.photovoyage.fr\/blog\/wp-content\/gallery\/catalogne\/IMGP2123-Copier.JPG\" alt=\"Girone\" width=\"800\" height=\"600\" \/><figcaption class=\"wp-caption-text\">Girone<\/figcaption><\/figure>\n<p>&nbsp;<\/p>\n<p><strong>La Costa Brava<\/strong><\/p>\n<p>La Costa Brava compte de nombreuses tr\u00e8s belles plages. Vers B\u00e9gur nous avons trouv\u00e9 notamment la plage de l&rsquo;Illa Roja.<\/p>\n<figure style=\"width: 800px\" class=\"wp-caption alignnone\"><img loading=\"lazy\" decoding=\"async\" class=\"ngg-singlepic ngg-none\" title=\"Illa Roja\" src=\"http:\/\/www.photovoyage.fr\/blog\/wp-content\/gallery\/catalogne\/IMGP2191-Copier.JPG\" alt=\"Costa Brava\" width=\"800\" height=\"600\" \/><figcaption class=\"wp-caption-text\">Illa Roja<\/figcaption><\/figure>\n<p>&nbsp;<\/p>\n<p>D\u00e9couvrez ici d&rsquo;autres lieux \u00e0 d\u00e9couvrir sur cette c\u00f4te de la M\u00e9diterran\u00e9e:<\/p>\n<p><a title=\"http:\/\/blog.costabravas.fr\/plus-belles-plages-costa-brava\/\" href=\"http:\/\/blog.costabravas.fr\/plus-belles-plages-costa-brava\/\">http:\/\/blog.costabravas.fr\/plus-belles-plages-costa-brava\/<\/a><\/p>\n<p><strong>Dali : le maitre catalan<\/strong><\/p>\n<p>Si vous vous int\u00e9ressez \u00e0 Salvador Dali, la Catalogne vous permettra de d\u00e9couvrir un peu mieux l&rsquo;artiste. A Figueres, le mus\u00e9e Dali vous pr\u00e9sentera ses plus grandes oeuvres. Vous pouvez aussi visiter le ch\u00e2teau de Dali \u00e0 Pubol et d\u00e9couvrir de v\u00e9ritables tr\u00e9sors. Enfin, la maison de Port Lligat, vers Cadaqu\u00e8s vous plongera dans la vie de Dali. La beaut\u00e9 de ce village de p\u00e9cheur plein d&rsquo;authenticit\u00e9 vous fera comprendre\u00a0pourquoi l&rsquo;artiste s&rsquo;y \u00e9tait install\u00e9.<\/p>\n<p><img decoding=\"async\" class=\"ngg-singlepic ngg-none\" src=\"http:\/\/www.photovoyage.fr\/blog\/wp-content\/gallery\/catalogne\/IMGP2177-Copier.JPG\" alt=\"Pubol\" \/><\/p>\n<p>Nous esp\u00e9rons que nous vous aurons donn\u00e9 envie de visiter la Catalogne. Cette riche province espagnole a beaucoup d&rsquo;atout et quelque soit vos points d&rsquo;int\u00e9r\u00eat, vous aimerez cette r\u00e9gion.<\/p>\n<p>Enfin, si la musique de Barrio Candela vous plait, n&rsquo;h\u00e9sitez pas \u00e0 commander leur album :<br \/>\n<a href=\"http:\/\/www.amazon.fr\/gp\/product\/B0025GBZHE\/ref=as_li_tl?ie=UTF8&amp;camp=1642&amp;creative=19458&amp;creativeASIN=B0025GBZHE&amp;linkCode=as2&amp;tag=photovoyage-21\" rel=\"nofollow\"><img decoding=\"async\" src=\"http:\/\/ws-eu.amazon-adsystem.com\/widgets\/q?_encoding=UTF8&amp;ASIN=B0025GBZHE&amp;Format=_SL110_&amp;ID=AsinImage&amp;MarketPlace=FR&amp;ServiceVersion=20070822&amp;WS=1&amp;tag=photovoyage-21\" alt=\"\" border=\"0\" \/><\/a><img loading=\"lazy\" decoding=\"async\" style=\"border: none !important; margin: 0px !important;\" src=\"http:\/\/ir-fr.amazon-adsystem.com\/e\/ir?t=photovoyage-21&amp;l=as2&amp;o=8&amp;a=B0025GBZHE\" alt=\"\" width=\"1\" height=\"1\" border=\"0\" \/><\/p>\n<p>Notre galerie :<\/p>\n<p><!-- index.php -->\n<div\n\tclass=\"ngg-galleryoverview\n\t ngg-ajax-pagination-none\t\"\n\tid=\"ngg-gallery-41b85ed6cb781da6dcdc1cc7830af769-1\">\n\n\t\t<div class=\"slideshowlink\">\n\t\t<a href='http:\/\/www.photovoyage.fr\/blog\/notre-decouverte-de-la-catalogne\/nggallery\/slideshow'>[Show slideshow]<\/a>\n\t\t\n\t<\/div>\n\t\t\t<!-- Thumbnails -->\n\t\t\t\t<div id=\"ngg-image-0\" class=\"ngg-gallery-thumbnail-box\" \n\t\t\t\t\t\t\t\t\t\t\t>\n\t\t\t\t\t\t<div class=\"ngg-gallery-thumbnail\">\n\t\t\t<a href=\"http:\/\/www.photovoyage.fr\/blog\/wp-content\/gallery\/catalogne\/IMGP2016-Copier.JPG\"\n\t\t\t\ttitle=\"Village superbe de la partie fran\u00e7aise de la Catalogne\"\n\t\t\t\tdata-src=\"http:\/\/www.photovoyage.fr\/blog\/wp-content\/gallery\/catalogne\/IMGP2016-Copier.JPG\"\n\t\t\t\tdata-thumbnail=\"http:\/\/www.photovoyage.fr\/blog\/wp-content\/gallery\/catalogne\/thumbs\/thumbs_IMGP2016-Copier.JPG\"\n\t\t\t\tdata-image-id=\"161\"\n\t\t\t\tdata-title=\"Collioure\"\n\t\t\t\tdata-description=\"Village superbe de la partie fran\u00e7aise de la Catalogne\"\n\t\t\t\tdata-image-slug=\"imgp2016-copier\"\n\t\t\t\tclass=\"ngg-fancybox\" rel=\"41b85ed6cb781da6dcdc1cc7830af769\">\n\t\t\t\t<img\n\t\t\t\t\ttitle=\"Collioure\"\n\t\t\t\t\talt=\"Collioure\"\n\t\t\t\t\tsrc=\"http:\/\/www.photovoyage.fr\/blog\/wp-content\/gallery\/catalogne\/thumbs\/thumbs_IMGP2016-Copier.JPG\"\n\t\t\t\t\twidth=\"120\"\n\t\t\t\t\theight=\"90\"\n\t\t\t\t\tstyle=\"max-width:100%;\"\n\t\t\t\t\/>\n\t\t\t<\/a>\n\t\t<\/div>\n\t\t\t\t\t\t\t<\/div> \n\t\t\t\n\t\t\n\t\t\t\t<div id=\"ngg-image-1\" class=\"ngg-gallery-thumbnail-box\" \n\t\t\t\t\t\t\t\t\t\t\t>\n\t\t\t\t\t\t<div class=\"ngg-gallery-thumbnail\">\n\t\t\t<a href=\"http:\/\/www.photovoyage.fr\/blog\/wp-content\/gallery\/catalogne\/IMGP2056-Copier.JPG\"\n\t\t\t\ttitle=\"Superbe monast\u00e8re b\u00e9n\u00e9dictin au nord de la Catalogne\"\n\t\t\t\tdata-src=\"http:\/\/www.photovoyage.fr\/blog\/wp-content\/gallery\/catalogne\/IMGP2056-Copier.JPG\"\n\t\t\t\tdata-thumbnail=\"http:\/\/www.photovoyage.fr\/blog\/wp-content\/gallery\/catalogne\/thumbs\/thumbs_IMGP2056-Copier.JPG\"\n\t\t\t\tdata-image-id=\"162\"\n\t\t\t\tdata-title=\"Monast\u00e8re de Saint Pere de Rodes\"\n\t\t\t\tdata-description=\"Superbe monast\u00e8re b\u00e9n\u00e9dictin au nord de la Catalogne\"\n\t\t\t\tdata-image-slug=\"imgp2056-copier\"\n\t\t\t\tclass=\"ngg-fancybox\" rel=\"41b85ed6cb781da6dcdc1cc7830af769\">\n\t\t\t\t<img\n\t\t\t\t\ttitle=\"Monast\u00e8re de Saint Pere de Rodes\"\n\t\t\t\t\talt=\"Monast\u00e8re de Saint Pere de Rodes\"\n\t\t\t\t\tsrc=\"http:\/\/www.photovoyage.fr\/blog\/wp-content\/gallery\/catalogne\/thumbs\/thumbs_IMGP2056-Copier.JPG\"\n\t\t\t\t\twidth=\"120\"\n\t\t\t\t\theight=\"90\"\n\t\t\t\t\tstyle=\"max-width:100%;\"\n\t\t\t\t\/>\n\t\t\t<\/a>\n\t\t<\/div>\n\t\t\t\t\t\t\t<\/div> \n\t\t\t\n\t\t\n\t\t\t\t<div id=\"ngg-image-2\" class=\"ngg-gallery-thumbnail-box\" \n\t\t\t\t\t\t\t\t\t\t\t>\n\t\t\t\t\t\t<div class=\"ngg-gallery-thumbnail\">\n\t\t\t<a href=\"http:\/\/www.photovoyage.fr\/blog\/wp-content\/gallery\/catalogne\/IMGP2123-Copier.JPG\"\n\t\t\t\ttitle=\"\"\n\t\t\t\tdata-src=\"http:\/\/www.photovoyage.fr\/blog\/wp-content\/gallery\/catalogne\/IMGP2123-Copier.JPG\"\n\t\t\t\tdata-thumbnail=\"http:\/\/www.photovoyage.fr\/blog\/wp-content\/gallery\/catalogne\/thumbs\/thumbs_IMGP2123-Copier.JPG\"\n\t\t\t\tdata-image-id=\"163\"\n\t\t\t\tdata-title=\"Girone\"\n\t\t\t\tdata-description=\"\"\n\t\t\t\tdata-image-slug=\"pentax-image-38\"\n\t\t\t\tclass=\"ngg-fancybox\" rel=\"41b85ed6cb781da6dcdc1cc7830af769\">\n\t\t\t\t<img\n\t\t\t\t\ttitle=\"Girone\"\n\t\t\t\t\talt=\"Girone\"\n\t\t\t\t\tsrc=\"http:\/\/www.photovoyage.fr\/blog\/wp-content\/gallery\/catalogne\/thumbs\/thumbs_IMGP2123-Copier.JPG\"\n\t\t\t\t\twidth=\"120\"\n\t\t\t\t\theight=\"90\"\n\t\t\t\t\tstyle=\"max-width:100%;\"\n\t\t\t\t\/>\n\t\t\t<\/a>\n\t\t<\/div>\n\t\t\t\t\t\t\t<\/div> \n\t\t\t\n\t\t\n\t\t\t\t<div id=\"ngg-image-3\" class=\"ngg-gallery-thumbnail-box\" \n\t\t\t\t\t\t\t\t\t\t\t>\n\t\t\t\t\t\t<div class=\"ngg-gallery-thumbnail\">\n\t\t\t<a href=\"http:\/\/www.photovoyage.fr\/blog\/wp-content\/gallery\/catalogne\/IMGP2143-Copier.JPG\"\n\t\t\t\ttitle=\"\"\n\t\t\t\tdata-src=\"http:\/\/www.photovoyage.fr\/blog\/wp-content\/gallery\/catalogne\/IMGP2143-Copier.JPG\"\n\t\t\t\tdata-thumbnail=\"http:\/\/www.photovoyage.fr\/blog\/wp-content\/gallery\/catalogne\/thumbs\/thumbs_IMGP2143-Copier.JPG\"\n\t\t\t\tdata-image-id=\"164\"\n\t\t\t\tdata-title=\"Girone\"\n\t\t\t\tdata-description=\"\"\n\t\t\t\tdata-image-slug=\"imgp2143-copier\"\n\t\t\t\tclass=\"ngg-fancybox\" rel=\"41b85ed6cb781da6dcdc1cc7830af769\">\n\t\t\t\t<img\n\t\t\t\t\ttitle=\"Girone\"\n\t\t\t\t\talt=\"Girone\"\n\t\t\t\t\tsrc=\"http:\/\/www.photovoyage.fr\/blog\/wp-content\/gallery\/catalogne\/thumbs\/thumbs_IMGP2143-Copier.JPG\"\n\t\t\t\t\twidth=\"120\"\n\t\t\t\t\theight=\"90\"\n\t\t\t\t\tstyle=\"max-width:100%;\"\n\t\t\t\t\/>\n\t\t\t<\/a>\n\t\t<\/div>\n\t\t\t\t\t\t\t<\/div> \n\t\t\t\n\t\t\n\t\t\t\t<div id=\"ngg-image-4\" class=\"ngg-gallery-thumbnail-box\" \n\t\t\t\t\t\t\t\t\t\t\t>\n\t\t\t\t\t\t<div class=\"ngg-gallery-thumbnail\">\n\t\t\t<a href=\"http:\/\/www.photovoyage.fr\/blog\/wp-content\/gallery\/catalogne\/IMGP2177-Copier.JPG\"\n\t\t\t\ttitle=\"Pubol\"\n\t\t\t\tdata-src=\"http:\/\/www.photovoyage.fr\/blog\/wp-content\/gallery\/catalogne\/IMGP2177-Copier.JPG\"\n\t\t\t\tdata-thumbnail=\"http:\/\/www.photovoyage.fr\/blog\/wp-content\/gallery\/catalogne\/thumbs\/thumbs_IMGP2177-Copier.JPG\"\n\t\t\t\tdata-image-id=\"165\"\n\t\t\t\tdata-title=\"Pubol\"\n\t\t\t\tdata-description=\"Pubol\"\n\t\t\t\tdata-image-slug=\"pubol-1\"\n\t\t\t\tclass=\"ngg-fancybox\" rel=\"41b85ed6cb781da6dcdc1cc7830af769\">\n\t\t\t\t<img\n\t\t\t\t\ttitle=\"Pubol\"\n\t\t\t\t\talt=\"Pubol\"\n\t\t\t\t\tsrc=\"http:\/\/www.photovoyage.fr\/blog\/wp-content\/gallery\/catalogne\/thumbs\/thumbs_IMGP2177-Copier.JPG\"\n\t\t\t\t\twidth=\"120\"\n\t\t\t\t\theight=\"90\"\n\t\t\t\t\tstyle=\"max-width:100%;\"\n\t\t\t\t\/>\n\t\t\t<\/a>\n\t\t<\/div>\n\t\t\t\t\t\t\t<\/div> \n\t\t\t\n\t\t\n\t\t\t\t<div id=\"ngg-image-5\" class=\"ngg-gallery-thumbnail-box\" \n\t\t\t\t\t\t\t\t\t\t\t>\n\t\t\t\t\t\t<div class=\"ngg-gallery-thumbnail\">\n\t\t\t<a href=\"http:\/\/www.photovoyage.fr\/blog\/wp-content\/gallery\/catalogne\/IMGP2191-Copier.JPG\"\n\t\t\t\ttitle=\"Costa Brava\"\n\t\t\t\tdata-src=\"http:\/\/www.photovoyage.fr\/blog\/wp-content\/gallery\/catalogne\/IMGP2191-Copier.JPG\"\n\t\t\t\tdata-thumbnail=\"http:\/\/www.photovoyage.fr\/blog\/wp-content\/gallery\/catalogne\/thumbs\/thumbs_IMGP2191-Copier.JPG\"\n\t\t\t\tdata-image-id=\"166\"\n\t\t\t\tdata-title=\"Costa Brava\"\n\t\t\t\tdata-description=\"Costa Brava\"\n\t\t\t\tdata-image-slug=\"costa-brava-2\"\n\t\t\t\tclass=\"ngg-fancybox\" rel=\"41b85ed6cb781da6dcdc1cc7830af769\">\n\t\t\t\t<img\n\t\t\t\t\ttitle=\"Costa Brava\"\n\t\t\t\t\talt=\"Costa Brava\"\n\t\t\t\t\tsrc=\"http:\/\/www.photovoyage.fr\/blog\/wp-content\/gallery\/catalogne\/thumbs\/thumbs_IMGP2191-Copier.JPG\"\n\t\t\t\t\twidth=\"120\"\n\t\t\t\t\theight=\"90\"\n\t\t\t\t\tstyle=\"max-width:100%;\"\n\t\t\t\t\/>\n\t\t\t<\/a>\n\t\t<\/div>\n\t\t\t\t\t\t\t<\/div> \n\t\t\t\n\t\t\n\t\t\t\t<div id=\"ngg-image-6\" class=\"ngg-gallery-thumbnail-box\" \n\t\t\t\t\t\t\t\t\t\t\t>\n\t\t\t\t\t\t<div class=\"ngg-gallery-thumbnail\">\n\t\t\t<a href=\"http:\/\/www.photovoyage.fr\/blog\/wp-content\/gallery\/catalogne\/IMGP2214-Copier.JPG\"\n\t\t\t\ttitle=\"\"\n\t\t\t\tdata-src=\"http:\/\/www.photovoyage.fr\/blog\/wp-content\/gallery\/catalogne\/IMGP2214-Copier.JPG\"\n\t\t\t\tdata-thumbnail=\"http:\/\/www.photovoyage.fr\/blog\/wp-content\/gallery\/catalogne\/thumbs\/thumbs_IMGP2214-Copier.JPG\"\n\t\t\t\tdata-image-id=\"167\"\n\t\t\t\tdata-title=\"Costa Brava\"\n\t\t\t\tdata-description=\"\"\n\t\t\t\tdata-image-slug=\"pentax-image-45\"\n\t\t\t\tclass=\"ngg-fancybox\" rel=\"41b85ed6cb781da6dcdc1cc7830af769\">\n\t\t\t\t<img\n\t\t\t\t\ttitle=\"Costa Brava\"\n\t\t\t\t\talt=\"Costa Brava\"\n\t\t\t\t\tsrc=\"http:\/\/www.photovoyage.fr\/blog\/wp-content\/gallery\/catalogne\/thumbs\/thumbs_IMGP2214-Copier.JPG\"\n\t\t\t\t\twidth=\"120\"\n\t\t\t\t\theight=\"90\"\n\t\t\t\t\tstyle=\"max-width:100%;\"\n\t\t\t\t\/>\n\t\t\t<\/a>\n\t\t<\/div>\n\t\t\t\t\t\t\t<\/div> \n\t\t\t\n\t\t\n\t\t\t\t<div id=\"ngg-image-7\" class=\"ngg-gallery-thumbnail-box\" \n\t\t\t\t\t\t\t\t\t\t\t>\n\t\t\t\t\t\t<div class=\"ngg-gallery-thumbnail\">\n\t\t\t<a href=\"http:\/\/www.photovoyage.fr\/blog\/wp-content\/gallery\/catalogne\/IMGP2233-Copier.JPG\"\n\t\t\t\ttitle=\"\"\n\t\t\t\tdata-src=\"http:\/\/www.photovoyage.fr\/blog\/wp-content\/gallery\/catalogne\/IMGP2233-Copier.JPG\"\n\t\t\t\tdata-thumbnail=\"http:\/\/www.photovoyage.fr\/blog\/wp-content\/gallery\/catalogne\/thumbs\/thumbs_IMGP2233-Copier.JPG\"\n\t\t\t\tdata-image-id=\"168\"\n\t\t\t\tdata-title=\"Sagrada Familia\"\n\t\t\t\tdata-description=\"\"\n\t\t\t\tdata-image-slug=\"pentax-image-44\"\n\t\t\t\tclass=\"ngg-fancybox\" rel=\"41b85ed6cb781da6dcdc1cc7830af769\">\n\t\t\t\t<img\n\t\t\t\t\ttitle=\"Sagrada Familia\"\n\t\t\t\t\talt=\"Sagrada Familia\"\n\t\t\t\t\tsrc=\"http:\/\/www.photovoyage.fr\/blog\/wp-content\/gallery\/catalogne\/thumbs\/thumbs_IMGP2233-Copier.JPG\"\n\t\t\t\t\twidth=\"120\"\n\t\t\t\t\theight=\"90\"\n\t\t\t\t\tstyle=\"max-width:100%;\"\n\t\t\t\t\/>\n\t\t\t<\/a>\n\t\t<\/div>\n\t\t\t\t\t\t\t<\/div> \n\t\t\t\n\t\t\n\t\t\t\t<div id=\"ngg-image-8\" class=\"ngg-gallery-thumbnail-box\" \n\t\t\t\t\t\t\t\t\t\t\t>\n\t\t\t\t\t\t<div class=\"ngg-gallery-thumbnail\">\n\t\t\t<a href=\"http:\/\/www.photovoyage.fr\/blog\/wp-content\/gallery\/catalogne\/IMGP2247-Copier.JPG\"\n\t\t\t\ttitle=\"\"\n\t\t\t\tdata-src=\"http:\/\/www.photovoyage.fr\/blog\/wp-content\/gallery\/catalogne\/IMGP2247-Copier.JPG\"\n\t\t\t\tdata-thumbnail=\"http:\/\/www.photovoyage.fr\/blog\/wp-content\/gallery\/catalogne\/thumbs\/thumbs_IMGP2247-Copier.JPG\"\n\t\t\t\tdata-image-id=\"169\"\n\t\t\t\tdata-title=\"Parc Guell\"\n\t\t\t\tdata-description=\"\"\n\t\t\t\tdata-image-slug=\"pentax-image-43\"\n\t\t\t\tclass=\"ngg-fancybox\" rel=\"41b85ed6cb781da6dcdc1cc7830af769\">\n\t\t\t\t<img\n\t\t\t\t\ttitle=\"Parc Guell\"\n\t\t\t\t\talt=\"Parc Guell\"\n\t\t\t\t\tsrc=\"http:\/\/www.photovoyage.fr\/blog\/wp-content\/gallery\/catalogne\/thumbs\/thumbs_IMGP2247-Copier.JPG\"\n\t\t\t\t\twidth=\"120\"\n\t\t\t\t\theight=\"90\"\n\t\t\t\t\tstyle=\"max-width:100%;\"\n\t\t\t\t\/>\n\t\t\t<\/a>\n\t\t<\/div>\n\t\t\t\t\t\t\t<\/div> \n\t\t\t\n\t\t\n\t\t\t\t<div id=\"ngg-image-9\" class=\"ngg-gallery-thumbnail-box\" \n\t\t\t\t\t\t\t\t\t\t\t>\n\t\t\t\t\t\t<div class=\"ngg-gallery-thumbnail\">\n\t\t\t<a href=\"http:\/\/www.photovoyage.fr\/blog\/wp-content\/gallery\/catalogne\/IMGP2287-Copier.JPG\"\n\t\t\t\ttitle=\"Un exemple d&#039;architecture de Gaudi\"\n\t\t\t\tdata-src=\"http:\/\/www.photovoyage.fr\/blog\/wp-content\/gallery\/catalogne\/IMGP2287-Copier.JPG\"\n\t\t\t\tdata-thumbnail=\"http:\/\/www.photovoyage.fr\/blog\/wp-content\/gallery\/catalogne\/thumbs\/thumbs_IMGP2287-Copier.JPG\"\n\t\t\t\tdata-image-id=\"170\"\n\t\t\t\tdata-title=\"Pedrera\"\n\t\t\t\tdata-description=\"Un exemple d&#039;architecture de Gaudi\"\n\t\t\t\tdata-image-slug=\"pentax-image-42\"\n\t\t\t\tclass=\"ngg-fancybox\" rel=\"41b85ed6cb781da6dcdc1cc7830af769\">\n\t\t\t\t<img\n\t\t\t\t\ttitle=\"Pedrera\"\n\t\t\t\t\talt=\"Pedrera\"\n\t\t\t\t\tsrc=\"http:\/\/www.photovoyage.fr\/blog\/wp-content\/gallery\/catalogne\/thumbs\/thumbs_IMGP2287-Copier.JPG\"\n\t\t\t\t\twidth=\"120\"\n\t\t\t\t\theight=\"90\"\n\t\t\t\t\tstyle=\"max-width:100%;\"\n\t\t\t\t\/>\n\t\t\t<\/a>\n\t\t<\/div>\n\t\t\t\t\t\t\t<\/div> \n\t\t\t\n\t\t\n\t\t\t\t<div id=\"ngg-image-10\" class=\"ngg-gallery-thumbnail-box\" \n\t\t\t\t\t\t\t\t\t\t\t>\n\t\t\t\t\t\t<div class=\"ngg-gallery-thumbnail\">\n\t\t\t<a href=\"http:\/\/www.photovoyage.fr\/blog\/wp-content\/gallery\/catalogne\/IMGP2336-Copier.JPG\"\n\t\t\t\ttitle=\"Barcelone est une ville M\u00e9diterran\u00e9enne vraiment charmante\"\n\t\t\t\tdata-src=\"http:\/\/www.photovoyage.fr\/blog\/wp-content\/gallery\/catalogne\/IMGP2336-Copier.JPG\"\n\t\t\t\tdata-thumbnail=\"http:\/\/www.photovoyage.fr\/blog\/wp-content\/gallery\/catalogne\/thumbs\/thumbs_IMGP2336-Copier.JPG\"\n\t\t\t\tdata-image-id=\"171\"\n\t\t\t\tdata-title=\"Barcelone\"\n\t\t\t\tdata-description=\"Barcelone est une ville M\u00e9diterran\u00e9enne vraiment charmante\"\n\t\t\t\tdata-image-slug=\"pentax-image-41\"\n\t\t\t\tclass=\"ngg-fancybox\" rel=\"41b85ed6cb781da6dcdc1cc7830af769\">\n\t\t\t\t<img\n\t\t\t\t\ttitle=\"Barcelone\"\n\t\t\t\t\talt=\"Barcelone\"\n\t\t\t\t\tsrc=\"http:\/\/www.photovoyage.fr\/blog\/wp-content\/gallery\/catalogne\/thumbs\/thumbs_IMGP2336-Copier.JPG\"\n\t\t\t\t\twidth=\"120\"\n\t\t\t\t\theight=\"90\"\n\t\t\t\t\tstyle=\"max-width:100%;\"\n\t\t\t\t\/>\n\t\t\t<\/a>\n\t\t<\/div>\n\t\t\t\t\t\t\t<\/div> \n\t\t\t\n\t\t\n\t\t\t\t<div id=\"ngg-image-11\" class=\"ngg-gallery-thumbnail-box\" \n\t\t\t\t\t\t\t\t\t\t\t>\n\t\t\t\t\t\t<div class=\"ngg-gallery-thumbnail\">\n\t\t\t<a href=\"http:\/\/www.photovoyage.fr\/blog\/wp-content\/gallery\/catalogne\/IMGP2388-Copier.JPG\"\n\t\t\t\ttitle=\"Un march\u00e9 \u00e0 ne pas r\u00e2ter\"\n\t\t\t\tdata-src=\"http:\/\/www.photovoyage.fr\/blog\/wp-content\/gallery\/catalogne\/IMGP2388-Copier.JPG\"\n\t\t\t\tdata-thumbnail=\"http:\/\/www.photovoyage.fr\/blog\/wp-content\/gallery\/catalogne\/thumbs\/thumbs_IMGP2388-Copier.JPG\"\n\t\t\t\tdata-image-id=\"172\"\n\t\t\t\tdata-title=\"La Boqueria\"\n\t\t\t\tdata-description=\"Un march\u00e9 \u00e0 ne pas r\u00e2ter\"\n\t\t\t\tdata-image-slug=\"pentax-image-40\"\n\t\t\t\tclass=\"ngg-fancybox\" rel=\"41b85ed6cb781da6dcdc1cc7830af769\">\n\t\t\t\t<img\n\t\t\t\t\ttitle=\"La Boqueria\"\n\t\t\t\t\talt=\"La Boqueria\"\n\t\t\t\t\tsrc=\"http:\/\/www.photovoyage.fr\/blog\/wp-content\/gallery\/catalogne\/thumbs\/thumbs_IMGP2388-Copier.JPG\"\n\t\t\t\t\twidth=\"120\"\n\t\t\t\t\theight=\"90\"\n\t\t\t\t\tstyle=\"max-width:100%;\"\n\t\t\t\t\/>\n\t\t\t<\/a>\n\t\t<\/div>\n\t\t\t\t\t\t\t<\/div> \n\t\t\t\n\t\t\n\t\t\t\t<div id=\"ngg-image-12\" class=\"ngg-gallery-thumbnail-box\" \n\t\t\t\t\t\t\t\t\t\t\t>\n\t\t\t\t\t\t<div class=\"ngg-gallery-thumbnail\">\n\t\t\t<a href=\"http:\/\/www.photovoyage.fr\/blog\/wp-content\/gallery\/catalogne\/IMGP2404-Copier.JPG\"\n\t\t\t\ttitle=\"\"\n\t\t\t\tdata-src=\"http:\/\/www.photovoyage.fr\/blog\/wp-content\/gallery\/catalogne\/IMGP2404-Copier.JPG\"\n\t\t\t\tdata-thumbnail=\"http:\/\/www.photovoyage.fr\/blog\/wp-content\/gallery\/catalogne\/thumbs\/thumbs_IMGP2404-Copier.JPG\"\n\t\t\t\tdata-image-id=\"173\"\n\t\t\t\tdata-title=\"Montserrat\"\n\t\t\t\tdata-description=\"\"\n\t\t\t\tdata-image-slug=\"pentax-image-39\"\n\t\t\t\tclass=\"ngg-fancybox\" rel=\"41b85ed6cb781da6dcdc1cc7830af769\">\n\t\t\t\t<img\n\t\t\t\t\ttitle=\"Montserrat\"\n\t\t\t\t\talt=\"Montserrat\"\n\t\t\t\t\tsrc=\"http:\/\/www.photovoyage.fr\/blog\/wp-content\/gallery\/catalogne\/thumbs\/thumbs_IMGP2404-Copier.JPG\"\n\t\t\t\t\twidth=\"120\"\n\t\t\t\t\theight=\"90\"\n\t\t\t\t\tstyle=\"max-width:100%;\"\n\t\t\t\t\/>\n\t\t\t<\/a>\n\t\t<\/div>\n\t\t\t\t\t\t\t<\/div> \n\t\t\t\n\t\t\n\t\t\t\t<div id=\"ngg-image-13\" class=\"ngg-gallery-thumbnail-box\" \n\t\t\t\t\t\t\t\t\t\t\t>\n\t\t\t\t\t\t<div class=\"ngg-gallery-thumbnail\">\n\t\t\t<a href=\"http:\/\/www.photovoyage.fr\/blog\/wp-content\/gallery\/catalogne\/IMGP2065-Copier.JPG\"\n\t\t\t\ttitle=\"\"\n\t\t\t\tdata-src=\"http:\/\/www.photovoyage.fr\/blog\/wp-content\/gallery\/catalogne\/IMGP2065-Copier.JPG\"\n\t\t\t\tdata-thumbnail=\"http:\/\/www.photovoyage.fr\/blog\/wp-content\/gallery\/catalogne\/thumbs\/thumbs_IMGP2065-Copier.JPG\"\n\t\t\t\tdata-image-id=\"174\"\n\t\t\t\tdata-title=\"Costa Brava\"\n\t\t\t\tdata-description=\"\"\n\t\t\t\tdata-image-slug=\"imgp2065-copier\"\n\t\t\t\tclass=\"ngg-fancybox\" rel=\"41b85ed6cb781da6dcdc1cc7830af769\">\n\t\t\t\t<img\n\t\t\t\t\ttitle=\"Costa Brava\"\n\t\t\t\t\talt=\"Costa Brava\"\n\t\t\t\t\tsrc=\"http:\/\/www.photovoyage.fr\/blog\/wp-content\/gallery\/catalogne\/thumbs\/thumbs_IMGP2065-Copier.JPG\"\n\t\t\t\t\twidth=\"120\"\n\t\t\t\t\theight=\"90\"\n\t\t\t\t\tstyle=\"max-width:100%;\"\n\t\t\t\t\/>\n\t\t\t<\/a>\n\t\t<\/div>\n\t\t\t\t\t\t\t<\/div> \n\t\t\t\n\t\t\n\t\t\t\t<div id=\"ngg-image-14\" class=\"ngg-gallery-thumbnail-box\" \n\t\t\t\t\t\t\t\t\t\t\t>\n\t\t\t\t\t\t<div class=\"ngg-gallery-thumbnail\">\n\t\t\t<a href=\"http:\/\/www.photovoyage.fr\/blog\/wp-content\/gallery\/catalogne\/IMGP2092-Copier.JPG\"\n\t\t\t\ttitle=\"Le fameux village de p\u00eacheur de Cadaqu\u00e8s\"\n\t\t\t\tdata-src=\"http:\/\/www.photovoyage.fr\/blog\/wp-content\/gallery\/catalogne\/IMGP2092-Copier.JPG\"\n\t\t\t\tdata-thumbnail=\"http:\/\/www.photovoyage.fr\/blog\/wp-content\/gallery\/catalogne\/thumbs\/thumbs_IMGP2092-Copier.JPG\"\n\t\t\t\tdata-image-id=\"175\"\n\t\t\t\tdata-title=\"Cadaqu\u00e8s\"\n\t\t\t\tdata-description=\"Le fameux village de p\u00eacheur de Cadaqu\u00e8s\"\n\t\t\t\tdata-image-slug=\"imgp2092-copier\"\n\t\t\t\tclass=\"ngg-fancybox\" rel=\"41b85ed6cb781da6dcdc1cc7830af769\">\n\t\t\t\t<img\n\t\t\t\t\ttitle=\"Cadaqu\u00e8s\"\n\t\t\t\t\talt=\"Cadaqu\u00e8s\"\n\t\t\t\t\tsrc=\"http:\/\/www.photovoyage.fr\/blog\/wp-content\/gallery\/catalogne\/thumbs\/thumbs_IMGP2092-Copier.JPG\"\n\t\t\t\t\twidth=\"120\"\n\t\t\t\t\theight=\"90\"\n\t\t\t\t\tstyle=\"max-width:100%;\"\n\t\t\t\t\/>\n\t\t\t<\/a>\n\t\t<\/div>\n\t\t\t\t\t\t\t<\/div> \n\t\t\t\n\t\t\n\t\t\t\t<div id=\"ngg-image-15\" class=\"ngg-gallery-thumbnail-box\" \n\t\t\t\t\t\t\t\t\t\t\t>\n\t\t\t\t\t\t<div class=\"ngg-gallery-thumbnail\">\n\t\t\t<a href=\"http:\/\/www.photovoyage.fr\/blog\/wp-content\/gallery\/catalogne\/IMGP2130-Copier.JPG\"\n\t\t\t\ttitle=\"\"\n\t\t\t\tdata-src=\"http:\/\/www.photovoyage.fr\/blog\/wp-content\/gallery\/catalogne\/IMGP2130-Copier.JPG\"\n\t\t\t\tdata-thumbnail=\"http:\/\/www.photovoyage.fr\/blog\/wp-content\/gallery\/catalogne\/thumbs\/thumbs_IMGP2130-Copier.JPG\"\n\t\t\t\tdata-image-id=\"176\"\n\t\t\t\tdata-title=\"Cath\u00e9drale de Girone\"\n\t\t\t\tdata-description=\"\"\n\t\t\t\tdata-image-slug=\"imgp2130-copier\"\n\t\t\t\tclass=\"ngg-fancybox\" rel=\"41b85ed6cb781da6dcdc1cc7830af769\">\n\t\t\t\t<img\n\t\t\t\t\ttitle=\"Cath\u00e9drale de Girone\"\n\t\t\t\t\talt=\"Cath\u00e9drale de Girone\"\n\t\t\t\t\tsrc=\"http:\/\/www.photovoyage.fr\/blog\/wp-content\/gallery\/catalogne\/thumbs\/thumbs_IMGP2130-Copier.JPG\"\n\t\t\t\t\twidth=\"120\"\n\t\t\t\t\theight=\"90\"\n\t\t\t\t\tstyle=\"max-width:100%;\"\n\t\t\t\t\/>\n\t\t\t<\/a>\n\t\t<\/div>\n\t\t\t\t\t\t\t<\/div> \n\t\t\t\n\t\t\n\t\t\t\t<div id=\"ngg-image-16\" class=\"ngg-gallery-thumbnail-box\" \n\t\t\t\t\t\t\t\t\t\t\t>\n\t\t\t\t\t\t<div class=\"ngg-gallery-thumbnail\">\n\t\t\t<a href=\"http:\/\/www.photovoyage.fr\/blog\/wp-content\/gallery\/catalogne\/IMGP2211-Copier.JPG\"\n\t\t\t\ttitle=\"\"\n\t\t\t\tdata-src=\"http:\/\/www.photovoyage.fr\/blog\/wp-content\/gallery\/catalogne\/IMGP2211-Copier.JPG\"\n\t\t\t\tdata-thumbnail=\"http:\/\/www.photovoyage.fr\/blog\/wp-content\/gallery\/catalogne\/thumbs\/thumbs_IMGP2211-Copier.JPG\"\n\t\t\t\tdata-image-id=\"177\"\n\t\t\t\tdata-title=\"Crique sur la Costa Brava\"\n\t\t\t\tdata-description=\"\"\n\t\t\t\tdata-image-slug=\"imgp2211-copier\"\n\t\t\t\tclass=\"ngg-fancybox\" rel=\"41b85ed6cb781da6dcdc1cc7830af769\">\n\t\t\t\t<img\n\t\t\t\t\ttitle=\"Crique sur la Costa Brava\"\n\t\t\t\t\talt=\"Crique sur la Costa Brava\"\n\t\t\t\t\tsrc=\"http:\/\/www.photovoyage.fr\/blog\/wp-content\/gallery\/catalogne\/thumbs\/thumbs_IMGP2211-Copier.JPG\"\n\t\t\t\t\twidth=\"120\"\n\t\t\t\t\theight=\"90\"\n\t\t\t\t\tstyle=\"max-width:100%;\"\n\t\t\t\t\/>\n\t\t\t<\/a>\n\t\t<\/div>\n\t\t\t\t\t\t\t<\/div> \n\t\t\t\n\t\t\n\t\t\t\t<div id=\"ngg-image-17\" class=\"ngg-gallery-thumbnail-box\" \n\t\t\t\t\t\t\t\t\t\t\t>\n\t\t\t\t\t\t<div class=\"ngg-gallery-thumbnail\">\n\t\t\t<a href=\"http:\/\/www.photovoyage.fr\/blog\/wp-content\/gallery\/catalogne\/IMGP2414-Copier.JPG\"\n\t\t\t\ttitle=\"\"\n\t\t\t\tdata-src=\"http:\/\/www.photovoyage.fr\/blog\/wp-content\/gallery\/catalogne\/IMGP2414-Copier.JPG\"\n\t\t\t\tdata-thumbnail=\"http:\/\/www.photovoyage.fr\/blog\/wp-content\/gallery\/catalogne\/thumbs\/thumbs_IMGP2414-Copier.JPG\"\n\t\t\t\tdata-image-id=\"178\"\n\t\t\t\tdata-title=\"Monast\u00e8re \u00e0 Monteserrat\"\n\t\t\t\tdata-description=\"\"\n\t\t\t\tdata-image-slug=\"imgp2414-copier\"\n\t\t\t\tclass=\"ngg-fancybox\" rel=\"41b85ed6cb781da6dcdc1cc7830af769\">\n\t\t\t\t<img\n\t\t\t\t\ttitle=\"Monast\u00e8re \u00e0 Monteserrat\"\n\t\t\t\t\talt=\"Monast\u00e8re \u00e0 Monteserrat\"\n\t\t\t\t\tsrc=\"http:\/\/www.photovoyage.fr\/blog\/wp-content\/gallery\/catalogne\/thumbs\/thumbs_IMGP2414-Copier.JPG\"\n\t\t\t\t\twidth=\"120\"\n\t\t\t\t\theight=\"90\"\n\t\t\t\t\tstyle=\"max-width:100%;\"\n\t\t\t\t\/>\n\t\t\t<\/a>\n\t\t<\/div>\n\t\t\t\t\t\t\t<\/div> \n\t\t\t\n\t\t\n\t\t\n\t\t<!-- Pagination -->\n\t\t<div class='ngg-clear'><\/div>\t<\/div>\n<\/p>\n","protected":false},"excerpt":{"rendered":"<p>La Catalogne est parfois r\u00e9duite \u00e0 ses stations baln\u00e9aires hypertouristiques et sans charme. C&rsquo;est pourtant une r\u00e9gion que nous avons beaucoup aim\u00e9e. \u00a0Il y a tout d&rsquo;abord Barcelone. Cette ville moderne et festive est vraiment tr\u00e8s agr\u00e9able. Gaudi est partout dans la capitale catalane, et du Parc Guell \u00e0 la Sagra Familia, la ville enti\u00e8re &hellip;<\/p>\n","protected":false},"author":1,"featured_media":788,"comment_status":"open","ping_status":"open","sticky":false,"template":"","format":"standard","meta":{"ngg_post_thumbnail":0,"footnotes":""},"categories":[6],"tags":[41,40],"class_list":["post-724","post","type-post","status-publish","format-standard","has-post-thumbnail","hentry","category-voyages","tag-catalogne","tag-espagne","entry entry-center"],"yoast_head":"<!-- This site is optimized with the Yoast SEO plugin v24.1 - https:\/\/yoast.com\/wordpress\/plugins\/seo\/ -->\n<title>Notre d\u00e9couverte de la Catalogne - photovoyage.fr<\/title>\n<meta name=\"description\" content=\"Notre visite de la Catalogne, de Barcelone \u00e0 Girone, \u00e0 la d\u00e9couverte de ses tr\u00e9sors. Une r\u00e9gion riche en patrimoine, \u00e0 la fois architectural, artistique et touristique.\" \/>\n<meta name=\"robots\" content=\"index, follow, max-snippet:-1, max-image-preview:large, max-video-preview:-1\" \/>\n<link rel=\"canonical\" href=\"http:\/\/www.photovoyage.fr\/blog\/notre-decouverte-de-la-catalogne\/\" \/>\n<meta property=\"og:locale\" content=\"fr_FR\" \/>\n<meta property=\"og:type\" content=\"article\" \/>\n<meta property=\"og:title\" content=\"Notre d\u00e9couverte de la Catalogne - photovoyage.fr\" \/>\n<meta property=\"og:description\" content=\"Notre visite de la Catalogne, de Barcelone \u00e0 Girone, \u00e0 la d\u00e9couverte de ses tr\u00e9sors. Une r\u00e9gion riche en patrimoine, \u00e0 la fois architectural, artistique et touristique.\" \/>\n<meta property=\"og:url\" content=\"http:\/\/www.photovoyage.fr\/blog\/notre-decouverte-de-la-catalogne\/\" \/>\n<meta property=\"og:site_name\" content=\"photovoyage.fr\" \/>\n<meta property=\"article:published_time\" content=\"2015-02-08T11:10:38+00:00\" \/>\n<meta property=\"article:modified_time\" content=\"2016-01-07T07:57:09+00:00\" \/>\n<meta property=\"og:image\" content=\"http:\/\/www.photovoyage.fr\/blog\/wp-content\/uploads\/ngg_featured\/IMGP2247-Copier.JPG\" \/>\n\t<meta property=\"og:image:width\" content=\"800\" \/>\n\t<meta property=\"og:image:height\" content=\"600\" \/>\n\t<meta property=\"og:image:type\" content=\"image\/jpeg\" \/>\n<meta name=\"author\" content=\"photovoyage\" \/>\n<meta name=\"twitter:label1\" content=\"\u00c9crit par\" \/>\n\t<meta name=\"twitter:data1\" content=\"photovoyage\" \/>\n\t<meta name=\"twitter:label2\" content=\"Dur\u00e9e de lecture estim\u00e9e\" \/>\n\t<meta name=\"twitter:data2\" content=\"3 minutes\" \/>\n<script type=\"application\/ld+json\" class=\"yoast-schema-graph\">{\"@context\":\"https:\/\/schema.org\",\"@graph\":[{\"@type\":\"Article\",\"@id\":\"http:\/\/www.photovoyage.fr\/blog\/notre-decouverte-de-la-catalogne\/#article\",\"isPartOf\":{\"@id\":\"http:\/\/www.photovoyage.fr\/blog\/notre-decouverte-de-la-catalogne\/\"},\"author\":{\"name\":\"photovoyage\",\"@id\":\"http:\/\/www.photovoyage.fr\/blog\/#\/schema\/person\/a6600656ccdd05f7a4132987c28fc4ac\"},\"headline\":\"Notre d\u00e9couverte de la Catalogne\",\"datePublished\":\"2015-02-08T11:10:38+00:00\",\"dateModified\":\"2016-01-07T07:57:09+00:00\",\"mainEntityOfPage\":{\"@id\":\"http:\/\/www.photovoyage.fr\/blog\/notre-decouverte-de-la-catalogne\/\"},\"wordCount\":552,\"commentCount\":0,\"publisher\":{\"@id\":\"http:\/\/www.photovoyage.fr\/blog\/#\/schema\/person\/a6600656ccdd05f7a4132987c28fc4ac\"},\"image\":{\"@id\":\"http:\/\/www.photovoyage.fr\/blog\/notre-decouverte-de-la-catalogne\/#primaryimage\"},\"thumbnailUrl\":\"http:\/\/www.photovoyage.fr\/blog\/wp-content\/uploads\/ngg_featured\/IMGP2247-Copier.JPG\",\"keywords\":[\"Catalogne\",\"Espagne\"],\"articleSection\":[\"Voyages\"],\"inLanguage\":\"fr-FR\",\"potentialAction\":[{\"@type\":\"CommentAction\",\"name\":\"Comment\",\"target\":[\"http:\/\/www.photovoyage.fr\/blog\/notre-decouverte-de-la-catalogne\/#respond\"]}]},{\"@type\":\"WebPage\",\"@id\":\"http:\/\/www.photovoyage.fr\/blog\/notre-decouverte-de-la-catalogne\/\",\"url\":\"http:\/\/www.photovoyage.fr\/blog\/notre-decouverte-de-la-catalogne\/\",\"name\":\"Notre d\u00e9couverte de la Catalogne - photovoyage.fr\",\"isPartOf\":{\"@id\":\"http:\/\/www.photovoyage.fr\/blog\/#website\"},\"primaryImageOfPage\":{\"@id\":\"http:\/\/www.photovoyage.fr\/blog\/notre-decouverte-de-la-catalogne\/#primaryimage\"},\"image\":{\"@id\":\"http:\/\/www.photovoyage.fr\/blog\/notre-decouverte-de-la-catalogne\/#primaryimage\"},\"thumbnailUrl\":\"http:\/\/www.photovoyage.fr\/blog\/wp-content\/uploads\/ngg_featured\/IMGP2247-Copier.JPG\",\"datePublished\":\"2015-02-08T11:10:38+00:00\",\"dateModified\":\"2016-01-07T07:57:09+00:00\",\"description\":\"Notre visite de la Catalogne, de Barcelone \u00e0 Girone, \u00e0 la d\u00e9couverte de ses tr\u00e9sors. Une r\u00e9gion riche en patrimoine, \u00e0 la fois architectural, artistique et touristique.\",\"breadcrumb\":{\"@id\":\"http:\/\/www.photovoyage.fr\/blog\/notre-decouverte-de-la-catalogne\/#breadcrumb\"},\"inLanguage\":\"fr-FR\",\"potentialAction\":[{\"@type\":\"ReadAction\",\"target\":[\"http:\/\/www.photovoyage.fr\/blog\/notre-decouverte-de-la-catalogne\/\"]}]},{\"@type\":\"ImageObject\",\"inLanguage\":\"fr-FR\",\"@id\":\"http:\/\/www.photovoyage.fr\/blog\/notre-decouverte-de-la-catalogne\/#primaryimage\",\"url\":\"http:\/\/www.photovoyage.fr\/blog\/wp-content\/uploads\/ngg_featured\/IMGP2247-Copier.JPG\",\"contentUrl\":\"http:\/\/www.photovoyage.fr\/blog\/wp-content\/uploads\/ngg_featured\/IMGP2247-Copier.JPG\",\"width\":800,\"height\":600},{\"@type\":\"BreadcrumbList\",\"@id\":\"http:\/\/www.photovoyage.fr\/blog\/notre-decouverte-de-la-catalogne\/#breadcrumb\",\"itemListElement\":[{\"@type\":\"ListItem\",\"position\":1,\"name\":\"Accueil\",\"item\":\"http:\/\/www.photovoyage.fr\/blog\/\"},{\"@type\":\"ListItem\",\"position\":2,\"name\":\"Notre d\u00e9couverte de la Catalogne\"}]},{\"@type\":\"WebSite\",\"@id\":\"http:\/\/www.photovoyage.fr\/blog\/#website\",\"url\":\"http:\/\/www.photovoyage.fr\/blog\/\",\"name\":\"photovoyage.fr\",\"description\":\"La passion de la photo et du voyage. Retrouvez ici nos r\u00e9cits de voyages et nos photos.\",\"publisher\":{\"@id\":\"http:\/\/www.photovoyage.fr\/blog\/#\/schema\/person\/a6600656ccdd05f7a4132987c28fc4ac\"},\"potentialAction\":[{\"@type\":\"SearchAction\",\"target\":{\"@type\":\"EntryPoint\",\"urlTemplate\":\"http:\/\/www.photovoyage.fr\/blog\/?s={search_term_string}\"},\"query-input\":{\"@type\":\"PropertyValueSpecification\",\"valueRequired\":true,\"valueName\":\"search_term_string\"}}],\"inLanguage\":\"fr-FR\"},{\"@type\":[\"Person\",\"Organization\"],\"@id\":\"http:\/\/www.photovoyage.fr\/blog\/#\/schema\/person\/a6600656ccdd05f7a4132987c28fc4ac\",\"name\":\"photovoyage\",\"image\":{\"@type\":\"ImageObject\",\"inLanguage\":\"fr-FR\",\"@id\":\"http:\/\/www.photovoyage.fr\/blog\/#\/schema\/person\/image\/\",\"url\":\"http:\/\/www.photovoyage.fr\/blog\/wp-content\/uploads\/2018\/04\/cropped-cropped-logo3.jpg\",\"contentUrl\":\"http:\/\/www.photovoyage.fr\/blog\/wp-content\/uploads\/2018\/04\/cropped-cropped-logo3.jpg\",\"width\":873,\"height\":111,\"caption\":\"photovoyage\"},\"logo\":{\"@id\":\"http:\/\/www.photovoyage.fr\/blog\/#\/schema\/person\/image\/\"}}]}<\/script>\n<!-- \/ Yoast SEO plugin. -->","yoast_head_json":{"title":"Notre d\u00e9couverte de la Catalogne - photovoyage.fr","description":"Notre visite de la Catalogne, de Barcelone \u00e0 Girone, \u00e0 la d\u00e9couverte de ses tr\u00e9sors. Une r\u00e9gion riche en patrimoine, \u00e0 la fois architectural, artistique et touristique.","robots":{"index":"index","follow":"follow","max-snippet":"max-snippet:-1","max-image-preview":"max-image-preview:large","max-video-preview":"max-video-preview:-1"},"canonical":"http:\/\/www.photovoyage.fr\/blog\/notre-decouverte-de-la-catalogne\/","og_locale":"fr_FR","og_type":"article","og_title":"Notre d\u00e9couverte de la Catalogne - photovoyage.fr","og_description":"Notre visite de la Catalogne, de Barcelone \u00e0 Girone, \u00e0 la d\u00e9couverte de ses tr\u00e9sors. Une r\u00e9gion riche en patrimoine, \u00e0 la fois architectural, artistique et touristique.","og_url":"http:\/\/www.photovoyage.fr\/blog\/notre-decouverte-de-la-catalogne\/","og_site_name":"photovoyage.fr","article_published_time":"2015-02-08T11:10:38+00:00","article_modified_time":"2016-01-07T07:57:09+00:00","og_image":[{"width":800,"height":600,"url":"http:\/\/www.photovoyage.fr\/blog\/wp-content\/uploads\/ngg_featured\/IMGP2247-Copier.JPG","type":"image\/jpeg"}],"author":"photovoyage","twitter_misc":{"\u00c9crit par":"photovoyage","Dur\u00e9e de lecture estim\u00e9e":"3 minutes"},"schema":{"@context":"https:\/\/schema.org","@graph":[{"@type":"Article","@id":"http:\/\/www.photovoyage.fr\/blog\/notre-decouverte-de-la-catalogne\/#article","isPartOf":{"@id":"http:\/\/www.photovoyage.fr\/blog\/notre-decouverte-de-la-catalogne\/"},"author":{"name":"photovoyage","@id":"http:\/\/www.photovoyage.fr\/blog\/#\/schema\/person\/a6600656ccdd05f7a4132987c28fc4ac"},"headline":"Notre d\u00e9couverte de la Catalogne","datePublished":"2015-02-08T11:10:38+00:00","dateModified":"2016-01-07T07:57:09+00:00","mainEntityOfPage":{"@id":"http:\/\/www.photovoyage.fr\/blog\/notre-decouverte-de-la-catalogne\/"},"wordCount":552,"commentCount":0,"publisher":{"@id":"http:\/\/www.photovoyage.fr\/blog\/#\/schema\/person\/a6600656ccdd05f7a4132987c28fc4ac"},"image":{"@id":"http:\/\/www.photovoyage.fr\/blog\/notre-decouverte-de-la-catalogne\/#primaryimage"},"thumbnailUrl":"http:\/\/www.photovoyage.fr\/blog\/wp-content\/uploads\/ngg_featured\/IMGP2247-Copier.JPG","keywords":["Catalogne","Espagne"],"articleSection":["Voyages"],"inLanguage":"fr-FR","potentialAction":[{"@type":"CommentAction","name":"Comment","target":["http:\/\/www.photovoyage.fr\/blog\/notre-decouverte-de-la-catalogne\/#respond"]}]},{"@type":"WebPage","@id":"http:\/\/www.photovoyage.fr\/blog\/notre-decouverte-de-la-catalogne\/","url":"http:\/\/www.photovoyage.fr\/blog\/notre-decouverte-de-la-catalogne\/","name":"Notre d\u00e9couverte de la Catalogne - photovoyage.fr","isPartOf":{"@id":"http:\/\/www.photovoyage.fr\/blog\/#website"},"primaryImageOfPage":{"@id":"http:\/\/www.photovoyage.fr\/blog\/notre-decouverte-de-la-catalogne\/#primaryimage"},"image":{"@id":"http:\/\/www.photovoyage.fr\/blog\/notre-decouverte-de-la-catalogne\/#primaryimage"},"thumbnailUrl":"http:\/\/www.photovoyage.fr\/blog\/wp-content\/uploads\/ngg_featured\/IMGP2247-Copier.JPG","datePublished":"2015-02-08T11:10:38+00:00","dateModified":"2016-01-07T07:57:09+00:00","description":"Notre visite de la Catalogne, de Barcelone \u00e0 Girone, \u00e0 la d\u00e9couverte de ses tr\u00e9sors. Une r\u00e9gion riche en patrimoine, \u00e0 la fois architectural, artistique et touristique.","breadcrumb":{"@id":"http:\/\/www.photovoyage.fr\/blog\/notre-decouverte-de-la-catalogne\/#breadcrumb"},"inLanguage":"fr-FR","potentialAction":[{"@type":"ReadAction","target":["http:\/\/www.photovoyage.fr\/blog\/notre-decouverte-de-la-catalogne\/"]}]},{"@type":"ImageObject","inLanguage":"fr-FR","@id":"http:\/\/www.photovoyage.fr\/blog\/notre-decouverte-de-la-catalogne\/#primaryimage","url":"http:\/\/www.photovoyage.fr\/blog\/wp-content\/uploads\/ngg_featured\/IMGP2247-Copier.JPG","contentUrl":"http:\/\/www.photovoyage.fr\/blog\/wp-content\/uploads\/ngg_featured\/IMGP2247-Copier.JPG","width":800,"height":600},{"@type":"BreadcrumbList","@id":"http:\/\/www.photovoyage.fr\/blog\/notre-decouverte-de-la-catalogne\/#breadcrumb","itemListElement":[{"@type":"ListItem","position":1,"name":"Accueil","item":"http:\/\/www.photovoyage.fr\/blog\/"},{"@type":"ListItem","position":2,"name":"Notre d\u00e9couverte de la Catalogne"}]},{"@type":"WebSite","@id":"http:\/\/www.photovoyage.fr\/blog\/#website","url":"http:\/\/www.photovoyage.fr\/blog\/","name":"photovoyage.fr","description":"La passion de la photo et du voyage. Retrouvez ici nos r\u00e9cits de voyages et nos photos.","publisher":{"@id":"http:\/\/www.photovoyage.fr\/blog\/#\/schema\/person\/a6600656ccdd05f7a4132987c28fc4ac"},"potentialAction":[{"@type":"SearchAction","target":{"@type":"EntryPoint","urlTemplate":"http:\/\/www.photovoyage.fr\/blog\/?s={search_term_string}"},"query-input":{"@type":"PropertyValueSpecification","valueRequired":true,"valueName":"search_term_string"}}],"inLanguage":"fr-FR"},{"@type":["Person","Organization"],"@id":"http:\/\/www.photovoyage.fr\/blog\/#\/schema\/person\/a6600656ccdd05f7a4132987c28fc4ac","name":"photovoyage","image":{"@type":"ImageObject","inLanguage":"fr-FR","@id":"http:\/\/www.photovoyage.fr\/blog\/#\/schema\/person\/image\/","url":"http:\/\/www.photovoyage.fr\/blog\/wp-content\/uploads\/2018\/04\/cropped-cropped-logo3.jpg","contentUrl":"http:\/\/www.photovoyage.fr\/blog\/wp-content\/uploads\/2018\/04\/cropped-cropped-logo3.jpg","width":873,"height":111,"caption":"photovoyage"},"logo":{"@id":"http:\/\/www.photovoyage.fr\/blog\/#\/schema\/person\/image\/"}}]}},"_links":{"self":[{"href":"http:\/\/www.photovoyage.fr\/blog\/wp-json\/wp\/v2\/posts\/724","targetHints":{"allow":["GET"]}}],"collection":[{"href":"http:\/\/www.photovoyage.fr\/blog\/wp-json\/wp\/v2\/posts"}],"about":[{"href":"http:\/\/www.photovoyage.fr\/blog\/wp-json\/wp\/v2\/types\/post"}],"author":[{"embeddable":true,"href":"http:\/\/www.photovoyage.fr\/blog\/wp-json\/wp\/v2\/users\/1"}],"replies":[{"embeddable":true,"href":"http:\/\/www.photovoyage.fr\/blog\/wp-json\/wp\/v2\/comments?post=724"}],"version-history":[{"count":0,"href":"http:\/\/www.photovoyage.fr\/blog\/wp-json\/wp\/v2\/posts\/724\/revisions"}],"wp:featuredmedia":[{"embeddable":true,"href":"http:\/\/www.photovoyage.fr\/blog\/wp-json\/wp\/v2\/media\/788"}],"wp:attachment":[{"href":"http:\/\/www.photovoyage.fr\/blog\/wp-json\/wp\/v2\/media?parent=724"}],"wp:term":[{"taxonomy":"category","embeddable":true,"href":"http:\/\/www.photovoyage.fr\/blog\/wp-json\/wp\/v2\/categories?post=724"},{"taxonomy":"post_tag","embeddable":true,"href":"http:\/\/www.photovoyage.fr\/blog\/wp-json\/wp\/v2\/tags?post=724"}],"curies":[{"name":"wp","href":"https:\/\/api.w.org\/{rel}","templated":true}]}}