{"id":865,"date":"2015-05-13T21:38:40","date_gmt":"2015-05-13T20:38:40","guid":{"rendered":"http:\/\/www.photovoyage.fr\/blog\/?p=865"},"modified":"2015-05-14T07:45:02","modified_gmt":"2015-05-14T06:45:02","slug":"carnaval-venitien-dyvoire","status":"publish","type":"post","link":"http:\/\/www.photovoyage.fr\/blog\/carnaval-venitien-dyvoire\/","title":{"rendered":"Carnaval venitien d&rsquo;Yvoire"},"content":{"rendered":"<div class=\"yzp-no-index\"><\/div><p>La magie du carnaval venitien s&rsquo;est abattue sur Yvoire ce week-end. Le village m\u00e9di\u00e9val situ\u00e9 sur les bords du L\u00e9man a vu ses rues travers\u00e9es par des visiteurs aux costumes qui rivalisaient de beaut\u00e9.<\/p>\n<p>C&rsquo;est l&rsquo;association R\u00eaveries V\u00e9nitiennes (<a title=\"Reveries Venitiennes\" href=\"http:\/\/reveries-venitiennes.fr\/\" target=\"_blank\">http:\/\/reveries-venitiennes.fr\/<\/a>) qui nous a offert ce voyage au coeur du carnaval de Venise.<\/p>\n<p>Cette association de passionn\u00e9s s&rsquo;attache \u00e0 partager la magie de ce carnaval et \u00e0 promouvoir les diff\u00e9rents carnavals v\u00e9nitiens de France.<\/p>\n<p>Un grand merci \u00e0 eux de nous faire partager cela et bravo pour leur travail sur les costumes.<\/p>\n<p>Retour en photos sur un magnifique moment, plein de gr\u00e2ce et de magie.<\/p>\n<p><!-- index.php -->\n<div\n\tclass=\"ngg-galleryoverview\n\t ngg-ajax-pagination-none\t\"\n\tid=\"ngg-gallery-6cead0a4eb868a5605a9a9e987f38007-1\">\n\n\t\t<div class=\"slideshowlink\">\n\t\t<a href='http:\/\/www.photovoyage.fr\/blog\/carnaval-venitien-dyvoire\/nggallery\/slideshow'>[Show slideshow]<\/a>\n\t\t\n\t<\/div>\n\t\t\t<!-- Thumbnails -->\n\t\t\t\t<div id=\"ngg-image-0\" class=\"ngg-gallery-thumbnail-box\" \n\t\t\t\t\t\t\t\t\t\t\t>\n\t\t\t\t\t\t<div class=\"ngg-gallery-thumbnail\">\n\t\t\t<a href=\"http:\/\/www.photovoyage.fr\/blog\/wp-content\/gallery\/carnaval-venitien\/MG_8655_ret-Copier.jpg\"\n\t\t\t\ttitle=\"Carnaval venitien d&#039;Yvoire 2015\"\n\t\t\t\tdata-src=\"http:\/\/www.photovoyage.fr\/blog\/wp-content\/gallery\/carnaval-venitien\/MG_8655_ret-Copier.jpg\"\n\t\t\t\tdata-thumbnail=\"http:\/\/www.photovoyage.fr\/blog\/wp-content\/gallery\/carnaval-venitien\/thumbs\/thumbs_MG_8655_ret-Copier.jpg\"\n\t\t\t\tdata-image-id=\"188\"\n\t\t\t\tdata-title=\"_MG_8655_ret (Copier).jpg\"\n\t\t\t\tdata-description=\"Carnaval venitien d&#039;Yvoire 2015\"\n\t\t\t\tdata-image-slug=\"_mg_8655_ret-copier-jpg\"\n\t\t\t\tclass=\"ngg-fancybox\" rel=\"6cead0a4eb868a5605a9a9e987f38007\">\n\t\t\t\t<img\n\t\t\t\t\ttitle=\"_MG_8655_ret (Copier).jpg\"\n\t\t\t\t\talt=\"_MG_8655_ret (Copier).jpg\"\n\t\t\t\t\tsrc=\"http:\/\/www.photovoyage.fr\/blog\/wp-content\/gallery\/carnaval-venitien\/thumbs\/thumbs_MG_8655_ret-Copier.jpg\"\n\t\t\t\t\twidth=\"120\"\n\t\t\t\t\theight=\"90\"\n\t\t\t\t\tstyle=\"max-width:100%;\"\n\t\t\t\t\/>\n\t\t\t<\/a>\n\t\t<\/div>\n\t\t\t\t\t\t\t<\/div> \n\t\t\t\n\t\t\n\t\t\t\t<div id=\"ngg-image-1\" class=\"ngg-gallery-thumbnail-box\" \n\t\t\t\t\t\t\t\t\t\t\t>\n\t\t\t\t\t\t<div class=\"ngg-gallery-thumbnail\">\n\t\t\t<a href=\"http:\/\/www.photovoyage.fr\/blog\/wp-content\/gallery\/carnaval-venitien\/MG_8587-Copier.JPG\"\n\t\t\t\ttitle=\"Carnaval venitien d&#039;Yvoire 2015\"\n\t\t\t\tdata-src=\"http:\/\/www.photovoyage.fr\/blog\/wp-content\/gallery\/carnaval-venitien\/MG_8587-Copier.JPG\"\n\t\t\t\tdata-thumbnail=\"http:\/\/www.photovoyage.fr\/blog\/wp-content\/gallery\/carnaval-venitien\/thumbs\/thumbs_MG_8587-Copier.JPG\"\n\t\t\t\tdata-image-id=\"189\"\n\t\t\t\tdata-title=\"_MG_8587 (Copier).JPG\"\n\t\t\t\tdata-description=\"Carnaval venitien d&#039;Yvoire 2015\"\n\t\t\t\tdata-image-slug=\"_mg_8587-copier-jpg-1\"\n\t\t\t\tclass=\"ngg-fancybox\" rel=\"6cead0a4eb868a5605a9a9e987f38007\">\n\t\t\t\t<img\n\t\t\t\t\ttitle=\"_MG_8587 (Copier).JPG\"\n\t\t\t\t\talt=\"_MG_8587 (Copier).JPG\"\n\t\t\t\t\tsrc=\"http:\/\/www.photovoyage.fr\/blog\/wp-content\/gallery\/carnaval-venitien\/thumbs\/thumbs_MG_8587-Copier.JPG\"\n\t\t\t\t\twidth=\"120\"\n\t\t\t\t\theight=\"90\"\n\t\t\t\t\tstyle=\"max-width:100%;\"\n\t\t\t\t\/>\n\t\t\t<\/a>\n\t\t<\/div>\n\t\t\t\t\t\t\t<\/div> \n\t\t\t\n\t\t\n\t\t\t\t<div id=\"ngg-image-2\" class=\"ngg-gallery-thumbnail-box\" \n\t\t\t\t\t\t\t\t\t\t\t>\n\t\t\t\t\t\t<div class=\"ngg-gallery-thumbnail\">\n\t\t\t<a href=\"http:\/\/www.photovoyage.fr\/blog\/wp-content\/gallery\/carnaval-venitien\/MG_8553-Copier.JPG\"\n\t\t\t\ttitle=\"Carnaval venitien d&#039;Yvoire 2015\"\n\t\t\t\tdata-src=\"http:\/\/www.photovoyage.fr\/blog\/wp-content\/gallery\/carnaval-venitien\/MG_8553-Copier.JPG\"\n\t\t\t\tdata-thumbnail=\"http:\/\/www.photovoyage.fr\/blog\/wp-content\/gallery\/carnaval-venitien\/thumbs\/thumbs_MG_8553-Copier.JPG\"\n\t\t\t\tdata-image-id=\"190\"\n\t\t\t\tdata-title=\"_MG_8553 (Copier).JPG\"\n\t\t\t\tdata-description=\"Carnaval venitien d&#039;Yvoire 2015\"\n\t\t\t\tdata-image-slug=\"_mg_8553-copier-jpg-1\"\n\t\t\t\tclass=\"ngg-fancybox\" rel=\"6cead0a4eb868a5605a9a9e987f38007\">\n\t\t\t\t<img\n\t\t\t\t\ttitle=\"_MG_8553 (Copier).JPG\"\n\t\t\t\t\talt=\"_MG_8553 (Copier).JPG\"\n\t\t\t\t\tsrc=\"http:\/\/www.photovoyage.fr\/blog\/wp-content\/gallery\/carnaval-venitien\/thumbs\/thumbs_MG_8553-Copier.JPG\"\n\t\t\t\t\twidth=\"120\"\n\t\t\t\t\theight=\"90\"\n\t\t\t\t\tstyle=\"max-width:100%;\"\n\t\t\t\t\/>\n\t\t\t<\/a>\n\t\t<\/div>\n\t\t\t\t\t\t\t<\/div> \n\t\t\t\n\t\t\n\t\t\t\t<div id=\"ngg-image-3\" class=\"ngg-gallery-thumbnail-box\" \n\t\t\t\t\t\t\t\t\t\t\t>\n\t\t\t\t\t\t<div class=\"ngg-gallery-thumbnail\">\n\t\t\t<a href=\"http:\/\/www.photovoyage.fr\/blog\/wp-content\/gallery\/carnaval-venitien\/MG_8591-Copier.JPG\"\n\t\t\t\ttitle=\"Carnaval venitien d&#039;Yvoire 2015\"\n\t\t\t\tdata-src=\"http:\/\/www.photovoyage.fr\/blog\/wp-content\/gallery\/carnaval-venitien\/MG_8591-Copier.JPG\"\n\t\t\t\tdata-thumbnail=\"http:\/\/www.photovoyage.fr\/blog\/wp-content\/gallery\/carnaval-venitien\/thumbs\/thumbs_MG_8591-Copier.JPG\"\n\t\t\t\tdata-image-id=\"191\"\n\t\t\t\tdata-title=\"_MG_8591 (Copier).JPG\"\n\t\t\t\tdata-description=\"Carnaval venitien d&#039;Yvoire 2015\"\n\t\t\t\tdata-image-slug=\"_mg_8591-copier-jpg-1\"\n\t\t\t\tclass=\"ngg-fancybox\" rel=\"6cead0a4eb868a5605a9a9e987f38007\">\n\t\t\t\t<img\n\t\t\t\t\ttitle=\"_MG_8591 (Copier).JPG\"\n\t\t\t\t\talt=\"_MG_8591 (Copier).JPG\"\n\t\t\t\t\tsrc=\"http:\/\/www.photovoyage.fr\/blog\/wp-content\/gallery\/carnaval-venitien\/thumbs\/thumbs_MG_8591-Copier.JPG\"\n\t\t\t\t\twidth=\"120\"\n\t\t\t\t\theight=\"90\"\n\t\t\t\t\tstyle=\"max-width:100%;\"\n\t\t\t\t\/>\n\t\t\t<\/a>\n\t\t<\/div>\n\t\t\t\t\t\t\t<\/div> \n\t\t\t\n\t\t\n\t\t\t\t<div id=\"ngg-image-4\" class=\"ngg-gallery-thumbnail-box\" \n\t\t\t\t\t\t\t\t\t\t\t>\n\t\t\t\t\t\t<div class=\"ngg-gallery-thumbnail\">\n\t\t\t<a href=\"http:\/\/www.photovoyage.fr\/blog\/wp-content\/gallery\/carnaval-venitien\/MG_8596_ret-Copier.jpg\"\n\t\t\t\ttitle=\"Carnaval venitien d&#039;Yvoire 2015\"\n\t\t\t\tdata-src=\"http:\/\/www.photovoyage.fr\/blog\/wp-content\/gallery\/carnaval-venitien\/MG_8596_ret-Copier.jpg\"\n\t\t\t\tdata-thumbnail=\"http:\/\/www.photovoyage.fr\/blog\/wp-content\/gallery\/carnaval-venitien\/thumbs\/thumbs_MG_8596_ret-Copier.jpg\"\n\t\t\t\tdata-image-id=\"192\"\n\t\t\t\tdata-title=\"_MG_8596_ret (Copier).jpg\"\n\t\t\t\tdata-description=\"Carnaval venitien d&#039;Yvoire 2015\"\n\t\t\t\tdata-image-slug=\"_mg_8596_ret-copier-jpg\"\n\t\t\t\tclass=\"ngg-fancybox\" rel=\"6cead0a4eb868a5605a9a9e987f38007\">\n\t\t\t\t<img\n\t\t\t\t\ttitle=\"_MG_8596_ret (Copier).jpg\"\n\t\t\t\t\talt=\"_MG_8596_ret (Copier).jpg\"\n\t\t\t\t\tsrc=\"http:\/\/www.photovoyage.fr\/blog\/wp-content\/gallery\/carnaval-venitien\/thumbs\/thumbs_MG_8596_ret-Copier.jpg\"\n\t\t\t\t\twidth=\"120\"\n\t\t\t\t\theight=\"90\"\n\t\t\t\t\tstyle=\"max-width:100%;\"\n\t\t\t\t\/>\n\t\t\t<\/a>\n\t\t<\/div>\n\t\t\t\t\t\t\t<\/div> \n\t\t\t\n\t\t\n\t\t\t\t<div id=\"ngg-image-5\" class=\"ngg-gallery-thumbnail-box\" \n\t\t\t\t\t\t\t\t\t\t\t>\n\t\t\t\t\t\t<div class=\"ngg-gallery-thumbnail\">\n\t\t\t<a href=\"http:\/\/www.photovoyage.fr\/blog\/wp-content\/gallery\/carnaval-venitien\/MG_8632-Copier.JPG\"\n\t\t\t\ttitle=\"Carnaval venitien d&#039;Yvoire 2015\"\n\t\t\t\tdata-src=\"http:\/\/www.photovoyage.fr\/blog\/wp-content\/gallery\/carnaval-venitien\/MG_8632-Copier.JPG\"\n\t\t\t\tdata-thumbnail=\"http:\/\/www.photovoyage.fr\/blog\/wp-content\/gallery\/carnaval-venitien\/thumbs\/thumbs_MG_8632-Copier.JPG\"\n\t\t\t\tdata-image-id=\"193\"\n\t\t\t\tdata-title=\"_MG_8632 (Copier).JPG\"\n\t\t\t\tdata-description=\"Carnaval venitien d&#039;Yvoire 2015\"\n\t\t\t\tdata-image-slug=\"_mg_8632-copier-jpg\"\n\t\t\t\tclass=\"ngg-fancybox\" rel=\"6cead0a4eb868a5605a9a9e987f38007\">\n\t\t\t\t<img\n\t\t\t\t\ttitle=\"_MG_8632 (Copier).JPG\"\n\t\t\t\t\talt=\"_MG_8632 (Copier).JPG\"\n\t\t\t\t\tsrc=\"http:\/\/www.photovoyage.fr\/blog\/wp-content\/gallery\/carnaval-venitien\/thumbs\/thumbs_MG_8632-Copier.JPG\"\n\t\t\t\t\twidth=\"120\"\n\t\t\t\t\theight=\"90\"\n\t\t\t\t\tstyle=\"max-width:100%;\"\n\t\t\t\t\/>\n\t\t\t<\/a>\n\t\t<\/div>\n\t\t\t\t\t\t\t<\/div> \n\t\t\t\n\t\t\n\t\t\t\t<div id=\"ngg-image-6\" class=\"ngg-gallery-thumbnail-box\" \n\t\t\t\t\t\t\t\t\t\t\t>\n\t\t\t\t\t\t<div class=\"ngg-gallery-thumbnail\">\n\t\t\t<a href=\"http:\/\/www.photovoyage.fr\/blog\/wp-content\/gallery\/carnaval-venitien\/MG_8597-Copier.JPG\"\n\t\t\t\ttitle=\"Carnaval venitien d&#039;Yvoire 2015\"\n\t\t\t\tdata-src=\"http:\/\/www.photovoyage.fr\/blog\/wp-content\/gallery\/carnaval-venitien\/MG_8597-Copier.JPG\"\n\t\t\t\tdata-thumbnail=\"http:\/\/www.photovoyage.fr\/blog\/wp-content\/gallery\/carnaval-venitien\/thumbs\/thumbs_MG_8597-Copier.JPG\"\n\t\t\t\tdata-image-id=\"194\"\n\t\t\t\tdata-title=\"_MG_8597 (Copier).JPG\"\n\t\t\t\tdata-description=\"Carnaval venitien d&#039;Yvoire 2015\"\n\t\t\t\tdata-image-slug=\"_mg_8597-copier-jpg\"\n\t\t\t\tclass=\"ngg-fancybox\" rel=\"6cead0a4eb868a5605a9a9e987f38007\">\n\t\t\t\t<img\n\t\t\t\t\ttitle=\"_MG_8597 (Copier).JPG\"\n\t\t\t\t\talt=\"_MG_8597 (Copier).JPG\"\n\t\t\t\t\tsrc=\"http:\/\/www.photovoyage.fr\/blog\/wp-content\/gallery\/carnaval-venitien\/thumbs\/thumbs_MG_8597-Copier.JPG\"\n\t\t\t\t\twidth=\"120\"\n\t\t\t\t\theight=\"90\"\n\t\t\t\t\tstyle=\"max-width:100%;\"\n\t\t\t\t\/>\n\t\t\t<\/a>\n\t\t<\/div>\n\t\t\t\t\t\t\t<\/div> \n\t\t\t\n\t\t\n\t\t\t\t<div id=\"ngg-image-7\" class=\"ngg-gallery-thumbnail-box\" \n\t\t\t\t\t\t\t\t\t\t\t>\n\t\t\t\t\t\t<div class=\"ngg-gallery-thumbnail\">\n\t\t\t<a href=\"http:\/\/www.photovoyage.fr\/blog\/wp-content\/gallery\/carnaval-venitien\/MG_8640-Copier.JPG\"\n\t\t\t\ttitle=\"Carnaval venitien d&#039;Yvoire 2015\"\n\t\t\t\tdata-src=\"http:\/\/www.photovoyage.fr\/blog\/wp-content\/gallery\/carnaval-venitien\/MG_8640-Copier.JPG\"\n\t\t\t\tdata-thumbnail=\"http:\/\/www.photovoyage.fr\/blog\/wp-content\/gallery\/carnaval-venitien\/thumbs\/thumbs_MG_8640-Copier.JPG\"\n\t\t\t\tdata-image-id=\"196\"\n\t\t\t\tdata-title=\"_MG_8640 (Copier).JPG\"\n\t\t\t\tdata-description=\"Carnaval venitien d&#039;Yvoire 2015\"\n\t\t\t\tdata-image-slug=\"_mg_8640-copier-jpg\"\n\t\t\t\tclass=\"ngg-fancybox\" rel=\"6cead0a4eb868a5605a9a9e987f38007\">\n\t\t\t\t<img\n\t\t\t\t\ttitle=\"_MG_8640 (Copier).JPG\"\n\t\t\t\t\talt=\"_MG_8640 (Copier).JPG\"\n\t\t\t\t\tsrc=\"http:\/\/www.photovoyage.fr\/blog\/wp-content\/gallery\/carnaval-venitien\/thumbs\/thumbs_MG_8640-Copier.JPG\"\n\t\t\t\t\twidth=\"120\"\n\t\t\t\t\theight=\"90\"\n\t\t\t\t\tstyle=\"max-width:100%;\"\n\t\t\t\t\/>\n\t\t\t<\/a>\n\t\t<\/div>\n\t\t\t\t\t\t\t<\/div> \n\t\t\t\n\t\t\n\t\t\t\t<div id=\"ngg-image-8\" class=\"ngg-gallery-thumbnail-box\" \n\t\t\t\t\t\t\t\t\t\t\t>\n\t\t\t\t\t\t<div class=\"ngg-gallery-thumbnail\">\n\t\t\t<a href=\"http:\/\/www.photovoyage.fr\/blog\/wp-content\/gallery\/carnaval-venitien\/MG_8547-Copier.JPG\"\n\t\t\t\ttitle=\"Carnaval venitien d&#039;Yvoire 2015\"\n\t\t\t\tdata-src=\"http:\/\/www.photovoyage.fr\/blog\/wp-content\/gallery\/carnaval-venitien\/MG_8547-Copier.JPG\"\n\t\t\t\tdata-thumbnail=\"http:\/\/www.photovoyage.fr\/blog\/wp-content\/gallery\/carnaval-venitien\/thumbs\/thumbs_MG_8547-Copier.JPG\"\n\t\t\t\tdata-image-id=\"197\"\n\t\t\t\tdata-title=\"_MG_8547 (Copier).JPG\"\n\t\t\t\tdata-description=\"Carnaval venitien d&#039;Yvoire 2015\"\n\t\t\t\tdata-image-slug=\"_mg_8547-copier-jpg\"\n\t\t\t\tclass=\"ngg-fancybox\" rel=\"6cead0a4eb868a5605a9a9e987f38007\">\n\t\t\t\t<img\n\t\t\t\t\ttitle=\"_MG_8547 (Copier).JPG\"\n\t\t\t\t\talt=\"_MG_8547 (Copier).JPG\"\n\t\t\t\t\tsrc=\"http:\/\/www.photovoyage.fr\/blog\/wp-content\/gallery\/carnaval-venitien\/thumbs\/thumbs_MG_8547-Copier.JPG\"\n\t\t\t\t\twidth=\"120\"\n\t\t\t\t\theight=\"90\"\n\t\t\t\t\tstyle=\"max-width:100%;\"\n\t\t\t\t\/>\n\t\t\t<\/a>\n\t\t<\/div>\n\t\t\t\t\t\t\t<\/div> \n\t\t\t\n\t\t\n\t\t\t\t<div id=\"ngg-image-9\" class=\"ngg-gallery-thumbnail-box\" \n\t\t\t\t\t\t\t\t\t\t\t>\n\t\t\t\t\t\t<div class=\"ngg-gallery-thumbnail\">\n\t\t\t<a href=\"http:\/\/www.photovoyage.fr\/blog\/wp-content\/gallery\/carnaval-venitien\/MG_8580-copie-Copier.jpg\"\n\t\t\t\ttitle=\"Carnaval venitien d&#039;Yvoire 2015\"\n\t\t\t\tdata-src=\"http:\/\/www.photovoyage.fr\/blog\/wp-content\/gallery\/carnaval-venitien\/MG_8580-copie-Copier.jpg\"\n\t\t\t\tdata-thumbnail=\"http:\/\/www.photovoyage.fr\/blog\/wp-content\/gallery\/carnaval-venitien\/thumbs\/thumbs_MG_8580-copie-Copier.jpg\"\n\t\t\t\tdata-image-id=\"195\"\n\t\t\t\tdata-title=\"_MG_8580 copie (Copier).jpg\"\n\t\t\t\tdata-description=\"Carnaval venitien d&#039;Yvoire 2015\"\n\t\t\t\tdata-image-slug=\"_mg_8580-copie-copier-jpg\"\n\t\t\t\tclass=\"ngg-fancybox\" rel=\"6cead0a4eb868a5605a9a9e987f38007\">\n\t\t\t\t<img\n\t\t\t\t\ttitle=\"_MG_8580 copie (Copier).jpg\"\n\t\t\t\t\talt=\"_MG_8580 copie (Copier).jpg\"\n\t\t\t\t\tsrc=\"http:\/\/www.photovoyage.fr\/blog\/wp-content\/gallery\/carnaval-venitien\/thumbs\/thumbs_MG_8580-copie-Copier.jpg\"\n\t\t\t\t\twidth=\"120\"\n\t\t\t\t\theight=\"90\"\n\t\t\t\t\tstyle=\"max-width:100%;\"\n\t\t\t\t\/>\n\t\t\t<\/a>\n\t\t<\/div>\n\t\t\t\t\t\t\t<\/div> \n\t\t\t\n\t\t\n\t\t\t\t<div id=\"ngg-image-10\" class=\"ngg-gallery-thumbnail-box\" \n\t\t\t\t\t\t\t\t\t\t\t>\n\t\t\t\t\t\t<div class=\"ngg-gallery-thumbnail\">\n\t\t\t<a href=\"http:\/\/www.photovoyage.fr\/blog\/wp-content\/gallery\/carnaval-venitien\/MG_8536-Copier.JPG\"\n\t\t\t\ttitle=\"Carnaval venitien d&#039;Yvoire 2015\"\n\t\t\t\tdata-src=\"http:\/\/www.photovoyage.fr\/blog\/wp-content\/gallery\/carnaval-venitien\/MG_8536-Copier.JPG\"\n\t\t\t\tdata-thumbnail=\"http:\/\/www.photovoyage.fr\/blog\/wp-content\/gallery\/carnaval-venitien\/thumbs\/thumbs_MG_8536-Copier.JPG\"\n\t\t\t\tdata-image-id=\"198\"\n\t\t\t\tdata-title=\"_MG_8536 (Copier).JPG\"\n\t\t\t\tdata-description=\"Carnaval venitien d&#039;Yvoire 2015\"\n\t\t\t\tdata-image-slug=\"_mg_8536-copier-jpg\"\n\t\t\t\tclass=\"ngg-fancybox\" rel=\"6cead0a4eb868a5605a9a9e987f38007\">\n\t\t\t\t<img\n\t\t\t\t\ttitle=\"_MG_8536 (Copier).JPG\"\n\t\t\t\t\talt=\"_MG_8536 (Copier).JPG\"\n\t\t\t\t\tsrc=\"http:\/\/www.photovoyage.fr\/blog\/wp-content\/gallery\/carnaval-venitien\/thumbs\/thumbs_MG_8536-Copier.JPG\"\n\t\t\t\t\twidth=\"120\"\n\t\t\t\t\theight=\"90\"\n\t\t\t\t\tstyle=\"max-width:100%;\"\n\t\t\t\t\/>\n\t\t\t<\/a>\n\t\t<\/div>\n\t\t\t\t\t\t\t<\/div> \n\t\t\t\n\t\t\n\t\t\t\t<div id=\"ngg-image-11\" class=\"ngg-gallery-thumbnail-box\" \n\t\t\t\t\t\t\t\t\t\t\t>\n\t\t\t\t\t\t<div class=\"ngg-gallery-thumbnail\">\n\t\t\t<a href=\"http:\/\/www.photovoyage.fr\/blog\/wp-content\/gallery\/carnaval-venitien\/MG_8537-Copier.JPG\"\n\t\t\t\ttitle=\"Carnaval venitien d&#039;Yvoire 2015\"\n\t\t\t\tdata-src=\"http:\/\/www.photovoyage.fr\/blog\/wp-content\/gallery\/carnaval-venitien\/MG_8537-Copier.JPG\"\n\t\t\t\tdata-thumbnail=\"http:\/\/www.photovoyage.fr\/blog\/wp-content\/gallery\/carnaval-venitien\/thumbs\/thumbs_MG_8537-Copier.JPG\"\n\t\t\t\tdata-image-id=\"199\"\n\t\t\t\tdata-title=\"_MG_8537 (Copier).JPG\"\n\t\t\t\tdata-description=\"Carnaval venitien d&#039;Yvoire 2015\"\n\t\t\t\tdata-image-slug=\"_mg_8537-copier-jpg\"\n\t\t\t\tclass=\"ngg-fancybox\" rel=\"6cead0a4eb868a5605a9a9e987f38007\">\n\t\t\t\t<img\n\t\t\t\t\ttitle=\"_MG_8537 (Copier).JPG\"\n\t\t\t\t\talt=\"_MG_8537 (Copier).JPG\"\n\t\t\t\t\tsrc=\"http:\/\/www.photovoyage.fr\/blog\/wp-content\/gallery\/carnaval-venitien\/thumbs\/thumbs_MG_8537-Copier.JPG\"\n\t\t\t\t\twidth=\"120\"\n\t\t\t\t\theight=\"90\"\n\t\t\t\t\tstyle=\"max-width:100%;\"\n\t\t\t\t\/>\n\t\t\t<\/a>\n\t\t<\/div>\n\t\t\t\t\t\t\t<\/div> \n\t\t\t\n\t\t\n\t\t\t\t<div id=\"ngg-image-12\" class=\"ngg-gallery-thumbnail-box\" \n\t\t\t\t\t\t\t\t\t\t\t>\n\t\t\t\t\t\t<div class=\"ngg-gallery-thumbnail\">\n\t\t\t<a href=\"http:\/\/www.photovoyage.fr\/blog\/wp-content\/gallery\/carnaval-venitien\/MG_8564-Copier.JPG\"\n\t\t\t\ttitle=\"Carnaval venitien d&#039;Yvoire 2015\"\n\t\t\t\tdata-src=\"http:\/\/www.photovoyage.fr\/blog\/wp-content\/gallery\/carnaval-venitien\/MG_8564-Copier.JPG\"\n\t\t\t\tdata-thumbnail=\"http:\/\/www.photovoyage.fr\/blog\/wp-content\/gallery\/carnaval-venitien\/thumbs\/thumbs_MG_8564-Copier.JPG\"\n\t\t\t\tdata-image-id=\"200\"\n\t\t\t\tdata-title=\"_MG_8564 (Copier).JPG\"\n\t\t\t\tdata-description=\"Carnaval venitien d&#039;Yvoire 2015\"\n\t\t\t\tdata-image-slug=\"_mg_8564-copier-jpg\"\n\t\t\t\tclass=\"ngg-fancybox\" rel=\"6cead0a4eb868a5605a9a9e987f38007\">\n\t\t\t\t<img\n\t\t\t\t\ttitle=\"_MG_8564 (Copier).JPG\"\n\t\t\t\t\talt=\"_MG_8564 (Copier).JPG\"\n\t\t\t\t\tsrc=\"http:\/\/www.photovoyage.fr\/blog\/wp-content\/gallery\/carnaval-venitien\/thumbs\/thumbs_MG_8564-Copier.JPG\"\n\t\t\t\t\twidth=\"120\"\n\t\t\t\t\theight=\"90\"\n\t\t\t\t\tstyle=\"max-width:100%;\"\n\t\t\t\t\/>\n\t\t\t<\/a>\n\t\t<\/div>\n\t\t\t\t\t\t\t<\/div> \n\t\t\t\n\t\t\n\t\t\t\t<div id=\"ngg-image-13\" class=\"ngg-gallery-thumbnail-box\" \n\t\t\t\t\t\t\t\t\t\t\t>\n\t\t\t\t\t\t<div class=\"ngg-gallery-thumbnail\">\n\t\t\t<a href=\"http:\/\/www.photovoyage.fr\/blog\/wp-content\/gallery\/carnaval-venitien\/MG_8586-Copier.JPG\"\n\t\t\t\ttitle=\"Carnaval venitien d&#039;Yvoire 2015\"\n\t\t\t\tdata-src=\"http:\/\/www.photovoyage.fr\/blog\/wp-content\/gallery\/carnaval-venitien\/MG_8586-Copier.JPG\"\n\t\t\t\tdata-thumbnail=\"http:\/\/www.photovoyage.fr\/blog\/wp-content\/gallery\/carnaval-venitien\/thumbs\/thumbs_MG_8586-Copier.JPG\"\n\t\t\t\tdata-image-id=\"201\"\n\t\t\t\tdata-title=\"_MG_8586 (Copier).JPG\"\n\t\t\t\tdata-description=\"Carnaval venitien d&#039;Yvoire 2015\"\n\t\t\t\tdata-image-slug=\"_mg_8586-copier-jpg-1\"\n\t\t\t\tclass=\"ngg-fancybox\" rel=\"6cead0a4eb868a5605a9a9e987f38007\">\n\t\t\t\t<img\n\t\t\t\t\ttitle=\"_MG_8586 (Copier).JPG\"\n\t\t\t\t\talt=\"_MG_8586 (Copier).JPG\"\n\t\t\t\t\tsrc=\"http:\/\/www.photovoyage.fr\/blog\/wp-content\/gallery\/carnaval-venitien\/thumbs\/thumbs_MG_8586-Copier.JPG\"\n\t\t\t\t\twidth=\"120\"\n\t\t\t\t\theight=\"90\"\n\t\t\t\t\tstyle=\"max-width:100%;\"\n\t\t\t\t\/>\n\t\t\t<\/a>\n\t\t<\/div>\n\t\t\t\t\t\t\t<\/div> \n\t\t\t\n\t\t\n\t\t\n\t\t<!-- Pagination -->\n\t\t<div class='ngg-clear'><\/div>\t<\/div>\n<\/p>\n<p>Vous avez r\u00e2t\u00e9 le carnaval d&rsquo;Yvoire. Pas d&rsquo;inqui\u00e9tude. Vous devriez pouvoir avoir une s\u00e9ance de rattrapage :<\/p>\n<p><a title=\"Planning\" href=\"http:\/\/reveries-venitiennes.fr\/ALL\/lireArticle.php?id=27&amp;PHPSESSID=a5b3bf02ffe94797e003b70534a445d5\" target=\"_blank\">Voir le planning des diff\u00e9rents carnavals<\/a><\/p>\n<p>Retrouvez aussi nos photos du vrai <a title=\"A la d\u00e9couverte du Carnaval de Venise\" href=\"http:\/\/www.photovoyage.fr\/blog\/decouverte-du-carnaval-venise\/\">carnaval de Venise<\/a> prises en 2010.<\/p>\n","protected":false},"excerpt":{"rendered":"<p>La magie du carnaval venitien s&rsquo;est abattue sur Yvoire ce week-end. Le village m\u00e9di\u00e9val situ\u00e9 sur les bords du L\u00e9man a vu ses rues travers\u00e9es par des visiteurs aux costumes qui rivalisaient de beaut\u00e9. C&rsquo;est l&rsquo;association R\u00eaveries V\u00e9nitiennes (http:\/\/reveries-venitiennes.fr\/) qui nous a offert ce voyage au coeur du carnaval de Venise. Cette association de passionn\u00e9s &hellip;<\/p>\n","protected":false},"author":1,"featured_media":867,"comment_status":"open","ping_status":"open","sticky":false,"template":"","format":"standard","meta":{"ngg_post_thumbnail":0,"footnotes":""},"categories":[11],"tags":[32,12],"class_list":["post-865","post","type-post","status-publish","format-standard","has-post-thumbnail","hentry","category-escapades","tag-carnaval","tag-yvoire","entry entry-center"],"yoast_head":"<!-- This site is optimized with the Yoast SEO plugin v24.1 - https:\/\/yoast.com\/wordpress\/plugins\/seo\/ -->\n<title>Carnaval venitien d&#039;Yvoire - photovoyage.fr<\/title>\n<meta name=\"description\" content=\"Quelques photos du carnaval venitien de Venise d&#039;Yvoire sur les bords du L\u00e9man qui s&#039;est d\u00e9roul\u00e9 les 9 et 10 mai 2015. Un magnifique spectacle et un air de Venise.\" \/>\n<meta name=\"robots\" content=\"index, follow, max-snippet:-1, max-image-preview:large, max-video-preview:-1\" \/>\n<link rel=\"canonical\" href=\"http:\/\/www.photovoyage.fr\/blog\/carnaval-venitien-dyvoire\/\" \/>\n<meta property=\"og:locale\" content=\"fr_FR\" \/>\n<meta property=\"og:type\" content=\"article\" \/>\n<meta property=\"og:title\" content=\"Carnaval venitien d&#039;Yvoire - photovoyage.fr\" \/>\n<meta property=\"og:description\" content=\"Quelques photos du carnaval venitien de Venise d&#039;Yvoire sur les bords du L\u00e9man qui s&#039;est d\u00e9roul\u00e9 les 9 et 10 mai 2015. Un magnifique spectacle et un air de Venise.\" \/>\n<meta property=\"og:url\" content=\"http:\/\/www.photovoyage.fr\/blog\/carnaval-venitien-dyvoire\/\" \/>\n<meta property=\"og:site_name\" content=\"photovoyage.fr\" \/>\n<meta property=\"article:published_time\" content=\"2015-05-13T20:38:40+00:00\" \/>\n<meta property=\"article:modified_time\" content=\"2015-05-14T06:45:02+00:00\" \/>\n<meta property=\"og:image\" content=\"http:\/\/www.photovoyage.fr\/blog\/wp-content\/uploads\/ngg_featured\/MG_8553-Copier.JPG\" \/>\n\t<meta property=\"og:image:width\" content=\"800\" \/>\n\t<meta property=\"og:image:height\" content=\"533\" \/>\n\t<meta property=\"og:image:type\" content=\"image\/jpeg\" \/>\n<meta name=\"author\" content=\"photovoyage\" \/>\n<meta name=\"twitter:label1\" content=\"\u00c9crit par\" \/>\n\t<meta name=\"twitter:data1\" content=\"photovoyage\" \/>\n\t<meta name=\"twitter:label2\" content=\"Dur\u00e9e de lecture estim\u00e9e\" \/>\n\t<meta name=\"twitter:data2\" content=\"1 minute\" \/>\n<script type=\"application\/ld+json\" class=\"yoast-schema-graph\">{\"@context\":\"https:\/\/schema.org\",\"@graph\":[{\"@type\":\"Article\",\"@id\":\"http:\/\/www.photovoyage.fr\/blog\/carnaval-venitien-dyvoire\/#article\",\"isPartOf\":{\"@id\":\"http:\/\/www.photovoyage.fr\/blog\/carnaval-venitien-dyvoire\/\"},\"author\":{\"name\":\"photovoyage\",\"@id\":\"http:\/\/www.photovoyage.fr\/blog\/#\/schema\/person\/a6600656ccdd05f7a4132987c28fc4ac\"},\"headline\":\"Carnaval venitien d&rsquo;Yvoire\",\"datePublished\":\"2015-05-13T20:38:40+00:00\",\"dateModified\":\"2015-05-14T06:45:02+00:00\",\"mainEntityOfPage\":{\"@id\":\"http:\/\/www.photovoyage.fr\/blog\/carnaval-venitien-dyvoire\/\"},\"wordCount\":152,\"commentCount\":0,\"publisher\":{\"@id\":\"http:\/\/www.photovoyage.fr\/blog\/#\/schema\/person\/a6600656ccdd05f7a4132987c28fc4ac\"},\"image\":{\"@id\":\"http:\/\/www.photovoyage.fr\/blog\/carnaval-venitien-dyvoire\/#primaryimage\"},\"thumbnailUrl\":\"http:\/\/www.photovoyage.fr\/blog\/wp-content\/uploads\/ngg_featured\/MG_8553-Copier.JPG\",\"keywords\":[\"Carnaval\",\"Yvoire\"],\"articleSection\":[\"Escapades\"],\"inLanguage\":\"fr-FR\",\"potentialAction\":[{\"@type\":\"CommentAction\",\"name\":\"Comment\",\"target\":[\"http:\/\/www.photovoyage.fr\/blog\/carnaval-venitien-dyvoire\/#respond\"]}]},{\"@type\":\"WebPage\",\"@id\":\"http:\/\/www.photovoyage.fr\/blog\/carnaval-venitien-dyvoire\/\",\"url\":\"http:\/\/www.photovoyage.fr\/blog\/carnaval-venitien-dyvoire\/\",\"name\":\"Carnaval venitien d'Yvoire - photovoyage.fr\",\"isPartOf\":{\"@id\":\"http:\/\/www.photovoyage.fr\/blog\/#website\"},\"primaryImageOfPage\":{\"@id\":\"http:\/\/www.photovoyage.fr\/blog\/carnaval-venitien-dyvoire\/#primaryimage\"},\"image\":{\"@id\":\"http:\/\/www.photovoyage.fr\/blog\/carnaval-venitien-dyvoire\/#primaryimage\"},\"thumbnailUrl\":\"http:\/\/www.photovoyage.fr\/blog\/wp-content\/uploads\/ngg_featured\/MG_8553-Copier.JPG\",\"datePublished\":\"2015-05-13T20:38:40+00:00\",\"dateModified\":\"2015-05-14T06:45:02+00:00\",\"description\":\"Quelques photos du carnaval venitien de Venise d'Yvoire sur les bords du L\u00e9man qui s'est d\u00e9roul\u00e9 les 9 et 10 mai 2015. Un magnifique spectacle et un air de Venise.\",\"breadcrumb\":{\"@id\":\"http:\/\/www.photovoyage.fr\/blog\/carnaval-venitien-dyvoire\/#breadcrumb\"},\"inLanguage\":\"fr-FR\",\"potentialAction\":[{\"@type\":\"ReadAction\",\"target\":[\"http:\/\/www.photovoyage.fr\/blog\/carnaval-venitien-dyvoire\/\"]}]},{\"@type\":\"ImageObject\",\"inLanguage\":\"fr-FR\",\"@id\":\"http:\/\/www.photovoyage.fr\/blog\/carnaval-venitien-dyvoire\/#primaryimage\",\"url\":\"http:\/\/www.photovoyage.fr\/blog\/wp-content\/uploads\/ngg_featured\/MG_8553-Copier.JPG\",\"contentUrl\":\"http:\/\/www.photovoyage.fr\/blog\/wp-content\/uploads\/ngg_featured\/MG_8553-Copier.JPG\",\"width\":800,\"height\":533},{\"@type\":\"BreadcrumbList\",\"@id\":\"http:\/\/www.photovoyage.fr\/blog\/carnaval-venitien-dyvoire\/#breadcrumb\",\"itemListElement\":[{\"@type\":\"ListItem\",\"position\":1,\"name\":\"Accueil\",\"item\":\"http:\/\/www.photovoyage.fr\/blog\/\"},{\"@type\":\"ListItem\",\"position\":2,\"name\":\"Carnaval venitien d&rsquo;Yvoire\"}]},{\"@type\":\"WebSite\",\"@id\":\"http:\/\/www.photovoyage.fr\/blog\/#website\",\"url\":\"http:\/\/www.photovoyage.fr\/blog\/\",\"name\":\"photovoyage.fr\",\"description\":\"La passion de la photo et du voyage. Retrouvez ici nos r\u00e9cits de voyages et nos photos.\",\"publisher\":{\"@id\":\"http:\/\/www.photovoyage.fr\/blog\/#\/schema\/person\/a6600656ccdd05f7a4132987c28fc4ac\"},\"potentialAction\":[{\"@type\":\"SearchAction\",\"target\":{\"@type\":\"EntryPoint\",\"urlTemplate\":\"http:\/\/www.photovoyage.fr\/blog\/?s={search_term_string}\"},\"query-input\":{\"@type\":\"PropertyValueSpecification\",\"valueRequired\":true,\"valueName\":\"search_term_string\"}}],\"inLanguage\":\"fr-FR\"},{\"@type\":[\"Person\",\"Organization\"],\"@id\":\"http:\/\/www.photovoyage.fr\/blog\/#\/schema\/person\/a6600656ccdd05f7a4132987c28fc4ac\",\"name\":\"photovoyage\",\"image\":{\"@type\":\"ImageObject\",\"inLanguage\":\"fr-FR\",\"@id\":\"http:\/\/www.photovoyage.fr\/blog\/#\/schema\/person\/image\/\",\"url\":\"http:\/\/www.photovoyage.fr\/blog\/wp-content\/uploads\/2018\/04\/cropped-cropped-logo3.jpg\",\"contentUrl\":\"http:\/\/www.photovoyage.fr\/blog\/wp-content\/uploads\/2018\/04\/cropped-cropped-logo3.jpg\",\"width\":873,\"height\":111,\"caption\":\"photovoyage\"},\"logo\":{\"@id\":\"http:\/\/www.photovoyage.fr\/blog\/#\/schema\/person\/image\/\"}}]}<\/script>\n<!-- \/ Yoast SEO plugin. -->","yoast_head_json":{"title":"Carnaval venitien d'Yvoire - photovoyage.fr","description":"Quelques photos du carnaval venitien de Venise d'Yvoire sur les bords du L\u00e9man qui s'est d\u00e9roul\u00e9 les 9 et 10 mai 2015. Un magnifique spectacle et un air de Venise.","robots":{"index":"index","follow":"follow","max-snippet":"max-snippet:-1","max-image-preview":"max-image-preview:large","max-video-preview":"max-video-preview:-1"},"canonical":"http:\/\/www.photovoyage.fr\/blog\/carnaval-venitien-dyvoire\/","og_locale":"fr_FR","og_type":"article","og_title":"Carnaval venitien d'Yvoire - photovoyage.fr","og_description":"Quelques photos du carnaval venitien de Venise d'Yvoire sur les bords du L\u00e9man qui s'est d\u00e9roul\u00e9 les 9 et 10 mai 2015. Un magnifique spectacle et un air de Venise.","og_url":"http:\/\/www.photovoyage.fr\/blog\/carnaval-venitien-dyvoire\/","og_site_name":"photovoyage.fr","article_published_time":"2015-05-13T20:38:40+00:00","article_modified_time":"2015-05-14T06:45:02+00:00","og_image":[{"width":800,"height":533,"url":"http:\/\/www.photovoyage.fr\/blog\/wp-content\/uploads\/ngg_featured\/MG_8553-Copier.JPG","type":"image\/jpeg"}],"author":"photovoyage","twitter_misc":{"\u00c9crit par":"photovoyage","Dur\u00e9e de lecture estim\u00e9e":"1 minute"},"schema":{"@context":"https:\/\/schema.org","@graph":[{"@type":"Article","@id":"http:\/\/www.photovoyage.fr\/blog\/carnaval-venitien-dyvoire\/#article","isPartOf":{"@id":"http:\/\/www.photovoyage.fr\/blog\/carnaval-venitien-dyvoire\/"},"author":{"name":"photovoyage","@id":"http:\/\/www.photovoyage.fr\/blog\/#\/schema\/person\/a6600656ccdd05f7a4132987c28fc4ac"},"headline":"Carnaval venitien d&rsquo;Yvoire","datePublished":"2015-05-13T20:38:40+00:00","dateModified":"2015-05-14T06:45:02+00:00","mainEntityOfPage":{"@id":"http:\/\/www.photovoyage.fr\/blog\/carnaval-venitien-dyvoire\/"},"wordCount":152,"commentCount":0,"publisher":{"@id":"http:\/\/www.photovoyage.fr\/blog\/#\/schema\/person\/a6600656ccdd05f7a4132987c28fc4ac"},"image":{"@id":"http:\/\/www.photovoyage.fr\/blog\/carnaval-venitien-dyvoire\/#primaryimage"},"thumbnailUrl":"http:\/\/www.photovoyage.fr\/blog\/wp-content\/uploads\/ngg_featured\/MG_8553-Copier.JPG","keywords":["Carnaval","Yvoire"],"articleSection":["Escapades"],"inLanguage":"fr-FR","potentialAction":[{"@type":"CommentAction","name":"Comment","target":["http:\/\/www.photovoyage.fr\/blog\/carnaval-venitien-dyvoire\/#respond"]}]},{"@type":"WebPage","@id":"http:\/\/www.photovoyage.fr\/blog\/carnaval-venitien-dyvoire\/","url":"http:\/\/www.photovoyage.fr\/blog\/carnaval-venitien-dyvoire\/","name":"Carnaval venitien d'Yvoire - photovoyage.fr","isPartOf":{"@id":"http:\/\/www.photovoyage.fr\/blog\/#website"},"primaryImageOfPage":{"@id":"http:\/\/www.photovoyage.fr\/blog\/carnaval-venitien-dyvoire\/#primaryimage"},"image":{"@id":"http:\/\/www.photovoyage.fr\/blog\/carnaval-venitien-dyvoire\/#primaryimage"},"thumbnailUrl":"http:\/\/www.photovoyage.fr\/blog\/wp-content\/uploads\/ngg_featured\/MG_8553-Copier.JPG","datePublished":"2015-05-13T20:38:40+00:00","dateModified":"2015-05-14T06:45:02+00:00","description":"Quelques photos du carnaval venitien de Venise d'Yvoire sur les bords du L\u00e9man qui s'est d\u00e9roul\u00e9 les 9 et 10 mai 2015. Un magnifique spectacle et un air de Venise.","breadcrumb":{"@id":"http:\/\/www.photovoyage.fr\/blog\/carnaval-venitien-dyvoire\/#breadcrumb"},"inLanguage":"fr-FR","potentialAction":[{"@type":"ReadAction","target":["http:\/\/www.photovoyage.fr\/blog\/carnaval-venitien-dyvoire\/"]}]},{"@type":"ImageObject","inLanguage":"fr-FR","@id":"http:\/\/www.photovoyage.fr\/blog\/carnaval-venitien-dyvoire\/#primaryimage","url":"http:\/\/www.photovoyage.fr\/blog\/wp-content\/uploads\/ngg_featured\/MG_8553-Copier.JPG","contentUrl":"http:\/\/www.photovoyage.fr\/blog\/wp-content\/uploads\/ngg_featured\/MG_8553-Copier.JPG","width":800,"height":533},{"@type":"BreadcrumbList","@id":"http:\/\/www.photovoyage.fr\/blog\/carnaval-venitien-dyvoire\/#breadcrumb","itemListElement":[{"@type":"ListItem","position":1,"name":"Accueil","item":"http:\/\/www.photovoyage.fr\/blog\/"},{"@type":"ListItem","position":2,"name":"Carnaval venitien d&rsquo;Yvoire"}]},{"@type":"WebSite","@id":"http:\/\/www.photovoyage.fr\/blog\/#website","url":"http:\/\/www.photovoyage.fr\/blog\/","name":"photovoyage.fr","description":"La passion de la photo et du voyage. Retrouvez ici nos r\u00e9cits de voyages et nos photos.","publisher":{"@id":"http:\/\/www.photovoyage.fr\/blog\/#\/schema\/person\/a6600656ccdd05f7a4132987c28fc4ac"},"potentialAction":[{"@type":"SearchAction","target":{"@type":"EntryPoint","urlTemplate":"http:\/\/www.photovoyage.fr\/blog\/?s={search_term_string}"},"query-input":{"@type":"PropertyValueSpecification","valueRequired":true,"valueName":"search_term_string"}}],"inLanguage":"fr-FR"},{"@type":["Person","Organization"],"@id":"http:\/\/www.photovoyage.fr\/blog\/#\/schema\/person\/a6600656ccdd05f7a4132987c28fc4ac","name":"photovoyage","image":{"@type":"ImageObject","inLanguage":"fr-FR","@id":"http:\/\/www.photovoyage.fr\/blog\/#\/schema\/person\/image\/","url":"http:\/\/www.photovoyage.fr\/blog\/wp-content\/uploads\/2018\/04\/cropped-cropped-logo3.jpg","contentUrl":"http:\/\/www.photovoyage.fr\/blog\/wp-content\/uploads\/2018\/04\/cropped-cropped-logo3.jpg","width":873,"height":111,"caption":"photovoyage"},"logo":{"@id":"http:\/\/www.photovoyage.fr\/blog\/#\/schema\/person\/image\/"}}]}},"_links":{"self":[{"href":"http:\/\/www.photovoyage.fr\/blog\/wp-json\/wp\/v2\/posts\/865","targetHints":{"allow":["GET"]}}],"collection":[{"href":"http:\/\/www.photovoyage.fr\/blog\/wp-json\/wp\/v2\/posts"}],"about":[{"href":"http:\/\/www.photovoyage.fr\/blog\/wp-json\/wp\/v2\/types\/post"}],"author":[{"embeddable":true,"href":"http:\/\/www.photovoyage.fr\/blog\/wp-json\/wp\/v2\/users\/1"}],"replies":[{"embeddable":true,"href":"http:\/\/www.photovoyage.fr\/blog\/wp-json\/wp\/v2\/comments?post=865"}],"version-history":[{"count":0,"href":"http:\/\/www.photovoyage.fr\/blog\/wp-json\/wp\/v2\/posts\/865\/revisions"}],"wp:featuredmedia":[{"embeddable":true,"href":"http:\/\/www.photovoyage.fr\/blog\/wp-json\/wp\/v2\/media\/867"}],"wp:attachment":[{"href":"http:\/\/www.photovoyage.fr\/blog\/wp-json\/wp\/v2\/media?parent=865"}],"wp:term":[{"taxonomy":"category","embeddable":true,"href":"http:\/\/www.photovoyage.fr\/blog\/wp-json\/wp\/v2\/categories?post=865"},{"taxonomy":"post_tag","embeddable":true,"href":"http:\/\/www.photovoyage.fr\/blog\/wp-json\/wp\/v2\/tags?post=865"}],"curies":[{"name":"wp","href":"https:\/\/api.w.org\/{rel}","templated":true}]}}